{"id":159774,"date":"2020-05-06T17:03:35","date_gmt":"2020-05-06T20:03:35","guid":{"rendered":"https:\/\/diarioregionaldigital.com.br\/?p=159774"},"modified":"2020-05-06T17:03:35","modified_gmt":"2020-05-06T20:03:35","slug":"secretario-de-saude-pede-paciencia-em-relacao-ao-controle-do-isolamento-em-minas","status":"publish","type":"post","link":"https:\/\/diarioregionaldigital.com.br\/?p=159774","title":{"rendered":"Secret\u00e1rio de Sa\u00fade pede paci\u00eancia em rela\u00e7\u00e3o ao controle do isolamento em Minas"},"content":{"rendered":"<p>O secret\u00e1rio de Estado de\u00a0Sa\u00fade\u00a0de Minas Gerais, Carlos Eduardo Amaral, voltou a pedir paci\u00eancia em rela\u00e7\u00e3o \u00e0s inten\u00e7\u00f5es de eventual flexibiliza\u00e7\u00e3o das medidas de distanciamento social. Durante entrevista coletiva virtual, na tarde desta quarta-feira (6\/5), o gestor chegou a comparar o enfrentamento \u00e0 covid-19 a uma maratona, uma prova de longa dura\u00e7\u00e3o. Na ocasi\u00e3o, citou o papel do programa Minas Consciente como ferramenta de coordena\u00e7\u00e3o e estabelecimento de padr\u00f5es de isolamento e distanciamento de forma efetiva.<\/p>\n<p>Amaral tamb\u00e9m mencionou o andamento da estrutura\u00e7\u00e3o da rede de Sa\u00fade no territ\u00f3rio do estado, em n\u00edveis micro e macrorregionais. \u201cTemos um caminho bem tra\u00e7ado. Recebemos os planos de conting\u00eancia elaborados para as regi\u00f5es de Sa\u00fade. Faremos ainda alguns ajustes, mas estamos avan\u00e7ando na adapta\u00e7\u00e3o dos servi\u00e7os para termos a menor press\u00e3o poss\u00edvel sobre o sistema por conta da covid-19\u201d, declarou.<\/p>\n<p>As proje\u00e7\u00f5es estimadas para o pico de cont\u00e1gio e a demanda por leitos tamb\u00e9m foram tratadas na coletiva. Segundo o secret\u00e1rio, os c\u00e1lculos atuais s\u00e3o de que, em 6 de junho, 3 mil pessoas sejam acometidas pela doen\u00e7a e outras 1,5 mil precisem de terapia intensiva. \u201cO ideal \u00e9 n\u00e3o ter nenhum pico, queremos ir diluindo isso ao longo do tempo, mas os fatores s\u00e3o din\u00e2micos. Qualquer altera\u00e7\u00e3o na trajet\u00f3ria da velocidade de cont\u00e1gio pode modificar essas proje\u00e7\u00f5es e gerar muito estresse sobre a rede de Sa\u00fade\u201d, explicou.<\/p>\n<p><strong>N\u00fameros<\/strong><\/p>\n<p>No momento, h\u00e1 2.605 casos confirmados da doen\u00e7a e 97 mortes em Minas Gerais. Outros 109 \u00f3bitos est\u00e3o em investiga\u00e7\u00e3o e 479 foram descartados. Para Amaral, o n\u00famero de descartes vem aumentando, o que demonstra que a an\u00e1lise sobre os novos casos tem sido dada em tempo razo\u00e1vel. \u201c\u00c9 um trabalho de avalia\u00e7\u00e3o bastante laborioso, de checagem de informa\u00e7\u00f5es, para que possamos ter os dados publicados da forma mais precisa poss\u00edvel\u201d, frisou.<\/p>\n<p>Em rela\u00e7\u00e3o aos motivos que justificam os \u00edndices relativamente baixos da doen\u00e7a em Minas, no comparativo com outros estados, o secret\u00e1rio acredita que um conjunto de fatores contribuiu para essa situa\u00e7\u00e3o epidemiol\u00f3gica: um isolamento em momento oportuno, acompanhado de bom n\u00edvel de ades\u00e3o social e pessoas adotando maior cuidado com higiene das m\u00e3os e prote\u00e7\u00e3o, utilizando m\u00e1scaras.<\/p>\n<p>Ao comentar sobre o interior do estado, o secret\u00e1rio considerou a possibilidade de que o distanciamento natural entre esses munic\u00edpios possa ter contribu\u00eddo com a menor circula\u00e7\u00e3o de pessoas. No entanto, essa n\u00e3o seria a \u00fanica explica\u00e7\u00e3o para o baixo n\u00famero de casos em cidades menores. \u201cTemos tamb\u00e9m cidades ou grupos de munic\u00edpios com adensamentos populacionais importantes e que tamb\u00e9m n\u00e3o apresentam um n\u00famero de casos t\u00e3o alto. Na nossa avalia\u00e7\u00e3o, h\u00e1 outros fatores que ajudam a ter esse padr\u00e3o em Minas\u201d.<\/p>\n<p>Amaral tamb\u00e9m ressaltou que a S\u00edndrome Respirat\u00f3ria Aguda Grave (SRAG) n\u00e3o \u00e9 um sin\u00f4nimo para a covid-19, uma vez que diversas doen\u00e7as respirat\u00f3rias podem evoluir com quadro da SRAG &#8211;\u00a0como asma, bronquite, pneumonia, tuberculose, intoxica\u00e7\u00e3o ex\u00f3gena, edema agudo de pulm\u00e3o, c\u00e2ncer -, al\u00e9m das gripes e da pr\u00f3pria infec\u00e7\u00e3o por coronav\u00edrus.<\/p>\n<p>Qualquer quadro de insufici\u00eancia ou dificuldade respirat\u00f3ria aguda que apresente febre ou sensa\u00e7\u00e3o febril, que tenha exigido hospitaliza\u00e7\u00e3o\u00a0ou\u00a0evolu\u00eddo\u00a0para \u00f3bito por SRAG independentemente de interna\u00e7\u00e3o, \u00e9 notificado como \u201cSRAG hospitalizado\u201d. \u201cO que vimos foi uma notifica\u00e7\u00e3o mais acentuada, que, inclusive, incentivamos, para que, ao menor sinal, pud\u00e9ssemos ter a contabiliza\u00e7\u00e3o desse caso e tomar as medidas que fossem necess\u00e1rias, conforme o plano de conting\u00eancia\u201d, afirmou.<\/p>\n<p>Em rela\u00e7\u00e3o ao programa Minas Consciente, o secret\u00e1rio adjunto de Estado de Sa\u00fade, Marcelo Cabral, lembrou que os munic\u00edpios devem manifestar junto \u00e0\u00a0Secretaria de Estado de Desenvolvimento Econ\u00f4mico (Sede)\u00a0o interesse em aderir ao plano, que funcionar\u00e1 como elemento de coordena\u00e7\u00e3o para o distanciamento social. \u201cA partir da\u00ed, podem ser necess\u00e1rios alguns ajustes, conforme o caso\u201d, lembrou.<\/p>\n<p>&nbsp;<\/p>\n<p><strong>Fonte:\u00a0<\/strong>Ag\u00eancia Minas<\/p>\n","protected":false},"excerpt":{"rendered":"<p>O secret\u00e1rio de Estado de\u00a0Sa\u00fade\u00a0de Minas Gerais, Carlos Eduardo Amaral, voltou a pedir paci\u00eancia em rela\u00e7\u00e3o \u00e0s inten\u00e7\u00f5es de eventual flexibiliza\u00e7\u00e3o das medidas de distanciamento social. Durante entrevista coletiva virtual, na tarde desta quarta-feira (6\/5), o gestor chegou a comparar o enfrentamento \u00e0 covid-19 a uma maratona, uma prova de longa dura\u00e7\u00e3o. Na ocasi\u00e3o, citou [&hellip;]<\/p>\n","protected":false},"author":96,"featured_media":159775,"comment_status":"closed","ping_status":"closed","sticky":false,"template":"","format":"standard","meta":{"footnotes":""},"categories":[436,440,252,439],"tags":[],"class_list":["post-159774","post","type-post","status-publish","format-standard","has-post-thumbnail","hentry","category-destaque-da-semana","category-destaques-do-dia","category-regiao","category-ultima-hora"],"_links":{"self":[{"href":"https:\/\/diarioregionaldigital.com.br\/index.php?rest_route=\/wp\/v2\/posts\/159774","targetHints":{"allow":["GET"]}}],"collection":[{"href":"https:\/\/diarioregionaldigital.com.br\/index.php?rest_route=\/wp\/v2\/posts"}],"about":[{"href":"https:\/\/diarioregionaldigital.com.br\/index.php?rest_route=\/wp\/v2\/types\/post"}],"author":[{"embeddable":true,"href":"https:\/\/diarioregionaldigital.com.br\/index.php?rest_route=\/wp\/v2\/users\/96"}],"replies":[{"embeddable":true,"href":"https:\/\/diarioregionaldigital.com.br\/index.php?rest_route=%2Fwp%2Fv2%2Fcomments&post=159774"}],"version-history":[{"count":0,"href":"https:\/\/diarioregionaldigital.com.br\/index.php?rest_route=\/wp\/v2\/posts\/159774\/revisions"}],"wp:featuredmedia":[{"embeddable":true,"href":"https:\/\/diarioregionaldigital.com.br\/index.php?rest_route=\/wp\/v2\/media\/159775"}],"wp:attachment":[{"href":"https:\/\/diarioregionaldigital.com.br\/index.php?rest_route=%2Fwp%2Fv2%2Fmedia&parent=159774"}],"wp:term":[{"taxonomy":"category","embeddable":true,"href":"https:\/\/diarioregionaldigital.com.br\/index.php?rest_route=%2Fwp%2Fv2%2Fcategories&post=159774"},{"taxonomy":"post_tag","embeddable":true,"href":"https:\/\/diarioregionaldigital.com.br\/index.php?rest_route=%2Fwp%2Fv2%2Ftags&post=159774"}],"curies":[{"name":"wp","href":"https:\/\/api.w.org\/{rel}","templated":true}]}}