{"id":159771,"date":"2020-05-06T16:06:10","date_gmt":"2020-05-06T19:06:10","guid":{"rendered":"https:\/\/diarioregionaldigital.com.br\/?p=159771"},"modified":"2020-05-06T16:06:10","modified_gmt":"2020-05-06T19:06:10","slug":"camara-discute-realidade-das-pessoas-em-situacao-de-rua-durante-pandemia","status":"publish","type":"post","link":"https:\/\/diarioregionaldigital.com.br\/?p=159771","title":{"rendered":"C\u00e2mara discute realidade das pessoas em situa\u00e7\u00e3o de rua durante pandemia"},"content":{"rendered":"<p>Para compreender e participar das estrat\u00e9gias de aten\u00e7\u00e3o \u00e0s pessoas em situa\u00e7\u00e3o de rua e de vulnerabilidade socioecon\u00f4mica durante a Pandemia da COVID-19, vereadores, secret\u00e1ria de Desenvolvimento Social, Tammy Angelina Mendon\u00e7a e, representando a secretaria de Governo, Rodrigo Corr\u00eaa de S\u00e1, debateram e apresentaram propostas para a\u00e7\u00f5es das secretarias. Dentre os assuntos questionados por um dos vereadores proponentes da convoca\u00e7\u00e3o, Juraci Scheffer (PT), estavam alimenta\u00e7\u00f5es di\u00e1rias; centro de acolhimento; disponibiliza\u00e7\u00e3o de \u00e1gua pot\u00e1vel para consumo e higieniza\u00e7\u00e3o; concess\u00e3o de aux\u00edlio moradia; assist\u00eancia m\u00e9dica e hospitalar; parcerias; e disponibilidade de im\u00f3veis p\u00fablicos ou privados para serem utilizados como moradia tempor\u00e1ria.<\/p>\n<p>A coordenadora do Centro de Refer\u00eancia de Direitos Humanos, Fabiane Rabelo, destacou que h\u00e1, atualmente, pela estat\u00edstica da rede de acolhimento, 1200 pessoas &#8211; 400 pessoas a mais do que o contabilizado em 2016, quando eram 800, de acordo com os dados do Diagn\u00f3stico Popula\u00e7\u00e3o de Rua JF. Os n\u00fameros foram contestados pela secret\u00e1ria de Desenvolvimento Social, que apontou ser preciso considerar que o quantitativo divide os n\u00fameros entre catadores, flanelinhas e as pessoas que vivem na rua. Fabiane apresentou ainda alguns dados, um dos quais aponta que est\u00e3o sendo oferecidas 500 refei\u00e7\u00f5es di\u00e1rias. &#8220;O n\u00famero est\u00e1 muito longe de assistir toda pessoa que precisa&#8221;. Sobre o acolhimento pela rede, os dados apresentados em slides apontaram que h\u00e1 250 pessoas assistidas pelos equipamentos da rede. Ela destacou tamb\u00e9m a necessidade de plano para os casos, j\u00e1 existentes, de pessoas com suspeita de COVID-19.<\/p>\n<p>Thammy ressaltou o compromisso social com as pessoas em vulnerabilidade como o sentido fundamental da secretaria. Ela afirmou que o diagn\u00f3stico de que sejam 250 pessoas assistidas precisa ser revisto, mas que n\u00e3o h\u00e1 reflexo de que tampouco sejam 1200 em situa\u00e7\u00e3o de rua. &#8220;N\u00e3o sei quantas h\u00e1, mas \u00e9 poss\u00edvel estimar. Gastamos hoje s\u00f3 com essa popula\u00e7\u00e3o 480 mil\/ m\u00eas, sendo mais de 82% financiados pelo Tesouro Municipal. E nenhum centavo pelo Governo do Estado, e o restante pelo Governo Federal&#8221;. Ela anunciou que Juiz de Fora est\u00e1 entre os munic\u00edpios eleitos pelo Governo Federal para receber a assist\u00eancia de cerca de R$ 3 milh\u00f5es. Al\u00e9m da preocupa\u00e7\u00e3o com adultos, Tammy apresentou que h\u00e1 40 crian\u00e7as acolhidas e em isolamento seguindo os protocolos da Uni\u00e3o, do estado e de \u00f3rg\u00e3os dos Direitos Humanos.<\/p>\n<p>Ainda sobre as alimenta\u00e7\u00f5es, Tammy retificou o dado. &#8220;Hoje estamos ofertando 1645 refei\u00e7\u00f5es &#8211; caf\u00e9 da manh\u00e3, almo\u00e7o, lanche, jantar e ceia. N\u00e3o \u00e9 o ideal porque precisamos ir al\u00e9m do p\u00e3o&#8221;. A secret\u00e1ria destacou haver 250 vagas ocupadas, diferente de antes da pandemia, quando havia 100 homens e 50 mulheres que pernoitavam na Casa de Passagem, e 50 pessoas na Casa Cidadania e outras 50 na casa CEM [dados dos slides apresentados por Fabiane Rabelo]. Sobre a discord\u00e2ncia nos dados, Juraci destacou que os n\u00fameros n\u00e3o s\u00e3o suficientes para fornecer todas as refei\u00e7\u00f5es a todos e sobre a necessidade de ampliar a capacidade. Tammy reafirmou a capacidade das 1645 que est\u00e3o sendo distribu\u00eddas: \u201ce h\u00e1 ainda como atender mais pessoas&#8221;. A diverg\u00eancia do n\u00famero foi pacificada pela explica\u00e7\u00e3o\u00a0 sobre as divis\u00f5es das 1200 pessoas entre catadores, flanelinhas e pessoas que vivem nas ruas.<\/p>\n<p>Em resposta aos vereadores Marlon Siqueira (PP) e Luiz Ot\u00e1vio Coelho &#8211; Pardal (PSL) Tammy apresentou que em mar\u00e7o foram distribu\u00eddas 1000 cestas. &#8220;Em abril houve um aumento de 60%, totalizando 1609 e, para maio, atingiremos 1670 cestas. Para receber as cestas h\u00e1 a necessidade de cadastro e acompanhamento pelo CRAS. Atualmente, existem 516 pessoas em situa\u00e7\u00e3o de rua com cadastro no Cad\u00danico. Dessas, 314 recebem bolsa fam\u00edlia e, nove, aux\u00edlio moradia. Em resposta sobre o aux\u00edlio emergencial, Tammy foi categ\u00f3rica em afirmar que n\u00e3o \u00e9 uma quest\u00e3o sob a responsabilidade do munic\u00edpio e que h\u00e1 regras pr\u00f3prias que independem de a\u00e7\u00f5es do Executivo Municipal. &#8220;Fizemos um roteiro de orienta\u00e7\u00e3o para auxiliar a popula\u00e7\u00e3o. Mas esbarra no n\u00famero de telefone essencial para cadastro e que tem sido um problema grave porque nem todos possuem, e cada n\u00famero s\u00f3 pode ser usado uma \u00fanica vez&#8221;, afirmou.<\/p>\n<p>Respondendo aos vereadores Andr\u00e9 Mariano (PSL) e Sargento Mello Casal (PTB) quanto aos &#8220;acampamentos&#8221; na ponte vermelha e em outras regi\u00f5es da cidade, Tammy explicou que as a\u00e7\u00f5es para retirada da rua exigem convencimento, e que existe uma din\u00e2mica complexa, porque a retirada n\u00e3o \u00e9 compuls\u00f3ria. Ela destacou ainda que um dos grandes entraves s\u00e3o casais que n\u00e3o querem estar separados, e as pessoas que n\u00e3o querem estar afastadas dos animais de estima\u00e7\u00e3o. &#8220;Cada grupo exige uma din\u00e2mica de sedu\u00e7\u00e3o e convencimento. Sabemos que n\u00e3o \u00e9 o lugar ideal. Atualmente, temos um trabalho em desenvolvimento com o Canil para a identifica\u00e7\u00e3o dos animais e posterior devolu\u00e7\u00e3o. Quanto aos casais, n\u00e3o h\u00e1 como termos quartos\u00a0 \u00fanicos para as duas pessoas\u201d.<\/p>\n<p>Segundo a secret\u00e1ria, h\u00e1 algumas parcerias em atividade tais como as feitas com Amac, Adra, Maria M\u00e3e e Grupo Casa. Ela apontou o in\u00edcio de uma parceria com Maria M\u00e3e e Adra com capacita\u00e7\u00e3o profissional &#8211; o assunto foi levantados por v\u00e1rios vereadores durante a reuni\u00e3o. \u201cH\u00e1 ainda parcerias na ocupa\u00e7\u00e3o dos espa\u00e7os p\u00fablicos, como a Casa CEM e a Escola Dilermando Cruz, em que salas de aula viraram quartos\u201d, respondeu. J\u00e1 em rela\u00e7\u00e3o \u00e0 sa\u00fade dos assistidos levantada pelos vereadores Dr. Ant\u00f4nio Aguiar (DEM) e Sargento Mello Casal, h\u00e1 trabalhos intersetoriais com outras secretarias. H\u00e1 m\u00e1scaras sendo distribu\u00eddas e uma tarefa de reeduca\u00e7\u00e3o para as novas pr\u00e1ticas. H\u00e1 tamb\u00e9m para crian\u00e7as, com m\u00e1scaras compat\u00edveis, e a\u00e7\u00f5es no sentido de lavar as m\u00e3os, espa\u00e7ar cadeiras e outras. Sobre os que necessitam de atendimento para transtornos mentais, Tammy argumentou ser a\u00e7\u00e3o espec\u00edfica da Secretaria de Sa\u00fade.<\/p>\n<p>Em resposta aos vereadores J\u00falio Obama Jr. (PODE) e Marlon Siqueira, a secret\u00e1ria confirmou que o Cras e o Creas est\u00e3o com agendamento, respectivamente, nos hor\u00e1rios das 9h \u00e0s 15h e das 8h \u00e0s 14h. Obama questionou tamb\u00e9m sobre a situa\u00e7\u00e3o dos servidores. Tammy justifica que os servidores que trabalham na assist\u00eancia seguem os protocolos, al\u00e9m de todos contarem com equipamentos como m\u00e1scara, \u00e1lcool em gel, sabonete e a barreira de PVC. &#8220;O Demlurb tamb\u00e9m \u00e9 nosso parceiro e faz a lava\u00e7\u00e3o dos equipamentos para desinfectar&#8221;.<\/p>\n<p>&nbsp;<\/p>\n<p><strong>Fonte:\u00a0<\/strong>Assessoria<\/p>\n","protected":false},"excerpt":{"rendered":"<p>Para compreender e participar das estrat\u00e9gias de aten\u00e7\u00e3o \u00e0s pessoas em situa\u00e7\u00e3o de rua e de vulnerabilidade socioecon\u00f4mica durante a Pandemia da COVID-19, vereadores, secret\u00e1ria de Desenvolvimento Social, Tammy Angelina Mendon\u00e7a e, representando a secretaria de Governo, Rodrigo Corr\u00eaa de S\u00e1, debateram e apresentaram propostas para a\u00e7\u00f5es das secretarias. Dentre os assuntos questionados por um [&hellip;]<\/p>\n","protected":false},"author":96,"featured_media":159772,"comment_status":"closed","ping_status":"closed","sticky":false,"template":"","format":"standard","meta":{"footnotes":""},"categories":[253,436,440,439],"tags":[],"class_list":["post-159771","post","type-post","status-publish","format-standard","has-post-thumbnail","hentry","category-cidade","category-destaque-da-semana","category-destaques-do-dia","category-ultima-hora"],"_links":{"self":[{"href":"https:\/\/diarioregionaldigital.com.br\/index.php?rest_route=\/wp\/v2\/posts\/159771","targetHints":{"allow":["GET"]}}],"collection":[{"href":"https:\/\/diarioregionaldigital.com.br\/index.php?rest_route=\/wp\/v2\/posts"}],"about":[{"href":"https:\/\/diarioregionaldigital.com.br\/index.php?rest_route=\/wp\/v2\/types\/post"}],"author":[{"embeddable":true,"href":"https:\/\/diarioregionaldigital.com.br\/index.php?rest_route=\/wp\/v2\/users\/96"}],"replies":[{"embeddable":true,"href":"https:\/\/diarioregionaldigital.com.br\/index.php?rest_route=%2Fwp%2Fv2%2Fcomments&post=159771"}],"version-history":[{"count":0,"href":"https:\/\/diarioregionaldigital.com.br\/index.php?rest_route=\/wp\/v2\/posts\/159771\/revisions"}],"wp:featuredmedia":[{"embeddable":true,"href":"https:\/\/diarioregionaldigital.com.br\/index.php?rest_route=\/wp\/v2\/media\/159772"}],"wp:attachment":[{"href":"https:\/\/diarioregionaldigital.com.br\/index.php?rest_route=%2Fwp%2Fv2%2Fmedia&parent=159771"}],"wp:term":[{"taxonomy":"category","embeddable":true,"href":"https:\/\/diarioregionaldigital.com.br\/index.php?rest_route=%2Fwp%2Fv2%2Fcategories&post=159771"},{"taxonomy":"post_tag","embeddable":true,"href":"https:\/\/diarioregionaldigital.com.br\/index.php?rest_route=%2Fwp%2Fv2%2Ftags&post=159771"}],"curies":[{"name":"wp","href":"https:\/\/api.w.org\/{rel}","templated":true}]}}