{"id":159768,"date":"2020-05-06T16:04:38","date_gmt":"2020-05-06T19:04:38","guid":{"rendered":"https:\/\/diarioregionaldigital.com.br\/?p=159768"},"modified":"2020-05-06T16:04:38","modified_gmt":"2020-05-06T19:04:38","slug":"policia-militar-prende-autores-por-porte-ilegal-de-arma-de-fogo","status":"publish","type":"post","link":"https:\/\/diarioregionaldigital.com.br\/?p=159768","title":{"rendered":"Pol\u00edcia Militar prende autores por porte ilegal de arma de fogo"},"content":{"rendered":"<p>A Pol\u00edcia Militar (PM), prendeu um total de cinco indiv\u00edduos, por posse ilegal de arma de fogo em Juiz de Fora. O primeiro caso ocorreu no Bairro Cai\u00e7aras II (Regi\u00e3o Oeste), onde os policiais realizavam um patrulhamento, quando se depararam com um indiv\u00edduo, de 18 anos, em atitude suspeita e ao perceber a presen\u00e7a da viatura, fugiu atrav\u00e9s de um matagal. No meio do trajeto, o infrator arremessou um objeto no ch\u00e3o.<\/p>\n<p>Alguns metros a frente, o indiv\u00edduo foi abordado e ap\u00f3s buscas pelo local, os policiais obtiveram \u00eaxito em localizar um rev\u00f3lver calibre 38, carregado com seis cartuchos intacto. O autor foi preso em flagrante e conduzido a Delegacia.<\/p>\n<p>O segundo caso ocorreu no Bairro Nova Era (Regi\u00e3o Noroeste), em que um indiv\u00edduo estaria vendendo arma de fogo pelas redes sociais. A PM recebeu a den\u00fancia de moradores e iniciou patrulhamento pelo local. Instantes depois, a guarni\u00e7\u00e3o localizou o suspeito, de 27 anos, e realizou buscas pessoais, mas nada de il\u00edcito foi encontrado.<\/p>\n<p>Em conversa com os policiais, o jovem assumiu que teria uma arma de fogo, guardada em sua resid\u00eancia. Ap\u00f3s buscas pelo im\u00f3vel, os policiais encontraram uma carabina calibre 44. Segundo a PM, o jovem possui v\u00e1rias passagens por porte ilegal de arma de fogo e roubo. O autor foi preso em flagrante e conduzido para a Delegacia.<\/p>\n<p>O terceiro e \u00faltimo caso foi em uma resid\u00eancia no Bairro Vila Olavo Costa (Regi\u00e3o Leste). Os moradores informaram \u00e0 PM que tr\u00eas jovens, entre 20 e 26 anos, estariam guardando espingardas dentro da resid\u00eancia. A guarni\u00e7\u00e3o compareceu ao local e em um determinado momento, os infratores perceberam a presen\u00e7a policial e jogaram uma mochila para fora da casa.<\/p>\n<p>Instantes depois, os policiais entraram no im\u00f3vel e abordaram os suspeitos. Ap\u00f3s buscas pelo local, foi encontrada a mochila arremessada, contendo uma espingarda e tr\u00eas muni\u00e7\u00f5es calibre 12. Segundo informa\u00e7\u00f5es da PM, suspeita-se que o material e os infratores estariam envolvidos no caso de homic\u00eddio ocorrido no domingo (3), em que um jovem foi morto com um tiro na cabe\u00e7a e outro no peito.<\/p>\n<p>Os suspeitos foram presos em flagrante e conduzidos para a Delegacia, junto com os materiais apreendidos.<\/p>\n","protected":false},"excerpt":{"rendered":"<p>A Pol\u00edcia Militar (PM), prendeu um total de cinco indiv\u00edduos, por posse ilegal de arma de fogo em Juiz de Fora. O primeiro caso ocorreu no Bairro Cai\u00e7aras II (Regi\u00e3o Oeste), onde os policiais realizavam um patrulhamento, quando se depararam com um indiv\u00edduo, de 18 anos, em atitude suspeita e ao perceber a presen\u00e7a da [&hellip;]<\/p>\n","protected":false},"author":96,"featured_media":159769,"comment_status":"closed","ping_status":"closed","sticky":false,"template":"","format":"standard","meta":{"footnotes":""},"categories":[301,436,439],"tags":[],"class_list":["post-159768","post","type-post","status-publish","format-standard","has-post-thumbnail","hentry","category-artigos-policiais","category-destaque-da-semana","category-ultima-hora"],"_links":{"self":[{"href":"https:\/\/diarioregionaldigital.com.br\/index.php?rest_route=\/wp\/v2\/posts\/159768","targetHints":{"allow":["GET"]}}],"collection":[{"href":"https:\/\/diarioregionaldigital.com.br\/index.php?rest_route=\/wp\/v2\/posts"}],"about":[{"href":"https:\/\/diarioregionaldigital.com.br\/index.php?rest_route=\/wp\/v2\/types\/post"}],"author":[{"embeddable":true,"href":"https:\/\/diarioregionaldigital.com.br\/index.php?rest_route=\/wp\/v2\/users\/96"}],"replies":[{"embeddable":true,"href":"https:\/\/diarioregionaldigital.com.br\/index.php?rest_route=%2Fwp%2Fv2%2Fcomments&post=159768"}],"version-history":[{"count":0,"href":"https:\/\/diarioregionaldigital.com.br\/index.php?rest_route=\/wp\/v2\/posts\/159768\/revisions"}],"wp:featuredmedia":[{"embeddable":true,"href":"https:\/\/diarioregionaldigital.com.br\/index.php?rest_route=\/wp\/v2\/media\/159769"}],"wp:attachment":[{"href":"https:\/\/diarioregionaldigital.com.br\/index.php?rest_route=%2Fwp%2Fv2%2Fmedia&parent=159768"}],"wp:term":[{"taxonomy":"category","embeddable":true,"href":"https:\/\/diarioregionaldigital.com.br\/index.php?rest_route=%2Fwp%2Fv2%2Fcategories&post=159768"},{"taxonomy":"post_tag","embeddable":true,"href":"https:\/\/diarioregionaldigital.com.br\/index.php?rest_route=%2Fwp%2Fv2%2Ftags&post=159768"}],"curies":[{"name":"wp","href":"https:\/\/api.w.org\/{rel}","templated":true}]}}