{"id":159765,"date":"2020-05-06T15:56:27","date_gmt":"2020-05-06T18:56:27","guid":{"rendered":"https:\/\/diarioregionaldigital.com.br\/?p=159765"},"modified":"2020-05-06T15:56:27","modified_gmt":"2020-05-06T18:56:27","slug":"surfistas-brasileiros-falam-sobre-rotina-e-ensinamentos-durante-isolamento-social","status":"publish","type":"post","link":"https:\/\/diarioregionaldigital.com.br\/?p=159765","title":{"rendered":"Surfistas brasileiros falam sobre rotina e ensinamentos durante isolamento social"},"content":{"rendered":"<p>Seguindo orienta\u00e7\u00f5es a respeito do isolamento social, os surfistas brasileiros que comp\u00f5em a elite da Liga Mundial de Surfe (WSL), comentam sobre como tem sido a nova rotina em meio a epidemia do Coronav\u00edrus. Cada um \u00e0 sua maneira, t\u00eam enfrentado de forma positiva este per\u00edodo delicado de isolamento social. Mas uma coisa todos pensam em comum: que essa pandemia da Covid-19 est\u00e1 ensinando a humanidade a valorizar as coisas mais simples da vida, a desacelerar e tamb\u00e9m que \u00e9 preciso cuidar mais do planeta.<\/p>\n<p>Atual campe\u00e3o mundial, \u00cdtalo Ferreira, que est\u00e1 em sua casa na Baia Formosa (RN), diz que mant\u00e9m a rotina de treinamentos para manter a forma f\u00edsica:<\/p>\n<p>\u201cAqui em Baia Formosa, n\u00e3o temos casos ou mortes pela Covid-19. A entrada de turistas est\u00e1 bloqueada para evitar aglomera\u00e7\u00f5es e a prolifera\u00e7\u00e3o do v\u00edrus. Com as devidas precau\u00e7\u00f5es, tenho treinado dentro e fora da \u00e1gua. \u00c0s vezes posto treinos para incentivar as pessoas a fazerem o mesmo e se sentirem bem. Mas tento aproveitar a vida sem as m\u00eddias sociais e tem sido uma \u00f3tima experi\u00eancia\u201d.<\/p>\n<p>Outro surfista que aproveita para manter a forma f\u00edsica e tamb\u00e9m para relaxar, \u00e9 Gabriel Medina. O brasileiro est\u00e1 em Maresias (SP), desde que a quarentena foi estabelecida:<\/p>\n<p>\u201cEstou ativo, fa\u00e7o exerc\u00edcios f\u00edsicos diariamente, leio, aprendo viol\u00e3o, fa\u00e7o v\u00eddeos no aplicativo TikTok e assisto s\u00e9ries e filmes\u201d.<\/p>\n<p>Al\u00e9m disso, Gabriel junto com a namorada Yasmin Brunet, seus irm\u00e3os, Felipe e Sophia e a m\u00e3e, Simone Medina, produzem camisetas para leil\u00e3o e o valor arrecadado ser\u00e1 doado para fam\u00edlias em situa\u00e7\u00e3o mais delicada. Apesar desta a\u00e7\u00e3o, a declara\u00e7\u00e3o do surfista \u00e9 s\u00f3 para m\u00e3e:<\/p>\n<p>\u201cEla tem feito um trabalho incr\u00edvel durante essa pandemia e ajudado o m\u00e1ximo que pode a nossa comunidade. Nas \u00faltimas semanas foram distribu\u00eddas milhares de cestas b\u00e1sicas para os mais vulner\u00e1veis. Fico com muito orgulho dela\u201d<\/p>\n<p>Considerado um dos melhores atletas de ondas gigantes do mundo, Lucas Chumbo conta que tamb\u00e9m tem treinado e assistido s\u00e9ries:<\/p>\n<p>\u201cEstou em Saquarema (RJ) e confesso que est\u00e1 dif\u00edcil ficar longe do mar. Mas temos de respeitar as autoridades e ficar em casa\u201d, diz o vencedor do<em> Nazar\u00e9 Tow Surfing Challenge 2020 <\/em>(Portugal), na categoria Melhor Dupla.<\/p>\n<p>Da mesma forma pensa a cearense Silvana Lima, \u201cEstou limpando a casa, cozinhando e brincando com os meus cinco c\u00e3es. Acostumei a ficar sem surfar e sem academia, por causa das opera\u00e7\u00f5es (para curar les\u00f5es no joelho direito), que me afastaram por oito meses\u201d, conta a oitava colocada no ranking feminino mundial, classificada para representar o Brasil nos Jogos de T\u00f3quio, no ano que vem.\u00a0 Eleita oito vezes a Melhor Surfista Brasileira, Silvana chegou ao vice-campeonato mundial por duas temporadas.<\/p>\n<p><strong>A\u00e7\u00f5es de solidariedade<\/strong><\/p>\n<p>Usando o exemplo da iniciativa do skatista Pedro Barros, Adriano de Souza conta que \u2018entrou de cabe\u00e7a\u2019 em uma a\u00e7\u00e3o do bem. \u201cUsamos o site Vakinha para arrecadar fundos em uma rifa, Pedro doou o seu skate e eu minha prancha e a lycra. Arrecadamos R$ 9 mil e compramos em torno de 10 toneladas de alimentos que foram distribu\u00eddos para comunidades carentes. Faremos mais a\u00e7\u00f5es e vamos beneficiar, tamb\u00e9m, creches\u201d.<\/p>\n<p>Outra a\u00e7\u00e3o bacana que envolveu al\u00e9m de Mineirinho, Toledo, Pupo e Peterson Crisanto foi o Campeonato Virtual de Surf Bico Branco, idealizado pelo pai de Yago Dora (Leandro Dora) e realizado no final de abril. A iniciativa premiou com R$ 10 mil surfistas sem patroc\u00ednios e que n\u00e3o est\u00e3o conseguindo premia\u00e7\u00f5es em dinheiro por conta da pandemia.<\/p>\n<p><strong>Isolamento social<\/strong><\/p>\n<p>Os atletas Adriano de Souza, Filipe Toledo, Gabriel Medina, \u00cdtalo Ferreira, Lucas Chumbo, Lucas Vicente, Silvana Lima, Tain\u00e1 Hinckel e Tatiana Weston-Webb comentaram sobre a quest\u00e3o do isolamento social em meio a epidemia<\/p>\n<p>Todos eles falam que a nova rotina faz com que as pessoas tenham um cuidado maior com os outros e tamb\u00e9m com a preserva\u00e7\u00e3o do planeta:<\/p>\n<p><strong>Adriano de Souza:<\/strong> \u201cEssa pandemia est\u00e1 sendo a maior li\u00e7\u00e3o para todos. Quando \u00edamos imaginar que algo assim pararia o mundo, pegando todos de surpresa? Est\u00e1 sendo um grande aprendizado, uma li\u00e7\u00e3o\u201d<\/p>\n<p><strong>Filipe Toledo: <\/strong>\u201cAcredito que a pandemia \u00e9 uma mensagem do Criador, que tenta nos dizer que talvez \u00e9 para cuidarmos mais de nosso planeta, de nossas vidas, nossas fam\u00edlias, para que tenhamos mais compaix\u00e3o, mais amor e empatia. Espero que a gente melhore como ser humano\u201d.<\/p>\n<p><strong>Gabriel Medina: <\/strong>\u201c\u00c9 algo que me faz pensar. Ser\u00e1 que n\u00e3o devemos desacelerar um pouco? Mudar nossos h\u00e1bitos? Cuidar mais do planeta? Tenho f\u00e9 e acredito que vamos tirar uma li\u00e7\u00e3o importante disso. S\u00e3o tantas coisas que temos que repensar e melhorar para termos um mundo melhor\u201d.<\/p>\n<p><strong>\u00cdtalo Ferreira: <\/strong><strong>\u00a0<\/strong>\u201cEsse \u00e9 um tempo de reflex\u00e3o para todos n\u00f3s. Temos de agradecer pela vida e pensar no que podemos melhorar\u201d.<\/p>\n<p><strong>Lucas Chumbo: <\/strong>\u201cAcho que nada acontece por acaso e devemos sempre tentar tirar o melhor. Ent\u00e3o vamos pensar pelo lado bom, o tanto que grandes empresas e pessoas t\u00eam se mobilizado para enfrentar o coronav\u00edrus\u201d.<\/p>\n<p><strong>Lucas Vicente: <\/strong>\u201cEssa pandemia, veio para mostrar que a felicidade est\u00e1 nas coisas mais simples. Na correria do dia a dia a gente esquece o que \u00e9 realmente importante\u201d.<\/p>\n<p><strong>Silvana Lima:<\/strong> \u201cTodos temos que ter muito respeito e amor para com as pessoas que est\u00e3o trabalhando ou fazendo boas a\u00e7\u00f5es, arriscando a vida pelos outros. Por isso devemos mesmo ficar em casa e ter o m\u00e1ximo cuidado poss\u00edvel\u201d.<\/p>\n<p><strong>Tain\u00e1 Hinckel: <\/strong>\u201cA natureza tem um poder gigante e precisa de um tempo, n\u00f3s retiramos\/exigimos muito dela, mas esquecemos do cuidado, carinho e respeito que devemos ter\u201d.<\/p>\n<p><strong>Tatiana Weston-Webb: <\/strong>\u201cEu passa o ano todo em campeonatos e muito focada em seu pr\u00f3prio universo, mas a pandemia me fez mudar. Tenho pensando muito mais nas pessoas do que em mim. Acho que hoje muita gente est\u00e1 mais ligada no mundo inteiro\u201d.<\/p>\n<p>&nbsp;<\/p>\n<p>&nbsp;<\/p>\n<p>&nbsp;<\/p>\n","protected":false},"excerpt":{"rendered":"<p>Seguindo orienta\u00e7\u00f5es a respeito do isolamento social, os surfistas brasileiros que comp\u00f5em a elite da Liga Mundial de Surfe (WSL), comentam sobre como tem sido a nova rotina em meio a epidemia do Coronav\u00edrus. Cada um \u00e0 sua maneira, t\u00eam enfrentado de forma positiva este per\u00edodo delicado de isolamento social. Mas uma coisa todos pensam [&hellip;]<\/p>\n","protected":false},"author":96,"featured_media":159766,"comment_status":"closed","ping_status":"closed","sticky":false,"template":"","format":"standard","meta":{"footnotes":""},"categories":[436,257,439],"tags":[],"class_list":["post-159765","post","type-post","status-publish","format-standard","has-post-thumbnail","hentry","category-destaque-da-semana","category-esporte","category-ultima-hora"],"_links":{"self":[{"href":"https:\/\/diarioregionaldigital.com.br\/index.php?rest_route=\/wp\/v2\/posts\/159765","targetHints":{"allow":["GET"]}}],"collection":[{"href":"https:\/\/diarioregionaldigital.com.br\/index.php?rest_route=\/wp\/v2\/posts"}],"about":[{"href":"https:\/\/diarioregionaldigital.com.br\/index.php?rest_route=\/wp\/v2\/types\/post"}],"author":[{"embeddable":true,"href":"https:\/\/diarioregionaldigital.com.br\/index.php?rest_route=\/wp\/v2\/users\/96"}],"replies":[{"embeddable":true,"href":"https:\/\/diarioregionaldigital.com.br\/index.php?rest_route=%2Fwp%2Fv2%2Fcomments&post=159765"}],"version-history":[{"count":0,"href":"https:\/\/diarioregionaldigital.com.br\/index.php?rest_route=\/wp\/v2\/posts\/159765\/revisions"}],"wp:featuredmedia":[{"embeddable":true,"href":"https:\/\/diarioregionaldigital.com.br\/index.php?rest_route=\/wp\/v2\/media\/159766"}],"wp:attachment":[{"href":"https:\/\/diarioregionaldigital.com.br\/index.php?rest_route=%2Fwp%2Fv2%2Fmedia&parent=159765"}],"wp:term":[{"taxonomy":"category","embeddable":true,"href":"https:\/\/diarioregionaldigital.com.br\/index.php?rest_route=%2Fwp%2Fv2%2Fcategories&post=159765"},{"taxonomy":"post_tag","embeddable":true,"href":"https:\/\/diarioregionaldigital.com.br\/index.php?rest_route=%2Fwp%2Fv2%2Ftags&post=159765"}],"curies":[{"name":"wp","href":"https:\/\/api.w.org\/{rel}","templated":true}]}}