{"id":159762,"date":"2020-05-06T15:54:34","date_gmt":"2020-05-06T18:54:34","guid":{"rendered":"https:\/\/diarioregionaldigital.com.br\/?p=159762"},"modified":"2020-05-06T15:54:34","modified_gmt":"2020-05-06T18:54:34","slug":"governo-autoriza-retorno-do-campeonato-alemao","status":"publish","type":"post","link":"https:\/\/diarioregionaldigital.com.br\/?p=159762","title":{"rendered":"Governo autoriza retorno do Campeonato Alem\u00e3o"},"content":{"rendered":"<p>A chanceler Angela Merkel, em reuni\u00e3o junto com o Governo da Alemanha, autorizou a retomada do Campeonato Alem\u00e3o ainda neste m\u00eas de maio. As datas cotadas para o retorno do futebol pelos gramados alem\u00e3es s\u00e3o 15 e 22 de maio.<\/p>\n<p>O Governo determinou tamb\u00e9m os requisitos que possibilitem a realiza\u00e7\u00e3o dos jogos, como isolamento dos atletas durante uma semana e est\u00e1dios com port\u00f5es fechados. O acesso s\u00f3 ser\u00e1 permitido para jornalistas credenciados.<\/p>\n<p>Diante disso, ser\u00e1 a primeira liga da Europa a retomar os trabalhos, depois de uma longa paralisa\u00e7\u00e3o em decorr\u00eancia da epidemia do Coronav\u00edrus. Nas \u00faltimas semanas a Alemanha iniciou medidas de afrouxamento do isolamento social, uma vez que o cont\u00e1gio na popula\u00e7\u00e3o est\u00e1 mais controlado<\/p>\n<p>O presidente da federa\u00e7\u00e3o alem\u00e3 de futebol, Fritz Keller, disse em entrevista coletiva que a volta do futebol \u00e9 um grande avan\u00e7o para o cotidiano e faz agradecimento \u00e0s autoridades locais, que se esfor\u00e7aram para conter o avan\u00e7o do Coronav\u00edrus:<\/p>\n<p>\u201cA decis\u00e3o \u00e9 um voto de confian\u00e7a das autoridades e da pol\u00edtica de sa\u00fade, pelas quais somos gratos. \u00c9 o primeiro passo para tornar o esporte vis\u00edvel novamente, o que d\u00e1 esperan\u00e7a de que o futebol volte gradualmente \u00e0 vida cotidiana&#8221;.<\/p>\n<p>Em comunicado oficial, o presidente da Bundesliga, Christian Seifert, elogiou os esfor\u00e7os de todos que trabalharam na possibilidade do retorno do futebol aos gramados e fala sobre a realiza\u00e7\u00e3o dos jogos com port\u00f5es fechados:<\/p>\n<p>\u201cA decis\u00e3o de hoje \u00e9 uma boa not\u00edcia para a Bundesliga e a Bundesliga 2. Ela est\u00e1 associada a uma grande responsabilidade dos clubes e de seus funcion\u00e1rios de implementar os requisitos m\u00e9dicos e organizacionais de maneira disciplinada. Jogos sem espectadores no est\u00e1dio n\u00e3o s\u00e3o a solu\u00e7\u00e3o ideal para ningu\u00e9m. No entanto, durante essa crise, que amea\u00e7a a exist\u00eancia de alguns clubes, \u00e9 a \u00fanica op\u00e7\u00e3o para preservar as ligas em sua forma atual. Hoje, gostaria de agradecer aos tomadores de decis\u00e3o nos n\u00edveis estadual e federal por confiarem em n\u00f3s \u201d.<\/p>\n<p>J\u00e1 o t\u00e9cnico da sele\u00e7\u00e3o alem\u00e3, Joachim Low, se diz aliviado com a decis\u00e3o do Governo Alem\u00e3o e observa o retorno de todos os jogadores:<\/p>\n<p>\u201cComo t\u00e9cnico da sele\u00e7\u00e3o, \u00e9 claro que estou feliz quando nossos jogadores voltam ao modo competitivo. Este \u00e9 um passo importante, porque tamb\u00e9m estamos olhando para os planos da sele\u00e7\u00e3o ap\u00f3s a crise de Corona&#8221;.<\/p>\n<p>O Campeonato Alem\u00e3o est\u00e1 paralisado desde o dia 8 de mar\u00e7o, na 25\u00aa rodada. At\u00e9 o momento, o Bayern de Munique lidera com 55 pontos. Na vice-lideran\u00e7a aparece o Borussia Dortmund com 51, RB Leipzig \u00e9 o terceiro com 50 e o Borussia Monchengladbach fecha a zona de classifica\u00e7\u00e3o para a Liga dos Campe\u00f5es com 49 pontos.<\/p>\n<p>&nbsp;<\/p>\n","protected":false},"excerpt":{"rendered":"<p>A chanceler Angela Merkel, em reuni\u00e3o junto com o Governo da Alemanha, autorizou a retomada do Campeonato Alem\u00e3o ainda neste m\u00eas de maio. As datas cotadas para o retorno do futebol pelos gramados alem\u00e3es s\u00e3o 15 e 22 de maio. O Governo determinou tamb\u00e9m os requisitos que possibilitem a realiza\u00e7\u00e3o dos jogos, como isolamento dos [&hellip;]<\/p>\n","protected":false},"author":96,"featured_media":159763,"comment_status":"closed","ping_status":"closed","sticky":false,"template":"","format":"standard","meta":{"footnotes":""},"categories":[436,257,439],"tags":[],"class_list":["post-159762","post","type-post","status-publish","format-standard","has-post-thumbnail","hentry","category-destaque-da-semana","category-esporte","category-ultima-hora"],"_links":{"self":[{"href":"https:\/\/diarioregionaldigital.com.br\/index.php?rest_route=\/wp\/v2\/posts\/159762","targetHints":{"allow":["GET"]}}],"collection":[{"href":"https:\/\/diarioregionaldigital.com.br\/index.php?rest_route=\/wp\/v2\/posts"}],"about":[{"href":"https:\/\/diarioregionaldigital.com.br\/index.php?rest_route=\/wp\/v2\/types\/post"}],"author":[{"embeddable":true,"href":"https:\/\/diarioregionaldigital.com.br\/index.php?rest_route=\/wp\/v2\/users\/96"}],"replies":[{"embeddable":true,"href":"https:\/\/diarioregionaldigital.com.br\/index.php?rest_route=%2Fwp%2Fv2%2Fcomments&post=159762"}],"version-history":[{"count":0,"href":"https:\/\/diarioregionaldigital.com.br\/index.php?rest_route=\/wp\/v2\/posts\/159762\/revisions"}],"wp:featuredmedia":[{"embeddable":true,"href":"https:\/\/diarioregionaldigital.com.br\/index.php?rest_route=\/wp\/v2\/media\/159763"}],"wp:attachment":[{"href":"https:\/\/diarioregionaldigital.com.br\/index.php?rest_route=%2Fwp%2Fv2%2Fmedia&parent=159762"}],"wp:term":[{"taxonomy":"category","embeddable":true,"href":"https:\/\/diarioregionaldigital.com.br\/index.php?rest_route=%2Fwp%2Fv2%2Fcategories&post=159762"},{"taxonomy":"post_tag","embeddable":true,"href":"https:\/\/diarioregionaldigital.com.br\/index.php?rest_route=%2Fwp%2Fv2%2Ftags&post=159762"}],"curies":[{"name":"wp","href":"https:\/\/api.w.org\/{rel}","templated":true}]}}