{"id":159750,"date":"2020-05-06T14:11:43","date_gmt":"2020-05-06T17:11:43","guid":{"rendered":"https:\/\/diarioregionaldigital.com.br\/?p=159750"},"modified":"2020-05-06T14:11:43","modified_gmt":"2020-05-06T17:11:43","slug":"governo-registra-487-casos-da-covid-19-em-servidores-federais","status":"publish","type":"post","link":"https:\/\/diarioregionaldigital.com.br\/?p=159750","title":{"rendered":"Governo registra 487 casos da covid-19 em servidores federais"},"content":{"rendered":"<p>O Minist\u00e9rio da Economia informou hoje (6) que 51% dos servidores federais civis est\u00e3o em trabalho remoto e h\u00e1 487 casos confirmados da covid-19. As informa\u00e7\u00f5es foram coletadas na semana de 27 de abril a 1\u00ba de maio.<\/p>\n<p>Os casos confirmados da covid-19 registrados no sistema aumentaram de 317 para 487 de uma semana para outra. Esses n\u00fameros n\u00e3o incluem as institui\u00e7\u00f5es federais de Ensino Superior, que t\u00eam dados divulgados pelo Minist\u00e9rio da Educa\u00e7\u00e3o.<\/p>\n<p>Excetuando-se o Ifes, mais da metade (52%) das unidades administrativas de gest\u00e3o de pessoas encaminharam os dados \u00e0 Secretaria de Gest\u00e3o e Desempenho de Pessoal (SGP) do Minist\u00e9rio da Economia referentes \u00e0 semana de 27 de abril a 1\u00ba de maio. Esta parcela abrange 167.430 servidores ativos. Sem considerar as Ifes, esse montante representa 60,4% dos servidores p\u00fablicos federais.<\/p>\n<p>O minist\u00e9rio esclareceu que a coleta de dados, no \u00e2mbito do Poder Executivo Federal Civil, \u00e9 feita por meio de uma ferramenta online disponibilizada aos \u00f3rg\u00e3os e entidades da administra\u00e7\u00e3o p\u00fablica federal. E que a gest\u00e3o dessas informa\u00e7\u00f5es est\u00e1 sendo realizada de forma descentralizada.<\/p>\n<p>\u201cA Secretaria de Gest\u00e3o e Desempenho de Pessoal tem buscado ao m\u00e1ximo a colabora\u00e7\u00e3o dessas unidades gestoras, para a atualiza\u00e7\u00e3o semanal dos dados e para obter informa\u00e7\u00f5es sobre a totalidade dos servidores\u201d, informou o minist\u00e9rio.<\/p>\n<p>&nbsp;<\/p>\n<p><strong>Fonte:\u00a0<\/strong>Ag\u00eancia Brasil<\/p>\n","protected":false},"excerpt":{"rendered":"<p>O Minist\u00e9rio da Economia informou hoje (6) que 51% dos servidores federais civis est\u00e3o em trabalho remoto e h\u00e1 487 casos confirmados da covid-19. As informa\u00e7\u00f5es foram coletadas na semana de 27 de abril a 1\u00ba de maio. Os casos confirmados da covid-19 registrados no sistema aumentaram de 317 para 487 de uma semana para [&hellip;]<\/p>\n","protected":false},"author":96,"featured_media":159751,"comment_status":"closed","ping_status":"closed","sticky":false,"template":"","format":"standard","meta":{"footnotes":""},"categories":[302,436,440,439],"tags":[],"class_list":["post-159750","post","type-post","status-publish","format-standard","has-post-thumbnail","hentry","category-brasil-mundo","category-destaque-da-semana","category-destaques-do-dia","category-ultima-hora"],"_links":{"self":[{"href":"https:\/\/diarioregionaldigital.com.br\/index.php?rest_route=\/wp\/v2\/posts\/159750","targetHints":{"allow":["GET"]}}],"collection":[{"href":"https:\/\/diarioregionaldigital.com.br\/index.php?rest_route=\/wp\/v2\/posts"}],"about":[{"href":"https:\/\/diarioregionaldigital.com.br\/index.php?rest_route=\/wp\/v2\/types\/post"}],"author":[{"embeddable":true,"href":"https:\/\/diarioregionaldigital.com.br\/index.php?rest_route=\/wp\/v2\/users\/96"}],"replies":[{"embeddable":true,"href":"https:\/\/diarioregionaldigital.com.br\/index.php?rest_route=%2Fwp%2Fv2%2Fcomments&post=159750"}],"version-history":[{"count":0,"href":"https:\/\/diarioregionaldigital.com.br\/index.php?rest_route=\/wp\/v2\/posts\/159750\/revisions"}],"wp:featuredmedia":[{"embeddable":true,"href":"https:\/\/diarioregionaldigital.com.br\/index.php?rest_route=\/wp\/v2\/media\/159751"}],"wp:attachment":[{"href":"https:\/\/diarioregionaldigital.com.br\/index.php?rest_route=%2Fwp%2Fv2%2Fmedia&parent=159750"}],"wp:term":[{"taxonomy":"category","embeddable":true,"href":"https:\/\/diarioregionaldigital.com.br\/index.php?rest_route=%2Fwp%2Fv2%2Fcategories&post=159750"},{"taxonomy":"post_tag","embeddable":true,"href":"https:\/\/diarioregionaldigital.com.br\/index.php?rest_route=%2Fwp%2Fv2%2Ftags&post=159750"}],"curies":[{"name":"wp","href":"https:\/\/api.w.org\/{rel}","templated":true}]}}