{"id":159738,"date":"2020-05-06T11:26:51","date_gmt":"2020-05-06T14:26:51","guid":{"rendered":"https:\/\/diarioregionaldigital.com.br\/?p=159738"},"modified":"2020-05-06T11:26:51","modified_gmt":"2020-05-06T14:26:51","slug":"proposta-autoriza-farmacia-a-realizar-teste-rapido-para-deteccao-da-covid-19","status":"publish","type":"post","link":"https:\/\/diarioregionaldigital.com.br\/?p=159738","title":{"rendered":"Proposta autoriza farm\u00e1cia a realizar teste r\u00e1pido para detec\u00e7\u00e3o da Covid-19"},"content":{"rendered":"<p>O Projeto de Lei 1976\/20 autoriza as farm\u00e1cias brasileiras a realizarem testes r\u00e1pidos para detec\u00e7\u00e3o da Covid-19 em qualquer pessoa, independentemente de indica\u00e7\u00e3o m\u00e9dica, durante o estado de calamidade p\u00fablica. O texto tramita na C\u00e2mara dos Deputados.<\/p>\n<p>Os exames ser\u00e3o vendidos aos consumidores, inclusive nas farm\u00e1cias populares, que comercializam medicamentos gratuitamente ou a pre\u00e7os subsidiados pelo Minist\u00e9rio da Sa\u00fade. Neste caso, os testes ser\u00e3o fornecidos \u00e0s farm\u00e1cias pela Funda\u00e7\u00e3o Oswaldo Cruz (Fiocruz).<\/p>\n<p>Atualmente, existem 21 tipos de testes r\u00e1pidos dispon\u00edveis no mercado. Eles identificam se a pessoa teve ou n\u00e3o contato com o v\u00edrus causador da Covid-19 (Sars-CoV-2).<\/p>\n<p>A proposta \u00e9 de autoria da deputada Adriana Ventura (Novo-SP) e tramita em regime de urg\u00eancia aprovado pelo Plen\u00e1rio. Segundo Ventura, pelo fato de estarem espalhadas por todo o Pa\u00eds, as farm\u00e1cias podem ajudar a monitorar o ritmo do avan\u00e7o do coronav\u00edrus no Brasil e reduzir as subnotifica\u00e7\u00f5es.<\/p>\n<p>\u201cAs farm\u00e1cias podem e devem integrar a linha de frente de combate ao coronav\u00edrus, desempenhando um papel fundamental no apoia \u00e0 detec\u00e7\u00e3o do v\u00edrus\u201d, disse a deputada.<\/p>\n<p><strong>Comunica\u00e7\u00e3o<\/strong><\/p>\n<p>O projeto determina que as farm\u00e1cias dever\u00e3o comunicar os resultados dos testes ao Sistema Nacional de Vigil\u00e2ncia Sanit\u00e1ria (SNVS), coordenado pela Ag\u00eancia Nacional de Vigil\u00e2ncia Sanit\u00e1ria (Anvisa), preservada a privacidade da pessoa.<\/p>\n<p>Dever\u00e3o tamb\u00e9m informar \u00e0s pessoas testadas sobre as limita\u00e7\u00f5es do exame &#8211; testes r\u00e1pidos t\u00eam menor efic\u00e1cia do que os realizados em laborat\u00f3rios cl\u00ednicos -, e orient\u00e1-las a procurarem um m\u00e9dico caso tenham sintomas semelhantes aos da Covid-19.<\/p>\n<p>&nbsp;<\/p>\n<p><strong>Fonte:\u00a0<\/strong>Ag\u00eancia C\u00e2mara<\/p>\n","protected":false},"excerpt":{"rendered":"<p>O Projeto de Lei 1976\/20 autoriza as farm\u00e1cias brasileiras a realizarem testes r\u00e1pidos para detec\u00e7\u00e3o da Covid-19 em qualquer pessoa, independentemente de indica\u00e7\u00e3o m\u00e9dica, durante o estado de calamidade p\u00fablica. O texto tramita na C\u00e2mara dos Deputados. Os exames ser\u00e3o vendidos aos consumidores, inclusive nas farm\u00e1cias populares, que comercializam medicamentos gratuitamente ou a pre\u00e7os subsidiados [&hellip;]<\/p>\n","protected":false},"author":96,"featured_media":159739,"comment_status":"closed","ping_status":"closed","sticky":false,"template":"","format":"standard","meta":{"footnotes":""},"categories":[436,254,439],"tags":[],"class_list":["post-159738","post","type-post","status-publish","format-standard","has-post-thumbnail","hentry","category-destaque-da-semana","category-politica","category-ultima-hora"],"_links":{"self":[{"href":"https:\/\/diarioregionaldigital.com.br\/index.php?rest_route=\/wp\/v2\/posts\/159738","targetHints":{"allow":["GET"]}}],"collection":[{"href":"https:\/\/diarioregionaldigital.com.br\/index.php?rest_route=\/wp\/v2\/posts"}],"about":[{"href":"https:\/\/diarioregionaldigital.com.br\/index.php?rest_route=\/wp\/v2\/types\/post"}],"author":[{"embeddable":true,"href":"https:\/\/diarioregionaldigital.com.br\/index.php?rest_route=\/wp\/v2\/users\/96"}],"replies":[{"embeddable":true,"href":"https:\/\/diarioregionaldigital.com.br\/index.php?rest_route=%2Fwp%2Fv2%2Fcomments&post=159738"}],"version-history":[{"count":0,"href":"https:\/\/diarioregionaldigital.com.br\/index.php?rest_route=\/wp\/v2\/posts\/159738\/revisions"}],"wp:featuredmedia":[{"embeddable":true,"href":"https:\/\/diarioregionaldigital.com.br\/index.php?rest_route=\/wp\/v2\/media\/159739"}],"wp:attachment":[{"href":"https:\/\/diarioregionaldigital.com.br\/index.php?rest_route=%2Fwp%2Fv2%2Fmedia&parent=159738"}],"wp:term":[{"taxonomy":"category","embeddable":true,"href":"https:\/\/diarioregionaldigital.com.br\/index.php?rest_route=%2Fwp%2Fv2%2Fcategories&post=159738"},{"taxonomy":"post_tag","embeddable":true,"href":"https:\/\/diarioregionaldigital.com.br\/index.php?rest_route=%2Fwp%2Fv2%2Ftags&post=159738"}],"curies":[{"name":"wp","href":"https:\/\/api.w.org\/{rel}","templated":true}]}}