{"id":159736,"date":"2020-05-06T11:24:28","date_gmt":"2020-05-06T14:24:28","guid":{"rendered":"https:\/\/diarioregionaldigital.com.br\/?p=159736"},"modified":"2020-05-06T11:24:28","modified_gmt":"2020-05-06T14:24:28","slug":"santas-casas-devem-receber-auxilio-de-r-2-bi-em-ate-15-dias","status":"publish","type":"post","link":"https:\/\/diarioregionaldigital.com.br\/?p=159736","title":{"rendered":"Santas Casas devem receber aux\u00edlio de R$ 2 bi em at\u00e9 15 dias"},"content":{"rendered":"<p>O presidente Jair Bolsonaro sancionou a Lei n\u00ba 13.995\/2020 que prev\u00ea a transfer\u00eancia de R$ 2 bilh\u00f5es da Uni\u00e3o para santas casas e hospitais sem fins lucrativos (filantr\u00f3picos). De acordo com o texto, publicado hoje (6) no\u00a0<em>Di\u00e1rio Oficial da Uni\u00e3o<\/em>\u00a0os recursos dever\u00e3o ser utilizados no controle do avan\u00e7o da epidemia de covid-19 no pa\u00eds, em a\u00e7\u00f5es articuladas com o Minist\u00e9rio da Sa\u00fade e gestores estaduais e municipais do Sistema \u00danico de Sa\u00fade (SUS).<\/p>\n<p>O cr\u00e9dito dos recursos dever\u00e1 ocorrer em at\u00e9 15 dias, a partir de hoje (6), em raz\u00e3o do\u00a0car\u00e1ter emergencial e da decreta\u00e7\u00e3o de calamidade p\u00fablica. O envio do aux\u00edlio financeiro emergencial foi aprovado pelo\u00a0Congresso\u00a0no dia 9 de abril e sancionado sem vetos por Bolsonaro.<\/p>\n<p>O crit\u00e9rio de rateio do valor ser\u00e1 definido pelo Minist\u00e9rio da Sa\u00fade, considerados os munic\u00edpios brasileiros que possuem pres\u00eddios. Os recursos devem ser usados na aquisi\u00e7\u00e3o de equipamentos, medicamentos, suprimentos, insumos e produtos hospitalares, para o atendimento adequado \u00e0 popula\u00e7\u00e3o. Tamb\u00e9m poder\u00e3o ser feitas pequenas reformas e adapta\u00e7\u00f5es f\u00edsicas para aumento da oferta de leitos de terapia intensiva, al\u00e9m da contrata\u00e7\u00e3o de profissionais de sa\u00fade para atender a demanda adicional.<\/p>\n<p>Pelo texto, ser\u00e1 obrigat\u00f3ria a divulga\u00e7\u00e3o, com ampla transpar\u00eancia, em at\u00e9 30 dias da data do cr\u00e9dito, dos valores transferidos a cada entidade, por meio do respectivo fundo de sa\u00fade estadual ou municipal. A lei estabelece ainda que o recebimento dos recursos adicionais independe da eventual exist\u00eancia de d\u00e9bitos ou da situa\u00e7\u00e3o de adimpl\u00eancia das entidades beneficiadas, em rela\u00e7\u00e3o a tributos e contribui\u00e7\u00f5es na data do cr\u00e9dito pelo Fundo Nacional de Sa\u00fade.<\/p>\n<p>&nbsp;<\/p>\n<p><strong>Fonte:\u00a0<\/strong>Ag\u00eancia Brasil<\/p>\n","protected":false},"excerpt":{"rendered":"<p>O presidente Jair Bolsonaro sancionou a Lei n\u00ba 13.995\/2020 que prev\u00ea a transfer\u00eancia de R$ 2 bilh\u00f5es da Uni\u00e3o para santas casas e hospitais sem fins lucrativos (filantr\u00f3picos). De acordo com o texto, publicado hoje (6) no\u00a0Di\u00e1rio Oficial da Uni\u00e3o\u00a0os recursos dever\u00e3o ser utilizados no controle do avan\u00e7o da epidemia de covid-19 no pa\u00eds, em [&hellip;]<\/p>\n","protected":false},"author":96,"featured_media":158641,"comment_status":"closed","ping_status":"closed","sticky":false,"template":"","format":"standard","meta":{"footnotes":""},"categories":[302,436,439],"tags":[],"class_list":["post-159736","post","type-post","status-publish","format-standard","has-post-thumbnail","hentry","category-brasil-mundo","category-destaque-da-semana","category-ultima-hora"],"_links":{"self":[{"href":"https:\/\/diarioregionaldigital.com.br\/index.php?rest_route=\/wp\/v2\/posts\/159736","targetHints":{"allow":["GET"]}}],"collection":[{"href":"https:\/\/diarioregionaldigital.com.br\/index.php?rest_route=\/wp\/v2\/posts"}],"about":[{"href":"https:\/\/diarioregionaldigital.com.br\/index.php?rest_route=\/wp\/v2\/types\/post"}],"author":[{"embeddable":true,"href":"https:\/\/diarioregionaldigital.com.br\/index.php?rest_route=\/wp\/v2\/users\/96"}],"replies":[{"embeddable":true,"href":"https:\/\/diarioregionaldigital.com.br\/index.php?rest_route=%2Fwp%2Fv2%2Fcomments&post=159736"}],"version-history":[{"count":0,"href":"https:\/\/diarioregionaldigital.com.br\/index.php?rest_route=\/wp\/v2\/posts\/159736\/revisions"}],"wp:featuredmedia":[{"embeddable":true,"href":"https:\/\/diarioregionaldigital.com.br\/index.php?rest_route=\/wp\/v2\/media\/158641"}],"wp:attachment":[{"href":"https:\/\/diarioregionaldigital.com.br\/index.php?rest_route=%2Fwp%2Fv2%2Fmedia&parent=159736"}],"wp:term":[{"taxonomy":"category","embeddable":true,"href":"https:\/\/diarioregionaldigital.com.br\/index.php?rest_route=%2Fwp%2Fv2%2Fcategories&post=159736"},{"taxonomy":"post_tag","embeddable":true,"href":"https:\/\/diarioregionaldigital.com.br\/index.php?rest_route=%2Fwp%2Fv2%2Ftags&post=159736"}],"curies":[{"name":"wp","href":"https:\/\/api.w.org\/{rel}","templated":true}]}}