{"id":159734,"date":"2020-05-06T11:19:23","date_gmt":"2020-05-06T14:19:23","guid":{"rendered":"https:\/\/diarioregionaldigital.com.br\/?p=159734"},"modified":"2020-05-06T11:19:23","modified_gmt":"2020-05-06T14:19:23","slug":"estado-confirma-mais-tres-mortes-por-covid-19","status":"publish","type":"post","link":"https:\/\/diarioregionaldigital.com.br\/?p=159734","title":{"rendered":"Estado confirma mais tr\u00eas mortes por Covid-19"},"content":{"rendered":"<p>A Secretaria de Estado da Sa\u00fade de Minas Gerais (SES-MG), confirmou mais tr\u00eas <a href=\"https:\/\/saude.mg.gov.br\/images\/noticias_e_eventos\/000_2020\/Boletins_Corona\/Quadro_Obitos_COVID-19_MG_06.05.2020.pdf\">mortes<\/a> decorrentes do Coronav\u00edrus. A primeira v\u00edtima \u00e9 um idoso de 69 anos, residente de Belo Horizonte, a segunda v\u00edtima \u00e9 um homem de 47 anos morador de Barbacena e a terceira \u00e9 um homem de 58 anos, natural de Extrema. Conforme o boletim epidemiol\u00f3gico, o n\u00famero de casos confirmados subiu para 2.605 e os casos suspeitos chegam a 91.618.<\/p>\n<p>Os\u00a0dados atualizados\u00a0referentes a \u00f3bitos confirmados em Minas Gerais s\u00e3o: Araguari (1), Arax\u00e1 (1), Barbacena (2), Belmiro Braga (1), Belo Horizonte (23), Belo Vale (1), Betim (1), Bonfim (1), Capit\u00f3lio (1), Cataguases(1), Centralina (1), Contagem (3), Divin\u00f3polis (1), Espinosa (1), Extrema (2), Governador Valadares (3), Ipia\u00e7u (1), Itabira (1), Juiz de Fora (6), Mariana (1), M\u00e1rio Campos (1), Martinho Campos (1), Montes Claros (2), Morro da Gar\u00e7a (1), Nanuque (1), Nova Serrana (1), Novo Cruzeiro (1), Ouro Fino (1), Paracatu (1), Parais\u00f3polis (2), Patos de Minas (1), Patroc\u00ednio (1), Piumhi (1), Planura (1), Po\u00e7os de Caldas (2), Pouso Alegre (3), Presidente Juscelino (1), Santos Dumont (1), S\u00e3o Francisco (2), S\u00e3o Geraldo da Piedade (1), S\u00e3o Rom\u00e3o (1), S\u00e3o Sebasti\u00e3o do Para\u00edso (1), S\u00e3o Tom\u00e1s de Aquino (1), Tr\u00eas Pontas (1), Uberaba (4), Uberl\u00e2ndia (8), Varginha (1) e Varzel\u00e2ndia (1).<\/p>\n<div><\/div>\n<div class=\"the_champ_sharing_container the_champ_horizontal_sharing\"><\/div>\n","protected":false},"excerpt":{"rendered":"<p>A Secretaria de Estado da Sa\u00fade de Minas Gerais (SES-MG), confirmou mais tr\u00eas mortes decorrentes do Coronav\u00edrus. A primeira v\u00edtima \u00e9 um idoso de 69 anos, residente de Belo Horizonte, a segunda v\u00edtima \u00e9 um homem de 47 anos morador de Barbacena e a terceira \u00e9 um homem de 58 anos, natural de Extrema. Conforme [&hellip;]<\/p>\n","protected":false},"author":96,"featured_media":159081,"comment_status":"closed","ping_status":"closed","sticky":false,"template":"","format":"standard","meta":{"footnotes":""},"categories":[436,440,252,439],"tags":[],"class_list":["post-159734","post","type-post","status-publish","format-standard","has-post-thumbnail","hentry","category-destaque-da-semana","category-destaques-do-dia","category-regiao","category-ultima-hora"],"_links":{"self":[{"href":"https:\/\/diarioregionaldigital.com.br\/index.php?rest_route=\/wp\/v2\/posts\/159734","targetHints":{"allow":["GET"]}}],"collection":[{"href":"https:\/\/diarioregionaldigital.com.br\/index.php?rest_route=\/wp\/v2\/posts"}],"about":[{"href":"https:\/\/diarioregionaldigital.com.br\/index.php?rest_route=\/wp\/v2\/types\/post"}],"author":[{"embeddable":true,"href":"https:\/\/diarioregionaldigital.com.br\/index.php?rest_route=\/wp\/v2\/users\/96"}],"replies":[{"embeddable":true,"href":"https:\/\/diarioregionaldigital.com.br\/index.php?rest_route=%2Fwp%2Fv2%2Fcomments&post=159734"}],"version-history":[{"count":0,"href":"https:\/\/diarioregionaldigital.com.br\/index.php?rest_route=\/wp\/v2\/posts\/159734\/revisions"}],"wp:featuredmedia":[{"embeddable":true,"href":"https:\/\/diarioregionaldigital.com.br\/index.php?rest_route=\/wp\/v2\/media\/159081"}],"wp:attachment":[{"href":"https:\/\/diarioregionaldigital.com.br\/index.php?rest_route=%2Fwp%2Fv2%2Fmedia&parent=159734"}],"wp:term":[{"taxonomy":"category","embeddable":true,"href":"https:\/\/diarioregionaldigital.com.br\/index.php?rest_route=%2Fwp%2Fv2%2Fcategories&post=159734"},{"taxonomy":"post_tag","embeddable":true,"href":"https:\/\/diarioregionaldigital.com.br\/index.php?rest_route=%2Fwp%2Fv2%2Ftags&post=159734"}],"curies":[{"name":"wp","href":"https:\/\/api.w.org\/{rel}","templated":true}]}}