{"id":159711,"date":"2020-05-06T06:00:43","date_gmt":"2020-05-06T09:00:43","guid":{"rendered":"https:\/\/diarioregionaldigital.com.br\/?p=159711"},"modified":"2020-05-05T23:48:07","modified_gmt":"2020-05-06T02:48:07","slug":"para-refletir","status":"publish","type":"post","link":"https:\/\/diarioregionaldigital.com.br\/?p=159711","title":{"rendered":"Para Refletir"},"content":{"rendered":"<p style=\"text-align: center;\"><strong>Para Refletir <\/strong><\/p>\n<p style=\"text-align: center;\">A pandemia do Coronav\u00edrus veio para ajudar a redescobrir a pessoa que voc\u00ea j\u00e1 foi um dia e, principalmente, as raz\u00f5es pelas quais ela se tornou outra. Mais uma coisa: na volta a realidade, que as empresas se deem conta de como fazem falta os profissionais de cabelo branco. Hoje grupo de risco, eles ser\u00e3o uma carta na manga que vai ajudar a esculpir ao lado dos jovens apressados e arrojados, um novo futuro.<\/p>\n<p style=\"text-align: center;\"><span style=\"font-size: 14pt;\"><strong>\u201c32 anos de Colunismo Social\u201d<\/strong><\/span><\/p>\n<p style=\"text-align: center;\">Este colunista comemorando no m\u00eas de maio 32 anos de colunismo social foi no t\u00fanel do tempo e resgatou leitores e amigos que brilharam nessa coluna social on-line. Confiram.<\/p>\n<div id=\"attachment_159661\" style=\"width: 690px\" class=\"wp-caption aligncenter\"><img loading=\"lazy\" decoding=\"async\" aria-describedby=\"caption-attachment-159661\" class=\"wp-image-159661\" src=\"https:\/\/diarioregionaldigital.com.br\/wp-content\/uploads\/2020\/05\/fotoa-2-e1588731067847.jpg\" alt=\"\" width=\"680\" height=\"536\" srcset=\"https:\/\/diarioregionaldigital.com.br\/wp-content\/uploads\/2020\/05\/fotoa-2-e1588731067847.jpg 1832w, https:\/\/diarioregionaldigital.com.br\/wp-content\/uploads\/2020\/05\/fotoa-2-e1588731067847-300x236.jpg 300w, https:\/\/diarioregionaldigital.com.br\/wp-content\/uploads\/2020\/05\/fotoa-2-e1588731067847-768x605.jpg 768w, https:\/\/diarioregionaldigital.com.br\/wp-content\/uploads\/2020\/05\/fotoa-2-e1588731067847-1024x807.jpg 1024w, https:\/\/diarioregionaldigital.com.br\/wp-content\/uploads\/2020\/05\/fotoa-2-e1588731067847-360x284.jpg 360w\" sizes=\"auto, (max-width: 680px) 100vw, 680px\" \/><p id=\"caption-attachment-159661\" class=\"wp-caption-text\">O maquiador das estrelas Lisandro Reis e Eduardo Gomes, informalmente<\/p><\/div>\n<div id=\"attachment_159662\" style=\"width: 690px\" class=\"wp-caption aligncenter\"><img loading=\"lazy\" decoding=\"async\" aria-describedby=\"caption-attachment-159662\" class=\"wp-image-159662\" src=\"https:\/\/diarioregionaldigital.com.br\/wp-content\/uploads\/2020\/05\/fotob-2-e1588731030729.jpg\" alt=\"\" width=\"680\" height=\"480\" srcset=\"https:\/\/diarioregionaldigital.com.br\/wp-content\/uploads\/2020\/05\/fotob-2-e1588731030729.jpg 1638w, https:\/\/diarioregionaldigital.com.br\/wp-content\/uploads\/2020\/05\/fotob-2-e1588731030729-300x212.jpg 300w, https:\/\/diarioregionaldigital.com.br\/wp-content\/uploads\/2020\/05\/fotob-2-e1588731030729-768x542.jpg 768w, https:\/\/diarioregionaldigital.com.br\/wp-content\/uploads\/2020\/05\/fotob-2-e1588731030729-1024x723.jpg 1024w, https:\/\/diarioregionaldigital.com.br\/wp-content\/uploads\/2020\/05\/fotob-2-e1588731030729-750x530.jpg 750w, https:\/\/diarioregionaldigital.com.br\/wp-content\/uploads\/2020\/05\/fotob-2-e1588731030729-360x254.jpg 360w, https:\/\/diarioregionaldigital.com.br\/wp-content\/uploads\/2020\/05\/fotob-2-e1588731030729-100x70.jpg 100w\" sizes=\"auto, (max-width: 680px) 100vw, 680px\" \/><p id=\"caption-attachment-159662\" class=\"wp-caption-text\">No social chique, o professor Thenner Freitas e o arquiteto Alberto Mendes Ribeiro<\/p><\/div>\n<div id=\"attachment_159663\" style=\"width: 690px\" class=\"wp-caption aligncenter\"><img loading=\"lazy\" decoding=\"async\" aria-describedby=\"caption-attachment-159663\" class=\"wp-image-159663\" src=\"https:\/\/diarioregionaldigital.com.br\/wp-content\/uploads\/2020\/05\/fotoc-2-e1588731110248.jpg\" alt=\"\" width=\"680\" height=\"500\" srcset=\"https:\/\/diarioregionaldigital.com.br\/wp-content\/uploads\/2020\/05\/fotoc-2-e1588731110248.jpg 1548w, https:\/\/diarioregionaldigital.com.br\/wp-content\/uploads\/2020\/05\/fotoc-2-e1588731110248-300x221.jpg 300w, https:\/\/diarioregionaldigital.com.br\/wp-content\/uploads\/2020\/05\/fotoc-2-e1588731110248-768x565.jpg 768w, https:\/\/diarioregionaldigital.com.br\/wp-content\/uploads\/2020\/05\/fotoc-2-e1588731110248-1024x753.jpg 1024w, https:\/\/diarioregionaldigital.com.br\/wp-content\/uploads\/2020\/05\/fotoc-2-e1588731110248-360x265.jpg 360w\" sizes=\"auto, (max-width: 680px) 100vw, 680px\" \/><p id=\"caption-attachment-159663\" class=\"wp-caption-text\">No Marcellu\u2019s o lindo casal, Thalita Magnolo e Maxwell Costa<\/p><\/div>\n<div id=\"attachment_159664\" style=\"width: 690px\" class=\"wp-caption aligncenter\"><img loading=\"lazy\" decoding=\"async\" aria-describedby=\"caption-attachment-159664\" class=\"wp-image-159664\" src=\"https:\/\/diarioregionaldigital.com.br\/wp-content\/uploads\/2020\/05\/fotod-2-e1588731152592.jpg\" alt=\"\" width=\"680\" height=\"532\" srcset=\"https:\/\/diarioregionaldigital.com.br\/wp-content\/uploads\/2020\/05\/fotod-2-e1588731152592.jpg 1695w, https:\/\/diarioregionaldigital.com.br\/wp-content\/uploads\/2020\/05\/fotod-2-e1588731152592-300x235.jpg 300w, https:\/\/diarioregionaldigital.com.br\/wp-content\/uploads\/2020\/05\/fotod-2-e1588731152592-768x600.jpg 768w, https:\/\/diarioregionaldigital.com.br\/wp-content\/uploads\/2020\/05\/fotod-2-e1588731152592-1024x800.jpg 1024w, https:\/\/diarioregionaldigital.com.br\/wp-content\/uploads\/2020\/05\/fotod-2-e1588731152592-360x281.jpg 360w\" sizes=\"auto, (max-width: 680px) 100vw, 680px\" \/><p id=\"caption-attachment-159664\" class=\"wp-caption-text\">Lindos na balada: Wagner Vaccari e Rosenberg Frizeiro<\/p><\/div>\n<div id=\"attachment_159665\" style=\"width: 690px\" class=\"wp-caption aligncenter\"><img loading=\"lazy\" decoding=\"async\" aria-describedby=\"caption-attachment-159665\" class=\"wp-image-159665\" src=\"https:\/\/diarioregionaldigital.com.br\/wp-content\/uploads\/2020\/05\/fotoe-2-e1588731463824.jpg\" alt=\"\" width=\"680\" height=\"633\" srcset=\"https:\/\/diarioregionaldigital.com.br\/wp-content\/uploads\/2020\/05\/fotoe-2-e1588731463824.jpg 1329w, https:\/\/diarioregionaldigital.com.br\/wp-content\/uploads\/2020\/05\/fotoe-2-e1588731463824-300x279.jpg 300w, https:\/\/diarioregionaldigital.com.br\/wp-content\/uploads\/2020\/05\/fotoe-2-e1588731463824-768x715.jpg 768w, https:\/\/diarioregionaldigital.com.br\/wp-content\/uploads\/2020\/05\/fotoe-2-e1588731463824-1024x954.jpg 1024w, https:\/\/diarioregionaldigital.com.br\/wp-content\/uploads\/2020\/05\/fotoe-2-e1588731463824-360x335.jpg 360w\" sizes=\"auto, (max-width: 680px) 100vw, 680px\" \/><p id=\"caption-attachment-159665\" class=\"wp-caption-text\">Gente noticia, o coiffeur Jorge Modesto e o Dj Felipe Lira<\/p><\/div>\n<div id=\"attachment_159666\" style=\"width: 690px\" class=\"wp-caption aligncenter\"><img loading=\"lazy\" decoding=\"async\" aria-describedby=\"caption-attachment-159666\" class=\"wp-image-159666\" src=\"https:\/\/diarioregionaldigital.com.br\/wp-content\/uploads\/2020\/05\/fotof-2-e1588731744355.jpg\" alt=\"\" width=\"680\" height=\"487\" srcset=\"https:\/\/diarioregionaldigital.com.br\/wp-content\/uploads\/2020\/05\/fotof-2-e1588731744355.jpg 1757w, https:\/\/diarioregionaldigital.com.br\/wp-content\/uploads\/2020\/05\/fotof-2-e1588731744355-300x215.jpg 300w, https:\/\/diarioregionaldigital.com.br\/wp-content\/uploads\/2020\/05\/fotof-2-e1588731744355-768x550.jpg 768w, https:\/\/diarioregionaldigital.com.br\/wp-content\/uploads\/2020\/05\/fotof-2-e1588731744355-1024x733.jpg 1024w, https:\/\/diarioregionaldigital.com.br\/wp-content\/uploads\/2020\/05\/fotof-2-e1588731744355-360x258.jpg 360w\" sizes=\"auto, (max-width: 680px) 100vw, 680px\" \/><p id=\"caption-attachment-159666\" class=\"wp-caption-text\">Em tarde de Lions no Ritz Hotel, Elaine Dias e Eduardo Gomes<\/p><\/div>\n<div id=\"attachment_159667\" style=\"width: 690px\" class=\"wp-caption aligncenter\"><img loading=\"lazy\" decoding=\"async\" aria-describedby=\"caption-attachment-159667\" class=\"wp-image-159667\" src=\"https:\/\/diarioregionaldigital.com.br\/wp-content\/uploads\/2020\/05\/fotog-2.jpg\" alt=\"\" width=\"680\" height=\"449\" srcset=\"https:\/\/diarioregionaldigital.com.br\/wp-content\/uploads\/2020\/05\/fotog-2.jpg 2752w, https:\/\/diarioregionaldigital.com.br\/wp-content\/uploads\/2020\/05\/fotog-2-300x198.jpg 300w, https:\/\/diarioregionaldigital.com.br\/wp-content\/uploads\/2020\/05\/fotog-2-768x507.jpg 768w, https:\/\/diarioregionaldigital.com.br\/wp-content\/uploads\/2020\/05\/fotog-2-1024x676.jpg 1024w, https:\/\/diarioregionaldigital.com.br\/wp-content\/uploads\/2020\/05\/fotog-2-1440x950.jpg 1440w, https:\/\/diarioregionaldigital.com.br\/wp-content\/uploads\/2020\/05\/fotog-2-360x238.jpg 360w\" sizes=\"auto, (max-width: 680px) 100vw, 680px\" \/><p id=\"caption-attachment-159667\" class=\"wp-caption-text\">O odont\u00f3logo Fernando Cruz e Eduardo Gomes, no Spazio Design<\/p><\/div>\n<div id=\"attachment_159668\" style=\"width: 690px\" class=\"wp-caption aligncenter\"><img loading=\"lazy\" decoding=\"async\" aria-describedby=\"caption-attachment-159668\" class=\"wp-image-159668\" src=\"https:\/\/diarioregionaldigital.com.br\/wp-content\/uploads\/2020\/05\/fotoh-2-e1588731944520.jpg\" alt=\"\" width=\"680\" height=\"678\" srcset=\"https:\/\/diarioregionaldigital.com.br\/wp-content\/uploads\/2020\/05\/fotoh-2-e1588731944520.jpg 1515w, https:\/\/diarioregionaldigital.com.br\/wp-content\/uploads\/2020\/05\/fotoh-2-e1588731944520-150x150.jpg 150w, https:\/\/diarioregionaldigital.com.br\/wp-content\/uploads\/2020\/05\/fotoh-2-e1588731944520-300x300.jpg 300w, https:\/\/diarioregionaldigital.com.br\/wp-content\/uploads\/2020\/05\/fotoh-2-e1588731944520-768x765.jpg 768w, https:\/\/diarioregionaldigital.com.br\/wp-content\/uploads\/2020\/05\/fotoh-2-e1588731944520-1024x1021.jpg 1024w, https:\/\/diarioregionaldigital.com.br\/wp-content\/uploads\/2020\/05\/fotoh-2-e1588731944520-180x180.jpg 180w, https:\/\/diarioregionaldigital.com.br\/wp-content\/uploads\/2020\/05\/fotoh-2-e1588731944520-120x120.jpg 120w, https:\/\/diarioregionaldigital.com.br\/wp-content\/uploads\/2020\/05\/fotoh-2-e1588731944520-360x359.jpg 360w, https:\/\/diarioregionaldigital.com.br\/wp-content\/uploads\/2020\/05\/fotoh-2-e1588731944520-80x80.jpg 80w\" sizes=\"auto, (max-width: 680px) 100vw, 680px\" \/><p id=\"caption-attachment-159668\" class=\"wp-caption-text\">No almo\u00e7o do Baluarte, Carlos Sacci e Wesley Monteiro<\/p><\/div>\n<div id=\"attachment_159669\" style=\"width: 690px\" class=\"wp-caption aligncenter\"><img loading=\"lazy\" decoding=\"async\" aria-describedby=\"caption-attachment-159669\" class=\"wp-image-159669\" src=\"https:\/\/diarioregionaldigital.com.br\/wp-content\/uploads\/2020\/05\/fotoi-1-e1588732074115.jpg\" alt=\"\" width=\"680\" height=\"499\" srcset=\"https:\/\/diarioregionaldigital.com.br\/wp-content\/uploads\/2020\/05\/fotoi-1-e1588732074115.jpg 1864w, https:\/\/diarioregionaldigital.com.br\/wp-content\/uploads\/2020\/05\/fotoi-1-e1588732074115-300x220.jpg 300w, https:\/\/diarioregionaldigital.com.br\/wp-content\/uploads\/2020\/05\/fotoi-1-e1588732074115-768x563.jpg 768w, https:\/\/diarioregionaldigital.com.br\/wp-content\/uploads\/2020\/05\/fotoi-1-e1588732074115-1024x751.jpg 1024w, https:\/\/diarioregionaldigital.com.br\/wp-content\/uploads\/2020\/05\/fotoi-1-e1588732074115-360x264.jpg 360w\" sizes=\"auto, (max-width: 680px) 100vw, 680px\" \/><p id=\"caption-attachment-159669\" class=\"wp-caption-text\">Em evento da ABRASEL, Eduardo Gomes e Francelle Galil<\/p><\/div>\n<div id=\"attachment_159670\" style=\"width: 690px\" class=\"wp-caption aligncenter\"><img loading=\"lazy\" decoding=\"async\" aria-describedby=\"caption-attachment-159670\" class=\"wp-image-159670\" src=\"https:\/\/diarioregionaldigital.com.br\/wp-content\/uploads\/2020\/05\/fotoj-1-e1588732118451.jpg\" alt=\"\" width=\"680\" height=\"480\" srcset=\"https:\/\/diarioregionaldigital.com.br\/wp-content\/uploads\/2020\/05\/fotoj-1-e1588732118451.jpg 1739w, https:\/\/diarioregionaldigital.com.br\/wp-content\/uploads\/2020\/05\/fotoj-1-e1588732118451-300x212.jpg 300w, https:\/\/diarioregionaldigital.com.br\/wp-content\/uploads\/2020\/05\/fotoj-1-e1588732118451-768x542.jpg 768w, https:\/\/diarioregionaldigital.com.br\/wp-content\/uploads\/2020\/05\/fotoj-1-e1588732118451-1024x723.jpg 1024w, https:\/\/diarioregionaldigital.com.br\/wp-content\/uploads\/2020\/05\/fotoj-1-e1588732118451-750x530.jpg 750w, https:\/\/diarioregionaldigital.com.br\/wp-content\/uploads\/2020\/05\/fotoj-1-e1588732118451-360x254.jpg 360w, https:\/\/diarioregionaldigital.com.br\/wp-content\/uploads\/2020\/05\/fotoj-1-e1588732118451-100x70.jpg 100w\" sizes=\"auto, (max-width: 680px) 100vw, 680px\" \/><p id=\"caption-attachment-159670\" class=\"wp-caption-text\">Curtindo o Univershow, Rose Oliveira, Eduardo Gomes e Geraldinho Gomes<\/p><\/div>\n<div id=\"attachment_159671\" style=\"width: 690px\" class=\"wp-caption aligncenter\"><img loading=\"lazy\" decoding=\"async\" aria-describedby=\"caption-attachment-159671\" class=\"wp-image-159671\" src=\"https:\/\/diarioregionaldigital.com.br\/wp-content\/uploads\/2020\/05\/fotol-1.jpg\" alt=\"\" width=\"680\" height=\"445\" srcset=\"https:\/\/diarioregionaldigital.com.br\/wp-content\/uploads\/2020\/05\/fotol-1.jpg 2432w, https:\/\/diarioregionaldigital.com.br\/wp-content\/uploads\/2020\/05\/fotol-1-300x196.jpg 300w, https:\/\/diarioregionaldigital.com.br\/wp-content\/uploads\/2020\/05\/fotol-1-768x503.jpg 768w, https:\/\/diarioregionaldigital.com.br\/wp-content\/uploads\/2020\/05\/fotol-1-1024x670.jpg 1024w, https:\/\/diarioregionaldigital.com.br\/wp-content\/uploads\/2020\/05\/fotol-1-360x236.jpg 360w\" sizes=\"auto, (max-width: 680px) 100vw, 680px\" \/><p id=\"caption-attachment-159671\" class=\"wp-caption-text\">Anos Dourados no Bar Padre Caf\u00e9, Heliana Aglio, Eduardo Gomes e Glaucia Policeni<\/p><\/div>\n<div id=\"attachment_159672\" style=\"width: 690px\" class=\"wp-caption aligncenter\"><img loading=\"lazy\" decoding=\"async\" aria-describedby=\"caption-attachment-159672\" class=\"wp-image-159672\" src=\"https:\/\/diarioregionaldigital.com.br\/wp-content\/uploads\/2020\/05\/fotom-1.jpg\" alt=\"\" width=\"680\" height=\"445\" srcset=\"https:\/\/diarioregionaldigital.com.br\/wp-content\/uploads\/2020\/05\/fotom-1.jpg 2752w, https:\/\/diarioregionaldigital.com.br\/wp-content\/uploads\/2020\/05\/fotom-1-300x196.jpg 300w, https:\/\/diarioregionaldigital.com.br\/wp-content\/uploads\/2020\/05\/fotom-1-768x502.jpg 768w, https:\/\/diarioregionaldigital.com.br\/wp-content\/uploads\/2020\/05\/fotom-1-1024x670.jpg 1024w, https:\/\/diarioregionaldigital.com.br\/wp-content\/uploads\/2020\/05\/fotom-1-360x235.jpg 360w\" sizes=\"auto, (max-width: 680px) 100vw, 680px\" \/><p id=\"caption-attachment-159672\" class=\"wp-caption-text\">Em festa no Victory Suites, Eduardo Gomes e o advogado Lenilson Fonseca<\/p><\/div>\n<div id=\"attachment_159673\" style=\"width: 690px\" class=\"wp-caption aligncenter\"><img loading=\"lazy\" decoding=\"async\" aria-describedby=\"caption-attachment-159673\" class=\"wp-image-159673\" src=\"https:\/\/diarioregionaldigital.com.br\/wp-content\/uploads\/2020\/05\/foton-1-e1588732309686.jpg\" alt=\"\" width=\"680\" height=\"506\" srcset=\"https:\/\/diarioregionaldigital.com.br\/wp-content\/uploads\/2020\/05\/foton-1-e1588732309686.jpg 1749w, https:\/\/diarioregionaldigital.com.br\/wp-content\/uploads\/2020\/05\/foton-1-e1588732309686-300x223.jpg 300w, https:\/\/diarioregionaldigital.com.br\/wp-content\/uploads\/2020\/05\/foton-1-e1588732309686-768x572.jpg 768w, https:\/\/diarioregionaldigital.com.br\/wp-content\/uploads\/2020\/05\/foton-1-e1588732309686-1024x762.jpg 1024w, https:\/\/diarioregionaldigital.com.br\/wp-content\/uploads\/2020\/05\/foton-1-e1588732309686-360x268.jpg 360w\" sizes=\"auto, (max-width: 680px) 100vw, 680px\" \/><p id=\"caption-attachment-159673\" class=\"wp-caption-text\">No baile do Esporte Clube Benfica, Eduardo Gomes e Vanda Malta<\/p><\/div>\n<div id=\"attachment_159675\" style=\"width: 690px\" class=\"wp-caption aligncenter\"><img loading=\"lazy\" decoding=\"async\" aria-describedby=\"caption-attachment-159675\" class=\"wp-image-159675\" src=\"https:\/\/diarioregionaldigital.com.br\/wp-content\/uploads\/2020\/05\/fotoq.jpg\" alt=\"\" width=\"680\" height=\"457\" srcset=\"https:\/\/diarioregionaldigital.com.br\/wp-content\/uploads\/2020\/05\/fotoq.jpg 2800w, https:\/\/diarioregionaldigital.com.br\/wp-content\/uploads\/2020\/05\/fotoq-300x201.jpg 300w, https:\/\/diarioregionaldigital.com.br\/wp-content\/uploads\/2020\/05\/fotoq-768x516.jpg 768w, https:\/\/diarioregionaldigital.com.br\/wp-content\/uploads\/2020\/05\/fotoq-1024x688.jpg 1024w, https:\/\/diarioregionaldigital.com.br\/wp-content\/uploads\/2020\/05\/fotoq-360x242.jpg 360w\" sizes=\"auto, (max-width: 680px) 100vw, 680px\" \/><p id=\"caption-attachment-159675\" class=\"wp-caption-text\">No Vitory Suites, Eduardo Gomes e Dr. Renato Loures<\/p><\/div>\n<div id=\"attachment_159676\" style=\"width: 690px\" class=\"wp-caption aligncenter\"><img loading=\"lazy\" decoding=\"async\" aria-describedby=\"caption-attachment-159676\" class=\"wp-image-159676\" src=\"https:\/\/diarioregionaldigital.com.br\/wp-content\/uploads\/2020\/05\/fotor.jpg\" alt=\"\" width=\"680\" height=\"432\" srcset=\"https:\/\/diarioregionaldigital.com.br\/wp-content\/uploads\/2020\/05\/fotor.jpg 2640w, https:\/\/diarioregionaldigital.com.br\/wp-content\/uploads\/2020\/05\/fotor-300x190.jpg 300w, https:\/\/diarioregionaldigital.com.br\/wp-content\/uploads\/2020\/05\/fotor-768x488.jpg 768w, https:\/\/diarioregionaldigital.com.br\/wp-content\/uploads\/2020\/05\/fotor-1024x650.jpg 1024w, https:\/\/diarioregionaldigital.com.br\/wp-content\/uploads\/2020\/05\/fotor-360x229.jpg 360w, https:\/\/diarioregionaldigital.com.br\/wp-content\/uploads\/2020\/05\/fotor-490x310.jpg 490w\" sizes=\"auto, (max-width: 680px) 100vw, 680px\" \/><p id=\"caption-attachment-159676\" class=\"wp-caption-text\">Na Vaporetto, Ivete Gomes, Eduardo Gomes, Marc\u00edlio Gomes e Concei\u00e7\u00e3o Dornelas<\/p><\/div>\n<div id=\"attachment_159674\" style=\"width: 690px\" class=\"wp-caption aligncenter\"><img loading=\"lazy\" decoding=\"async\" aria-describedby=\"caption-attachment-159674\" class=\"wp-image-159674\" src=\"https:\/\/diarioregionaldigital.com.br\/wp-content\/uploads\/2020\/05\/fotop-1.jpg\" alt=\"\" width=\"680\" height=\"436\" srcset=\"https:\/\/diarioregionaldigital.com.br\/wp-content\/uploads\/2020\/05\/fotop-1.jpg 2656w, https:\/\/diarioregionaldigital.com.br\/wp-content\/uploads\/2020\/05\/fotop-1-300x192.jpg 300w, https:\/\/diarioregionaldigital.com.br\/wp-content\/uploads\/2020\/05\/fotop-1-768x493.jpg 768w, https:\/\/diarioregionaldigital.com.br\/wp-content\/uploads\/2020\/05\/fotop-1-1024x657.jpg 1024w, https:\/\/diarioregionaldigital.com.br\/wp-content\/uploads\/2020\/05\/fotop-1-360x231.jpg 360w\" sizes=\"auto, (max-width: 680px) 100vw, 680px\" \/><p id=\"caption-attachment-159674\" class=\"wp-caption-text\">No F\u00e1tima Buffet, Eduardo Gomes ladeado de \u00c2ngela Turolla, Daisy Pontes Jacomedes, Cida Leite, Maria Pires e Gra\u00e7a Loures<\/p><\/div>\n<p><img loading=\"lazy\" decoding=\"async\" class=\"aligncenter size-full wp-image-159712\" src=\"https:\/\/diarioregionaldigital.com.br\/wp-content\/uploads\/2020\/05\/anuncio89.jpg\" alt=\"\" width=\"3522\" height=\"1344\" srcset=\"https:\/\/diarioregionaldigital.com.br\/wp-content\/uploads\/2020\/05\/anuncio89.jpg 3522w, https:\/\/diarioregionaldigital.com.br\/wp-content\/uploads\/2020\/05\/anuncio89-300x114.jpg 300w, https:\/\/diarioregionaldigital.com.br\/wp-content\/uploads\/2020\/05\/anuncio89-768x293.jpg 768w, https:\/\/diarioregionaldigital.com.br\/wp-content\/uploads\/2020\/05\/anuncio89-1024x391.jpg 1024w, https:\/\/diarioregionaldigital.com.br\/wp-content\/uploads\/2020\/05\/anuncio89-360x137.jpg 360w\" sizes=\"auto, (max-width: 3522px) 100vw, 3522px\" \/><\/p>\n","protected":false},"excerpt":{"rendered":"<p>Para Refletir A pandemia do Coronav\u00edrus veio para ajudar a redescobrir a pessoa que voc\u00ea j\u00e1 foi um dia e, principalmente, as raz\u00f5es pelas quais ela se tornou outra. Mais uma coisa: na volta a realidade, que as empresas se deem conta de como fazem falta os profissionais de cabelo branco. Hoje grupo de risco, [&hellip;]<\/p>\n","protected":false},"author":96,"featured_media":159661,"comment_status":"closed","ping_status":"closed","sticky":false,"template":"","format":"standard","meta":{"footnotes":""},"categories":[264],"tags":[],"class_list":["post-159711","post","type-post","status-publish","format-standard","has-post-thumbnail","hentry","category-eduardo-gomes"],"_links":{"self":[{"href":"https:\/\/diarioregionaldigital.com.br\/index.php?rest_route=\/wp\/v2\/posts\/159711","targetHints":{"allow":["GET"]}}],"collection":[{"href":"https:\/\/diarioregionaldigital.com.br\/index.php?rest_route=\/wp\/v2\/posts"}],"about":[{"href":"https:\/\/diarioregionaldigital.com.br\/index.php?rest_route=\/wp\/v2\/types\/post"}],"author":[{"embeddable":true,"href":"https:\/\/diarioregionaldigital.com.br\/index.php?rest_route=\/wp\/v2\/users\/96"}],"replies":[{"embeddable":true,"href":"https:\/\/diarioregionaldigital.com.br\/index.php?rest_route=%2Fwp%2Fv2%2Fcomments&post=159711"}],"version-history":[{"count":0,"href":"https:\/\/diarioregionaldigital.com.br\/index.php?rest_route=\/wp\/v2\/posts\/159711\/revisions"}],"wp:featuredmedia":[{"embeddable":true,"href":"https:\/\/diarioregionaldigital.com.br\/index.php?rest_route=\/wp\/v2\/media\/159661"}],"wp:attachment":[{"href":"https:\/\/diarioregionaldigital.com.br\/index.php?rest_route=%2Fwp%2Fv2%2Fmedia&parent=159711"}],"wp:term":[{"taxonomy":"category","embeddable":true,"href":"https:\/\/diarioregionaldigital.com.br\/index.php?rest_route=%2Fwp%2Fv2%2Fcategories&post=159711"},{"taxonomy":"post_tag","embeddable":true,"href":"https:\/\/diarioregionaldigital.com.br\/index.php?rest_route=%2Fwp%2Fv2%2Ftags&post=159711"}],"curies":[{"name":"wp","href":"https:\/\/api.w.org\/{rel}","templated":true}]}}