{"id":159704,"date":"2020-05-05T20:23:23","date_gmt":"2020-05-05T23:23:23","guid":{"rendered":"https:\/\/diarioregionaldigital.com.br\/?p=159704"},"modified":"2020-05-05T20:23:23","modified_gmt":"2020-05-05T23:23:23","slug":"dois-individuos-sao-presos-por-trafico-de-drogas-em-juiz-de-fora","status":"publish","type":"post","link":"https:\/\/diarioregionaldigital.com.br\/?p=159704","title":{"rendered":"Dois indiv\u00edduos s\u00e3o presos por tr\u00e1fico de drogas em Juiz de Fora"},"content":{"rendered":"<p>A Pol\u00edcia Militar (PM), prendeu dois indiv\u00edduos, ambos de 18 anos, por realizar tr\u00e1fico de drogas nas Regi\u00f5es Noroeste e Sul de Juiz de Fora. O primeiro caso ocorreu no Ipiranga (Regi\u00e3o Sul), onde a PM realizava um patrulhamento pelo local e avistou um indiv\u00edduo em atitude suspeita e estava em frente a sua resid\u00eancia.<\/p>\n<p>Os policiais abordaram o autor e constataram que o mesmo \u00e9 bastante conhecido por com\u00e9rcio de drogas. Logo em seguida a irm\u00e3 do suspeito conversou com a guarni\u00e7\u00e3o e liberou a entrada no im\u00f3vel. Os policiais realizaram buscas pelo local e encontraram 115 papelotes de coca\u00edna, tr\u00eas pedras brutas de subst\u00e2ncia semelhante a coca\u00edna, v\u00e1rios sacol\u00e9s utilizados para armazenar drogas e R$325,00 em dinheiro.<\/p>\n<p>O autor assumiu autoria dos materiais e foi preso em flagrante, sendo encaminhado para a Delegacia junto com os materiais, sob \u00e0 presen\u00e7a da autoridade de pol\u00edcia judici\u00e1ria.<\/p>\n<p>O outro caso ocorreu no Jardim Natal (Regi\u00e3o Noroeste), local tamb\u00e9m conhecido pela comercializa\u00e7\u00e3o de drogas. Durante o patrulhamento, a guarni\u00e7\u00e3o avistou um indiv\u00edduo em atitude suspeita e ao perceber a presen\u00e7a dos policiais, tentou fugir pelas margens do c\u00f3rrego Humait\u00e1, mas foi cercado logo em seguida.<\/p>\n<p>No caminho da fuga, ele soltou uma bolsa contendo parte da mercadoria e o mesmo relatou \u00e0 PM que havia drogas escondidas pelo local. Para isso foi necess\u00e1rio acionamento de c\u00e3o farejador e instantes depois foram encontrados os outros materiais. Ao todo foram apreendidos 75 buchas de maconha, 45 papelotes de coca\u00edna e R$247,50 em dinheiro.<\/p>\n<p>O autor foi preso em flagrante e conduzido para a Delegacia, junto com os materiais apreendidos.<\/p>\n","protected":false},"excerpt":{"rendered":"<p>A Pol\u00edcia Militar (PM), prendeu dois indiv\u00edduos, ambos de 18 anos, por realizar tr\u00e1fico de drogas nas Regi\u00f5es Noroeste e Sul de Juiz de Fora. O primeiro caso ocorreu no Ipiranga (Regi\u00e3o Sul), onde a PM realizava um patrulhamento pelo local e avistou um indiv\u00edduo em atitude suspeita e estava em frente a sua resid\u00eancia. [&hellip;]<\/p>\n","protected":false},"author":96,"featured_media":159705,"comment_status":"closed","ping_status":"closed","sticky":false,"template":"","format":"standard","meta":{"footnotes":""},"categories":[301,436,439],"tags":[],"class_list":["post-159704","post","type-post","status-publish","format-standard","has-post-thumbnail","hentry","category-artigos-policiais","category-destaque-da-semana","category-ultima-hora"],"_links":{"self":[{"href":"https:\/\/diarioregionaldigital.com.br\/index.php?rest_route=\/wp\/v2\/posts\/159704","targetHints":{"allow":["GET"]}}],"collection":[{"href":"https:\/\/diarioregionaldigital.com.br\/index.php?rest_route=\/wp\/v2\/posts"}],"about":[{"href":"https:\/\/diarioregionaldigital.com.br\/index.php?rest_route=\/wp\/v2\/types\/post"}],"author":[{"embeddable":true,"href":"https:\/\/diarioregionaldigital.com.br\/index.php?rest_route=\/wp\/v2\/users\/96"}],"replies":[{"embeddable":true,"href":"https:\/\/diarioregionaldigital.com.br\/index.php?rest_route=%2Fwp%2Fv2%2Fcomments&post=159704"}],"version-history":[{"count":0,"href":"https:\/\/diarioregionaldigital.com.br\/index.php?rest_route=\/wp\/v2\/posts\/159704\/revisions"}],"wp:featuredmedia":[{"embeddable":true,"href":"https:\/\/diarioregionaldigital.com.br\/index.php?rest_route=\/wp\/v2\/media\/159705"}],"wp:attachment":[{"href":"https:\/\/diarioregionaldigital.com.br\/index.php?rest_route=%2Fwp%2Fv2%2Fmedia&parent=159704"}],"wp:term":[{"taxonomy":"category","embeddable":true,"href":"https:\/\/diarioregionaldigital.com.br\/index.php?rest_route=%2Fwp%2Fv2%2Fcategories&post=159704"},{"taxonomy":"post_tag","embeddable":true,"href":"https:\/\/diarioregionaldigital.com.br\/index.php?rest_route=%2Fwp%2Fv2%2Ftags&post=159704"}],"curies":[{"name":"wp","href":"https:\/\/api.w.org\/{rel}","templated":true}]}}