{"id":159701,"date":"2020-05-05T20:22:10","date_gmt":"2020-05-05T23:22:10","guid":{"rendered":"https:\/\/diarioregionaldigital.com.br\/?p=159701"},"modified":"2020-05-05T20:22:10","modified_gmt":"2020-05-05T23:22:10","slug":"ufjf-participa-de-vacinacao-contra-influenza-para-caminhoneiros-na-br-040","status":"publish","type":"post","link":"https:\/\/diarioregionaldigital.com.br\/?p=159701","title":{"rendered":"UFJF participa de vacina\u00e7\u00e3o contra influenza para caminhoneiros na BR-040"},"content":{"rendered":"<p>A Universidade Federal de Juiz de Fora (UFJF) participou nessa ter\u00e7a-feira (5), de uma a\u00e7\u00e3o de imuniza\u00e7\u00e3o de caminhoneiros no posto da Pol\u00edcia Rodovi\u00e1ria Federal (PRF), no Km 765 da BR-040. A vacina\u00e7\u00e3o contra a influenza \u00e9 parte da segunda fase da campanha realizada pela Prefeitura de Juiz de Fora (PJF), com parceria da UFJF, da PRF e do Servi\u00e7o Social do Transporte e Servi\u00e7o Nacional de Aprendizagem no Transporte (Sest\/Senat). A imuniza\u00e7\u00e3o no local vai at\u00e9 esta quinta-feira (7) das 9h \u00e0s 12h.<\/p>\n<p>Para a a\u00e7\u00e3o, foi estipulada uma meta de 150 doses di\u00e1rias e est\u00e3o sendo vacinados os caminhoneiros e seus ajudantes. A equipe de imuniza\u00e7\u00e3o \u00e9 composta por um professor da Faculdade de Enfermagem, um enfermeiro do Hospital Universit\u00e1rio (HU) e dois alunos. O posto da PRF oferece maior seguran\u00e7a para os caminhoneiros e para a equipe, pois l\u00e1 \u00e9 poss\u00edvel fazer a parada para a vacina\u00e7\u00e3o.<\/p>\n<p>Segundo a professora \u00c9rika Andrade, que esteve presente neste primeiro dia, a iniciativa foi bem recebida pelos caminhoneiros. \u201cFoi uma a\u00e7\u00e3o bem tranquila, tivemos o apoio do pessoal do Sest\/Senat e da Pol\u00edcia, que estavam l\u00e1 nos dando suporte e atendendo. Ouvimos relatos de caminhoneiros que estavam \u00e0 procura da vacina, mas tinham dificuldades de encontrar. Eles foram muito receptivos, at\u00e9 pela praticidade por estar em um lugar onde eles j\u00e1 iriam passar.\u201d<\/p>\n<p>\u201cOs caminhoneiros hoje representam uma das categorias de trabalhadores que est\u00e3o na linha frente do combate \u00e0 pandemia, pois est\u00e3o abastecendo os munic\u00edpios com diversos itens essenciais. Obviamente a vacina n\u00e3o traz a imuniza\u00e7\u00e3o contra a Covid-19, mas oferece imuniza\u00e7\u00e3o contra a influenza, uma doen\u00e7a muito comum e que causa limita\u00e7\u00f5es no trabalho deles. Ent\u00e3o, nesse momento, a imuniza\u00e7\u00e3o para este p\u00fablico \u00e9 essencial\u201d, enfatiza \u00c9rika.<\/p>\n<p>Devido a uma poss\u00edvel rea\u00e7\u00e3o da vacina ser a febre baixa nas 48 horas seguintes \u00e0 aplica\u00e7\u00e3o, foram entregues comprovantes de vacina\u00e7\u00e3o para caso eles precisem apresentar em alguma empresa que est\u00e1 aferindo a temperatura na hora da descarga.<\/p>\n<p>A parceria com a Prefeitura teve in\u00edcio desde a vacina\u00e7\u00e3o realizada no estacionamento da Faculdade de Educa\u00e7\u00e3o, com o sistema \u201cdrive thru\u201d, para idosos. Mesmo quando essa a\u00e7\u00e3o terminou, a UFJF continuou os trabalhos junto ao setor de imuniza\u00e7\u00e3o, atendendo\u00a0 as pessoas acamadas da cidade e o p\u00fablico alvo do momento.<\/p>\n<p>&nbsp;<\/p>\n<p><strong>Fonte:\u00a0<\/strong>Assessoria<\/p>\n","protected":false},"excerpt":{"rendered":"<p>A Universidade Federal de Juiz de Fora (UFJF) participou nessa ter\u00e7a-feira (5), de uma a\u00e7\u00e3o de imuniza\u00e7\u00e3o de caminhoneiros no posto da Pol\u00edcia Rodovi\u00e1ria Federal (PRF), no Km 765 da BR-040. A vacina\u00e7\u00e3o contra a influenza \u00e9 parte da segunda fase da campanha realizada pela Prefeitura de Juiz de Fora (PJF), com parceria da UFJF, [&hellip;]<\/p>\n","protected":false},"author":96,"featured_media":159702,"comment_status":"closed","ping_status":"closed","sticky":false,"template":"","format":"standard","meta":{"footnotes":""},"categories":[253,436,439],"tags":[],"class_list":["post-159701","post","type-post","status-publish","format-standard","has-post-thumbnail","hentry","category-cidade","category-destaque-da-semana","category-ultima-hora"],"_links":{"self":[{"href":"https:\/\/diarioregionaldigital.com.br\/index.php?rest_route=\/wp\/v2\/posts\/159701","targetHints":{"allow":["GET"]}}],"collection":[{"href":"https:\/\/diarioregionaldigital.com.br\/index.php?rest_route=\/wp\/v2\/posts"}],"about":[{"href":"https:\/\/diarioregionaldigital.com.br\/index.php?rest_route=\/wp\/v2\/types\/post"}],"author":[{"embeddable":true,"href":"https:\/\/diarioregionaldigital.com.br\/index.php?rest_route=\/wp\/v2\/users\/96"}],"replies":[{"embeddable":true,"href":"https:\/\/diarioregionaldigital.com.br\/index.php?rest_route=%2Fwp%2Fv2%2Fcomments&post=159701"}],"version-history":[{"count":0,"href":"https:\/\/diarioregionaldigital.com.br\/index.php?rest_route=\/wp\/v2\/posts\/159701\/revisions"}],"wp:featuredmedia":[{"embeddable":true,"href":"https:\/\/diarioregionaldigital.com.br\/index.php?rest_route=\/wp\/v2\/media\/159702"}],"wp:attachment":[{"href":"https:\/\/diarioregionaldigital.com.br\/index.php?rest_route=%2Fwp%2Fv2%2Fmedia&parent=159701"}],"wp:term":[{"taxonomy":"category","embeddable":true,"href":"https:\/\/diarioregionaldigital.com.br\/index.php?rest_route=%2Fwp%2Fv2%2Fcategories&post=159701"},{"taxonomy":"post_tag","embeddable":true,"href":"https:\/\/diarioregionaldigital.com.br\/index.php?rest_route=%2Fwp%2Fv2%2Ftags&post=159701"}],"curies":[{"name":"wp","href":"https:\/\/api.w.org\/{rel}","templated":true}]}}