{"id":159699,"date":"2020-05-05T20:19:20","date_gmt":"2020-05-05T23:19:20","guid":{"rendered":"https:\/\/diarioregionaldigital.com.br\/?p=159699"},"modified":"2020-05-05T21:38:45","modified_gmt":"2020-05-06T00:38:45","slug":"covid-19-juiz-de-fora-chega-a-13-mortes","status":"publish","type":"post","link":"https:\/\/diarioregionaldigital.com.br\/?p=159699","title":{"rendered":"Covid-19: Juiz de Fora chega a 13 mortes"},"content":{"rendered":"<p>A Secretaria de Sa\u00fade (SS) da Prefeitura de Juiz de Fora (PJF), confirmou hoje (5), o aumento para 13 \u00f3bitos confirmados de Coronav\u00edrus na cidade. Duas v\u00edtimas s\u00e3o idosas de 87 e 91 anos, a outra \u00e9 um idoso de 72 e um homem de 56 anos. Conforme o levantamento, j\u00e1 s\u00e3o 239 casos confirmados e 2.563 s\u00e3o suspeitos.<\/p>\n","protected":false},"excerpt":{"rendered":"<p>A Secretaria de Sa\u00fade (SS) da Prefeitura de Juiz de Fora (PJF), confirmou hoje (5), o aumento para 13 \u00f3bitos confirmados de Coronav\u00edrus na cidade. Duas v\u00edtimas s\u00e3o idosas de 87 e 91 anos, a outra \u00e9 um idoso de 72 e um homem de 56 anos. Conforme o levantamento, j\u00e1 s\u00e3o 239 casos confirmados [&hellip;]<\/p>\n","protected":false},"author":96,"featured_media":159710,"comment_status":"closed","ping_status":"closed","sticky":false,"template":"","format":"standard","meta":{"footnotes":""},"categories":[253,436,440,439],"tags":[],"class_list":["post-159699","post","type-post","status-publish","format-standard","has-post-thumbnail","hentry","category-cidade","category-destaque-da-semana","category-destaques-do-dia","category-ultima-hora"],"_links":{"self":[{"href":"https:\/\/diarioregionaldigital.com.br\/index.php?rest_route=\/wp\/v2\/posts\/159699","targetHints":{"allow":["GET"]}}],"collection":[{"href":"https:\/\/diarioregionaldigital.com.br\/index.php?rest_route=\/wp\/v2\/posts"}],"about":[{"href":"https:\/\/diarioregionaldigital.com.br\/index.php?rest_route=\/wp\/v2\/types\/post"}],"author":[{"embeddable":true,"href":"https:\/\/diarioregionaldigital.com.br\/index.php?rest_route=\/wp\/v2\/users\/96"}],"replies":[{"embeddable":true,"href":"https:\/\/diarioregionaldigital.com.br\/index.php?rest_route=%2Fwp%2Fv2%2Fcomments&post=159699"}],"version-history":[{"count":0,"href":"https:\/\/diarioregionaldigital.com.br\/index.php?rest_route=\/wp\/v2\/posts\/159699\/revisions"}],"wp:featuredmedia":[{"embeddable":true,"href":"https:\/\/diarioregionaldigital.com.br\/index.php?rest_route=\/wp\/v2\/media\/159710"}],"wp:attachment":[{"href":"https:\/\/diarioregionaldigital.com.br\/index.php?rest_route=%2Fwp%2Fv2%2Fmedia&parent=159699"}],"wp:term":[{"taxonomy":"category","embeddable":true,"href":"https:\/\/diarioregionaldigital.com.br\/index.php?rest_route=%2Fwp%2Fv2%2Fcategories&post=159699"},{"taxonomy":"post_tag","embeddable":true,"href":"https:\/\/diarioregionaldigital.com.br\/index.php?rest_route=%2Fwp%2Fv2%2Ftags&post=159699"}],"curies":[{"name":"wp","href":"https:\/\/api.w.org\/{rel}","templated":true}]}}