{"id":159648,"date":"2020-05-05T16:25:17","date_gmt":"2020-05-05T19:25:17","guid":{"rendered":"https:\/\/diarioregionaldigital.com.br\/?p=159648"},"modified":"2020-05-05T16:25:17","modified_gmt":"2020-05-05T19:25:17","slug":"vendas-do-dia-das-maes-devem-encolher-quase-60-devido-a-pandemia","status":"publish","type":"post","link":"https:\/\/diarioregionaldigital.com.br\/?p=159648","title":{"rendered":"Vendas do Dia das M\u00e3es devem encolher quase 60% devido \u00e0 pandemia"},"content":{"rendered":"<p>A Confedera\u00e7\u00e3o Nacional do Com\u00e9rcio de Bens, Servi\u00e7os e Turismo (CNC) estima que a crise provocada pelo novo coronav\u00edrus vai acarretar uma queda hist\u00f3rica do volume de vendas no varejo, no Dia das M\u00e3es de 2020. Em compara\u00e7\u00e3o com o ano passado, a entidade projeta um encolhimento de 59,2% no faturamento real do setor na data, considerada a segunda mais importante no calend\u00e1rio varejista brasileiro.<\/p>\n<p>Segundo o presidente da CNC, Jos\u00e9 Roberto Tadros, a proje\u00e7\u00e3o de queda para o Dia das M\u00e3es por causa da pandemia ficou acima das perdas estimadas para a P\u00e1scoa (-31,6%). \u201cO Dia das M\u00e3es deste ano ocorrer\u00e1 em meio ao fechamento de segmentos importantes para a venda de produtos voltados para a data, como vestu\u00e1rio, lojas de eletrodom\u00e9sticos, m\u00f3veis e eletroeletr\u00f4nicos. J\u00e1 a P\u00e1scoa tem como caracter\u00edstica a venda de produtos t\u00edpicos em segmentos considerados essenciais, como supermercados, que permaneceram abertos desde o in\u00edcio do surto de covid-19\u201d, disse, em nota.<\/p>\n<p>De acordo com a CNC, o ramo de vestu\u00e1rio e cal\u00e7ados \u00e9 o que apresenta a maior expectativa de encolhimento durante o Dia das M\u00e3es, com queda de 74,6%, seguido pelas lojas especializadas na venda de m\u00f3veis e eletrodom\u00e9sticos, com perda de 66,8%, e pelo segmento de artigos de inform\u00e1tica e comunica\u00e7\u00e3o, com retra\u00e7\u00e3o de 62,5%.<\/p>\n<p>Segundo o economista da CNC respons\u00e1vel pela pesquisa, Fabio Bentes, o com\u00e9rcio dever\u00e1 registrar retra\u00e7\u00e3o em todos os estados durante a data. \u201cS\u00e3o Paulo, Rio de Janeiro e Minas Gerais, unidades da Federa\u00e7\u00e3o que respondem por mais da metade das vendas voltadas para o Dia das M\u00e3es, tendem a registrar perdas de 58,7%, 47,4% e 46,6%, respectivamente\u201d, afirmou. Em termos relativos, tr\u00eas estados do Nordeste dever\u00e3o registrar as maiores perdas: Cear\u00e1 (-74,2%), Pernambuco (-73,5%) e Bahia (-66,2%).<\/p>\n<p>&nbsp;<\/p>\n<p><strong>Fonte:\u00a0<\/strong>Ag\u00eancia Brasil<\/p>\n","protected":false},"excerpt":{"rendered":"<p>A Confedera\u00e7\u00e3o Nacional do Com\u00e9rcio de Bens, Servi\u00e7os e Turismo (CNC) estima que a crise provocada pelo novo coronav\u00edrus vai acarretar uma queda hist\u00f3rica do volume de vendas no varejo, no Dia das M\u00e3es de 2020. Em compara\u00e7\u00e3o com o ano passado, a entidade projeta um encolhimento de 59,2% no faturamento real do setor na [&hellip;]<\/p>\n","protected":false},"author":96,"featured_media":159649,"comment_status":"closed","ping_status":"closed","sticky":false,"template":"","format":"standard","meta":{"footnotes":""},"categories":[436,261,439],"tags":[],"class_list":["post-159648","post","type-post","status-publish","format-standard","has-post-thumbnail","hentry","category-destaque-da-semana","category-economia","category-ultima-hora"],"_links":{"self":[{"href":"https:\/\/diarioregionaldigital.com.br\/index.php?rest_route=\/wp\/v2\/posts\/159648","targetHints":{"allow":["GET"]}}],"collection":[{"href":"https:\/\/diarioregionaldigital.com.br\/index.php?rest_route=\/wp\/v2\/posts"}],"about":[{"href":"https:\/\/diarioregionaldigital.com.br\/index.php?rest_route=\/wp\/v2\/types\/post"}],"author":[{"embeddable":true,"href":"https:\/\/diarioregionaldigital.com.br\/index.php?rest_route=\/wp\/v2\/users\/96"}],"replies":[{"embeddable":true,"href":"https:\/\/diarioregionaldigital.com.br\/index.php?rest_route=%2Fwp%2Fv2%2Fcomments&post=159648"}],"version-history":[{"count":0,"href":"https:\/\/diarioregionaldigital.com.br\/index.php?rest_route=\/wp\/v2\/posts\/159648\/revisions"}],"wp:featuredmedia":[{"embeddable":true,"href":"https:\/\/diarioregionaldigital.com.br\/index.php?rest_route=\/wp\/v2\/media\/159649"}],"wp:attachment":[{"href":"https:\/\/diarioregionaldigital.com.br\/index.php?rest_route=%2Fwp%2Fv2%2Fmedia&parent=159648"}],"wp:term":[{"taxonomy":"category","embeddable":true,"href":"https:\/\/diarioregionaldigital.com.br\/index.php?rest_route=%2Fwp%2Fv2%2Fcategories&post=159648"},{"taxonomy":"post_tag","embeddable":true,"href":"https:\/\/diarioregionaldigital.com.br\/index.php?rest_route=%2Fwp%2Fv2%2Ftags&post=159648"}],"curies":[{"name":"wp","href":"https:\/\/api.w.org\/{rel}","templated":true}]}}