{"id":159645,"date":"2020-05-05T16:24:04","date_gmt":"2020-05-05T19:24:04","guid":{"rendered":"https:\/\/diarioregionaldigital.com.br\/?p=159645"},"modified":"2020-05-05T16:24:04","modified_gmt":"2020-05-05T19:24:04","slug":"projetos-prorrogam-auxilio-emergencial-de-r-600-por-ate-um-ano","status":"publish","type":"post","link":"https:\/\/diarioregionaldigital.com.br\/?p=159645","title":{"rendered":"Projetos prorrogam aux\u00edlio emergencial de R$ 600 por at\u00e9 um ano"},"content":{"rendered":"<p>J\u00e1 est\u00e3o em an\u00e1lise na C\u00e2mara dos Deputados projetos que visam prorrogar a concess\u00e3o do aux\u00edlio emergencial de R$ 600 para trabalhadores informais. Pela Lei 13.982\/20, o benef\u00edcio ser\u00e1 concedido por tr\u00eas meses &#8211; abril, maio e junho &#8211; para trabalhadores cuja renda familiar mensal per capita seja de at\u00e9 meio sal\u00e1rio-m\u00ednimo ou a renda familiar mensal total seja de at\u00e9 tr\u00eas sal\u00e1rios m\u00ednimos.<\/p>\n<p>Enquanto o Projeto de Lei 2222\/20, do deputado Wolney Queiroz (PDT-PE), prorroga por mais tr\u00eas meses o benef\u00edcio, o PL 2283\/20, apresentado por 51 dos 53 deputados da bancada do PT, visa aumentar o per\u00edodo de concess\u00e3o do aux\u00edlio emergencial para um ano.<\/p>\n<p>Os deputados do PT alegam que o per\u00edodo de tr\u00eas meses previsto para o pagamento do aux\u00edlio \u201cn\u00e3o ser\u00e1 suficiente diante da previs\u00e3o de contamina\u00e7\u00e3o pela Covid-19 at\u00e9 julho ou agosto\u201d.<\/p>\n<p>\u201cAl\u00e9m disso, haver\u00e1 um per\u00edodo de transi\u00e7\u00e3o entre o choque do isolamento e a efetiva retomada da atividade, uma vez que o mercado de trabalho costuma ser o \u00faltimo a reagir em momentos de crise\u201d, afirmam.<\/p>\n<p>O PL 2283\/20 altera a Lei 13.982\/20 e prev\u00ea que, ap\u00f3s o pagamento do aux\u00edlio por 12 meses, o per\u00edodo de concess\u00e3o do benef\u00edcio poder\u00e1 ser prorrogado novamente por ato do Poder Executivo.<\/p>\n<p><strong>Problema com CPF<\/strong><\/p>\n<p>A ideia de Wolney Queiroz com o PL 2222\/20 tamb\u00e9m \u00e9 \u201csocorrer por per\u00edodo de tempo maior a popula\u00e7\u00e3o mais carente\u201d.<\/p>\n<p>O deputado tamb\u00e9m quer, com a proposta, resolver outro problema, na sua vis\u00e3o, da lei atual: \u201cMuitos brasileiros em dificuldade financeira e que t\u00eam direito ao recebimento do aux\u00edlio est\u00e3o tendo a assist\u00eancia recusada, pois os respectivos CPFs est\u00e3o pendentes de regulariza\u00e7\u00e3o ou est\u00e3o suspensos\u201d, disse. Para ele, o aux\u00edlio n\u00e3o pode deixar de ser pago nessas hip\u00f3teses.<\/p>\n<p>O texto estabelece que s\u00f3 n\u00e3o ter\u00e1 direito ao recebimento do aux\u00edlio o indiv\u00edduo que tenha seu CPF cancelado &#8211; por exemplo, porque se constatou multiplicidade de CPFs -, ou cujo CPF tenha sido declarado nulo &#8211; por exemplo, por motivo de fraude. Em ambos os casos, exige que haja decis\u00e3o administrativa ou judicial nesse sentido. \u200b<\/p>\n<p>&nbsp;<\/p>\n<p><strong>Fonte:<\/strong>\u00a0Ag\u00eancia C\u00e2mara<\/p>\n","protected":false},"excerpt":{"rendered":"<p>J\u00e1 est\u00e3o em an\u00e1lise na C\u00e2mara dos Deputados projetos que visam prorrogar a concess\u00e3o do aux\u00edlio emergencial de R$ 600 para trabalhadores informais. Pela Lei 13.982\/20, o benef\u00edcio ser\u00e1 concedido por tr\u00eas meses &#8211; abril, maio e junho &#8211; para trabalhadores cuja renda familiar mensal per capita seja de at\u00e9 meio sal\u00e1rio-m\u00ednimo ou a renda [&hellip;]<\/p>\n","protected":false},"author":96,"featured_media":159646,"comment_status":"closed","ping_status":"closed","sticky":false,"template":"","format":"standard","meta":{"footnotes":""},"categories":[436,261,439],"tags":[],"class_list":["post-159645","post","type-post","status-publish","format-standard","has-post-thumbnail","hentry","category-destaque-da-semana","category-economia","category-ultima-hora"],"_links":{"self":[{"href":"https:\/\/diarioregionaldigital.com.br\/index.php?rest_route=\/wp\/v2\/posts\/159645","targetHints":{"allow":["GET"]}}],"collection":[{"href":"https:\/\/diarioregionaldigital.com.br\/index.php?rest_route=\/wp\/v2\/posts"}],"about":[{"href":"https:\/\/diarioregionaldigital.com.br\/index.php?rest_route=\/wp\/v2\/types\/post"}],"author":[{"embeddable":true,"href":"https:\/\/diarioregionaldigital.com.br\/index.php?rest_route=\/wp\/v2\/users\/96"}],"replies":[{"embeddable":true,"href":"https:\/\/diarioregionaldigital.com.br\/index.php?rest_route=%2Fwp%2Fv2%2Fcomments&post=159645"}],"version-history":[{"count":0,"href":"https:\/\/diarioregionaldigital.com.br\/index.php?rest_route=\/wp\/v2\/posts\/159645\/revisions"}],"wp:featuredmedia":[{"embeddable":true,"href":"https:\/\/diarioregionaldigital.com.br\/index.php?rest_route=\/wp\/v2\/media\/159646"}],"wp:attachment":[{"href":"https:\/\/diarioregionaldigital.com.br\/index.php?rest_route=%2Fwp%2Fv2%2Fmedia&parent=159645"}],"wp:term":[{"taxonomy":"category","embeddable":true,"href":"https:\/\/diarioregionaldigital.com.br\/index.php?rest_route=%2Fwp%2Fv2%2Fcategories&post=159645"},{"taxonomy":"post_tag","embeddable":true,"href":"https:\/\/diarioregionaldigital.com.br\/index.php?rest_route=%2Fwp%2Fv2%2Ftags&post=159645"}],"curies":[{"name":"wp","href":"https:\/\/api.w.org\/{rel}","templated":true}]}}