{"id":159643,"date":"2020-05-05T13:21:31","date_gmt":"2020-05-05T16:21:31","guid":{"rendered":"https:\/\/diarioregionaldigital.com.br\/?p=159643"},"modified":"2020-05-05T13:21:31","modified_gmt":"2020-05-05T16:21:31","slug":"minas-gerais-tem-2-542-casos-confirmados-de-coronavirus","status":"publish","type":"post","link":"https:\/\/diarioregionaldigital.com.br\/?p=159643","title":{"rendered":"Minas Gerais tem 2.542 casos confirmados de Coronav\u00edrus"},"content":{"rendered":"<p>O <a href=\"https:\/\/www.saude.mg.gov.br\/images\/05.05.2020_Boletim_epidemiologico_COVID-19_MG.pdf\">boletim<\/a> epidemiol\u00f3gico divulgado nesta ter\u00e7a-feira (5), pela Secretaria de Estado da Sa\u00fade de Minas Gerais (SES-MG), aumento para 2.542 casos confirmados de Coronav\u00edrus pelo estado. Na compara\u00e7\u00e3o com ontem (4), houve aumento de 105 novos casos. At\u00e9 o momento foram confirmadas 94 <a href=\"https:\/\/www.saude.mg.gov.br\/images\/Quadro_Obitos_COVID-19_MG_05.05.2020.pdf\">mortes<\/a> e 89.602 pacientes s\u00e3o suspeitos de terem a doen\u00e7a.<\/p>\n<p>Os\u00a0dados atualizados\u00a0referentes a \u00f3bitos confirmados em Minas Gerais s\u00e3o: Araguari (1), Arax\u00e1 (1), Belmiro Braga (1), Belo Horizonte (22), Belo Vale (1), Betim (1), Bonfim (1), Capit\u00f3lio (1), Cataguases(1), Centralina (1), Contagem (3), Divin\u00f3polis (1), Espinosa (1), Extrema (1), Governador Valadares (3), Ipia\u00e7u (1), Itabira (1), Juiz de Fora (6), Mariana (1), M\u00e1rio Campos (1), Martinho Campos (1), Montes Claros (2), Morro da Gar\u00e7a (1), Nanuque (1), Nova Serrana (1), Novo Cruzeiro (1), Ouro Fino (1), Paracatu (1), Parais\u00f3polis (2), Patos de Minas (1), Patroc\u00ednio (1), Piumhi (1), Planura (1), Po\u00e7os de Caldas (2), Pouso Alegre (3), Presidente Juscelino (1), Santos Dumont (1), S\u00e3o Francisco (2), S\u00e3o Geraldo da Piedade (1), S\u00e3o Rom\u00e3o (1), S\u00e3o Sebasti\u00e3o do Para\u00edso (1), S\u00e3o Tom\u00e1s de Aquino (1), Tr\u00eas Pontas (1), Uberaba (4), Uberl\u00e2ndia (8), Varginha (1) e Varzel\u00e2ndia (1).<\/p>\n<div><\/div>\n<div class=\"the_champ_sharing_container the_champ_horizontal_sharing\"><\/div>\n<div><\/div>\n<div class=\"the_champ_sharing_container the_champ_horizontal_sharing\"><\/div>\n","protected":false},"excerpt":{"rendered":"<p>O boletim epidemiol\u00f3gico divulgado nesta ter\u00e7a-feira (5), pela Secretaria de Estado da Sa\u00fade de Minas Gerais (SES-MG), aumento para 2.542 casos confirmados de Coronav\u00edrus pelo estado. Na compara\u00e7\u00e3o com ontem (4), houve aumento de 105 novos casos. At\u00e9 o momento foram confirmadas 94 mortes e 89.602 pacientes s\u00e3o suspeitos de terem a doen\u00e7a. Os\u00a0dados atualizados\u00a0referentes [&hellip;]<\/p>\n","protected":false},"author":96,"featured_media":157417,"comment_status":"closed","ping_status":"closed","sticky":false,"template":"","format":"standard","meta":{"footnotes":""},"categories":[436,440,252,439],"tags":[],"class_list":["post-159643","post","type-post","status-publish","format-standard","has-post-thumbnail","hentry","category-destaque-da-semana","category-destaques-do-dia","category-regiao","category-ultima-hora"],"_links":{"self":[{"href":"https:\/\/diarioregionaldigital.com.br\/index.php?rest_route=\/wp\/v2\/posts\/159643","targetHints":{"allow":["GET"]}}],"collection":[{"href":"https:\/\/diarioregionaldigital.com.br\/index.php?rest_route=\/wp\/v2\/posts"}],"about":[{"href":"https:\/\/diarioregionaldigital.com.br\/index.php?rest_route=\/wp\/v2\/types\/post"}],"author":[{"embeddable":true,"href":"https:\/\/diarioregionaldigital.com.br\/index.php?rest_route=\/wp\/v2\/users\/96"}],"replies":[{"embeddable":true,"href":"https:\/\/diarioregionaldigital.com.br\/index.php?rest_route=%2Fwp%2Fv2%2Fcomments&post=159643"}],"version-history":[{"count":0,"href":"https:\/\/diarioregionaldigital.com.br\/index.php?rest_route=\/wp\/v2\/posts\/159643\/revisions"}],"wp:featuredmedia":[{"embeddable":true,"href":"https:\/\/diarioregionaldigital.com.br\/index.php?rest_route=\/wp\/v2\/media\/157417"}],"wp:attachment":[{"href":"https:\/\/diarioregionaldigital.com.br\/index.php?rest_route=%2Fwp%2Fv2%2Fmedia&parent=159643"}],"wp:term":[{"taxonomy":"category","embeddable":true,"href":"https:\/\/diarioregionaldigital.com.br\/index.php?rest_route=%2Fwp%2Fv2%2Fcategories&post=159643"},{"taxonomy":"post_tag","embeddable":true,"href":"https:\/\/diarioregionaldigital.com.br\/index.php?rest_route=%2Fwp%2Fv2%2Ftags&post=159643"}],"curies":[{"name":"wp","href":"https:\/\/api.w.org\/{rel}","templated":true}]}}