{"id":159641,"date":"2020-05-05T11:26:23","date_gmt":"2020-05-05T14:26:23","guid":{"rendered":"https:\/\/diarioregionaldigital.com.br\/?p=159641"},"modified":"2020-05-05T14:30:10","modified_gmt":"2020-05-05T17:30:10","slug":"primeiros-afetados-pela-covid-19-no-brasil-tinham-em-media-39-anos","status":"publish","type":"post","link":"https:\/\/diarioregionaldigital.com.br\/?p=159641","title":{"rendered":"Primeiros afetados pela covid-19 no Brasil tinham, em m\u00e9dia, 39 anos"},"content":{"rendered":"<p>A m\u00e9dia de idade dos primeiros pacientes diagnosticados com a covid-19 no Brasil, de 39 anos, foi mais baixa do que a observada em outros pa\u00edses. Associado ao fato de que, na fase inicial da epidemia, grande parte desses pacientes pertencia\u00a0\u00e0s classes sociais mais elevadas, isso pode\u00a0<span id=\"OBJ_PREFIX_DWT180_com_zimbra_date\" role=\"link\">ter<\/span>\u00a0contribu\u00eddo para que o pa\u00eds\u00a0<span id=\"OBJ_PREFIX_DWT181_com_zimbra_date\" role=\"link\">tenha<\/span>\u00a0registrado uma taxa de hospitaliza\u00e7\u00e3o equivalente \u00e0 metade da m\u00e9dia internacional \u2013 de 10% contra 20% de outros pa\u00edses.<\/p>\n<p>As conclus\u00f5es s\u00e3o de um estudo internacional, liderado por pesquisadores brasileiros. Os resultados preliminares da pesquisa, apoiada pela Funda\u00e7\u00e3o de Amparo \u00e0 Pesquisa do Estado de S\u00e3o Paulo (Fapesp) no \u00e2mbito do Centro Conjunto Brasil-Reino Unido para Descoberta, Diagn\u00f3stico, Gen\u00f4mica e Epidemiologia de Arbov\u00edrus (CADDE), foram descritos em artigo publicado na plataforma medRxiv, ainda em vers\u00e3o pr\u00e9-print (sem revis\u00e3o por pares).<\/p>\n<p>\u201cA condi\u00e7\u00e3o econ\u00f4mica desses primeiros pacientes infectados permitiu que tivessem maior acesso a testes diagn\u00f3sticos, por exemplo, facilitando inicialmente o isolamento social e a diminui\u00e7\u00e3o do cont\u00e1gio\u201d, disse o pesquisador da Fiocruz e um dos autores do estudo, Julio Henrique Rosa Croda.<\/p>\n<p>Os pesquisadores analisaram as caracter\u00edsticas epidemiol\u00f3gicas, demogr\u00e1ficas e cl\u00ednicas dos casos confirmados de covid-19 durante o primeiro m\u00eas da epidemia no Brasil. Para isso, usaram principalmente a base de dados REDCap, criada pelo Minist\u00e9rio da Sa\u00fade no in\u00edcio do surto da doen\u00e7a para notifica\u00e7\u00e3o de casos.<\/p>\n<p>As an\u00e1lises dos dados indicaram que, entre\u00a0<span id=\"OBJ_PREFIX_DWT182_com_zimbra_date\" role=\"link\">25 de fevereiro<\/span>\u00a0e\u00a0<span id=\"OBJ_PREFIX_DWT183_com_zimbra_date\" role=\"link\">25 de mar<\/span>\u00e7o, foram confirmados 1.468 casos de covid-19 no Brasil, dos quais quase a metade (48%) foi de pessoas entre 20 e 39 anos de idade. Do\u00a0total de casos registrados \u00e0 \u00e9poca, 10% precisaram\u00a0de interna\u00e7\u00e3o e apresentaram como fatores de risco associados \u00e0 hospitaliza\u00e7\u00e3o doen\u00e7as cardiovasculares e hipertens\u00e3o.<\/p>\n<p>\u201cPode ser que a m\u00e9dia de idade dos pacientes com covid-19 hospitalizados no Brasil seja menor do que a m\u00e9dia mundial porque teriam maior preval\u00eancia de comorbidades em compara\u00e7\u00e3o com a popula\u00e7\u00e3o na mesma faixa et\u00e1ria de outros pa\u00edses. Mas essa hip\u00f3tese ainda n\u00e3o foi confirmada\u201d, afirma Croda.<\/p>\n<p>A menor m\u00e9dia de idade de pacientes infectados e hospitalizados no Brasil em compara\u00e7\u00e3o com outros pa\u00edses tamb\u00e9m pode estar relacionada ao fato de que esse grupo et\u00e1rio, entre 20 e 39 anos de idade, representa uma parcela expressiva \u2013 de 32% \u2013 da popula\u00e7\u00e3o brasileira, ponderam os pesquisadores.<\/p>\n<p><strong>Classes<\/strong><\/p>\n<p>Para avaliar se os primeiros casos notificados de infec\u00e7\u00e3o pelo SARS-CoV-2 (novo coronav\u00edrus)\u00a0estavam relacionados ao perfil socioecon\u00f4mico dos pacientes, os pesquisadores analisaram os casos registrados na regi\u00e3o metropolitana de S\u00e3o Paulo, com base em dados de geolocaliza\u00e7\u00e3o do endere\u00e7o dos pacientes. As an\u00e1lises revelaram que as regi\u00f5es com maior renda per capita m\u00e9dia apresentaram maiores taxas de testagem.<\/p>\n<p>\u201cConstatamos que h\u00e1 uma disparidade socioecon\u00f4mica no acesso ao teste de diagn\u00f3stico de infec\u00e7\u00e3o pelo novo coronav\u00edrus no Brasil que persiste \u00e0 medida que o n\u00famero de casos da doen\u00e7a tem se expandido\u201d, avalia Croda.<\/p>\n<p>Os pesquisadores tamb\u00e9m observaram que, durante o primeiro m\u00eas da epidemia, apenas 33,1% dos casos foram confirmados em laborat\u00f3rios de sa\u00fade p\u00fablica e o restante em laborat\u00f3rios privados. \u201cInicialmente, a doen\u00e7a ficou mais restrita \u00e0 popula\u00e7\u00e3o mais rica do pa\u00eds e, no final<span id=\"OBJ_PREFIX_DWT184_com_zimbra_date\" role=\"link\">\u00a0de mar<\/span>\u00e7o, ocorreu uma transi\u00e7\u00e3o e passou a atingir a popula\u00e7\u00e3o mais pobre\u201d, analisa Croda.<\/p>\n<p>&nbsp;<\/p>\n<p><strong>Fonte:\u00a0<\/strong>Ag\u00eancia Brasil<\/p>\n","protected":false},"excerpt":{"rendered":"<p>A m\u00e9dia de idade dos primeiros pacientes diagnosticados com a covid-19 no Brasil, de 39 anos, foi mais baixa do que a observada em outros pa\u00edses. Associado ao fato de que, na fase inicial da epidemia, grande parte desses pacientes pertencia\u00a0\u00e0s classes sociais mais elevadas, isso pode\u00a0ter\u00a0contribu\u00eddo para que o pa\u00eds\u00a0tenha\u00a0registrado uma taxa de hospitaliza\u00e7\u00e3o [&hellip;]<\/p>\n","protected":false},"author":96,"featured_media":158044,"comment_status":"closed","ping_status":"closed","sticky":false,"template":"","format":"standard","meta":{"footnotes":""},"categories":[302,436,440,439],"tags":[],"class_list":["post-159641","post","type-post","status-publish","format-standard","has-post-thumbnail","hentry","category-brasil-mundo","category-destaque-da-semana","category-destaques-do-dia","category-ultima-hora"],"_links":{"self":[{"href":"https:\/\/diarioregionaldigital.com.br\/index.php?rest_route=\/wp\/v2\/posts\/159641","targetHints":{"allow":["GET"]}}],"collection":[{"href":"https:\/\/diarioregionaldigital.com.br\/index.php?rest_route=\/wp\/v2\/posts"}],"about":[{"href":"https:\/\/diarioregionaldigital.com.br\/index.php?rest_route=\/wp\/v2\/types\/post"}],"author":[{"embeddable":true,"href":"https:\/\/diarioregionaldigital.com.br\/index.php?rest_route=\/wp\/v2\/users\/96"}],"replies":[{"embeddable":true,"href":"https:\/\/diarioregionaldigital.com.br\/index.php?rest_route=%2Fwp%2Fv2%2Fcomments&post=159641"}],"version-history":[{"count":0,"href":"https:\/\/diarioregionaldigital.com.br\/index.php?rest_route=\/wp\/v2\/posts\/159641\/revisions"}],"wp:featuredmedia":[{"embeddable":true,"href":"https:\/\/diarioregionaldigital.com.br\/index.php?rest_route=\/wp\/v2\/media\/158044"}],"wp:attachment":[{"href":"https:\/\/diarioregionaldigital.com.br\/index.php?rest_route=%2Fwp%2Fv2%2Fmedia&parent=159641"}],"wp:term":[{"taxonomy":"category","embeddable":true,"href":"https:\/\/diarioregionaldigital.com.br\/index.php?rest_route=%2Fwp%2Fv2%2Fcategories&post=159641"},{"taxonomy":"post_tag","embeddable":true,"href":"https:\/\/diarioregionaldigital.com.br\/index.php?rest_route=%2Fwp%2Fv2%2Ftags&post=159641"}],"curies":[{"name":"wp","href":"https:\/\/api.w.org\/{rel}","templated":true}]}}