{"id":159638,"date":"2020-05-05T11:19:14","date_gmt":"2020-05-05T14:19:14","guid":{"rendered":"https:\/\/diarioregionaldigital.com.br\/?p=159638"},"modified":"2020-05-05T11:19:14","modified_gmt":"2020-05-05T14:19:14","slug":"hospitais-militares-comecam-a-treinar-profissionais-sobre-covid-19","status":"publish","type":"post","link":"https:\/\/diarioregionaldigital.com.br\/?p=159638","title":{"rendered":"Hospitais militares come\u00e7am a treinar profissionais sobre covid-19"},"content":{"rendered":"<p>Hospitais militares come\u00e7aram a treinar, nesta ter\u00e7a-feira (5), profissionais de sa\u00fade das For\u00e7as Armadas, para atuar em emerg\u00eancias cl\u00ednicas e cuidados intensivos com pacientes de covid-19.<\/p>\n<p>Durante dois dias, m\u00e9dicos, enfermeiros, fisioterapeutas e t\u00e9cnicos de enfermagem v\u00e3o adquirir mais conhecimento t\u00e9cnico-cient\u00edfico sobre o novo coronav\u00edrus, suas manifesta\u00e7\u00f5es cl\u00ednicas e as normas de prote\u00e7\u00e3o individual adequadas. Os profissionais tamb\u00e9m receber\u00e3o treinamento necess\u00e1rio para atuar nas unidades de terapia intensiva e realizar os procedimentos de forma segura.<\/p>\n<p>Coordenados pelo Minist\u00e9rio da Defesa, os cursos abordar\u00e3o protocolos de intuba\u00e7\u00e3o, tratamento e uso de ventila\u00e7\u00e3o de arritmias mec\u00e2nica. Em um primeiro momento, o treinamento ser\u00e1 voltado para militares, mas a inten\u00e7\u00e3o, segundo o Minist\u00e9rio da Defesa, \u00e9 abrir tamb\u00e9m para profissionais civis, conforme a demanda e a disponibilidade de vagas.<\/p>\n<p>Com 40 alunos por turma e carga hor\u00e1ria de oito horas por dia, foram abertas inicialmente 480\u00a0inscri\u00e7\u00f5es distribu\u00eddas no Hospital das For\u00e7as Armadas (HFA), em Bras\u00edlia (DF), na Escola de Sa\u00fade do Ex\u00e9rcito (EsSEx), no Rio de Janeiro (RJ), e no Hospital de Aeron\u00e1utica de Canoas (Haco), em Canoas (RS).<\/p>\n<p>&nbsp;<\/p>\n<p><strong>Fonte:\u00a0<\/strong>Ag\u00eancia Brasil<\/p>\n","protected":false},"excerpt":{"rendered":"<p>Hospitais militares come\u00e7aram a treinar, nesta ter\u00e7a-feira (5), profissionais de sa\u00fade das For\u00e7as Armadas, para atuar em emerg\u00eancias cl\u00ednicas e cuidados intensivos com pacientes de covid-19. Durante dois dias, m\u00e9dicos, enfermeiros, fisioterapeutas e t\u00e9cnicos de enfermagem v\u00e3o adquirir mais conhecimento t\u00e9cnico-cient\u00edfico sobre o novo coronav\u00edrus, suas manifesta\u00e7\u00f5es cl\u00ednicas e as normas de prote\u00e7\u00e3o individual adequadas. [&hellip;]<\/p>\n","protected":false},"author":96,"featured_media":159639,"comment_status":"closed","ping_status":"closed","sticky":false,"template":"","format":"standard","meta":{"footnotes":""},"categories":[302,436,439],"tags":[],"class_list":["post-159638","post","type-post","status-publish","format-standard","has-post-thumbnail","hentry","category-brasil-mundo","category-destaque-da-semana","category-ultima-hora"],"_links":{"self":[{"href":"https:\/\/diarioregionaldigital.com.br\/index.php?rest_route=\/wp\/v2\/posts\/159638","targetHints":{"allow":["GET"]}}],"collection":[{"href":"https:\/\/diarioregionaldigital.com.br\/index.php?rest_route=\/wp\/v2\/posts"}],"about":[{"href":"https:\/\/diarioregionaldigital.com.br\/index.php?rest_route=\/wp\/v2\/types\/post"}],"author":[{"embeddable":true,"href":"https:\/\/diarioregionaldigital.com.br\/index.php?rest_route=\/wp\/v2\/users\/96"}],"replies":[{"embeddable":true,"href":"https:\/\/diarioregionaldigital.com.br\/index.php?rest_route=%2Fwp%2Fv2%2Fcomments&post=159638"}],"version-history":[{"count":0,"href":"https:\/\/diarioregionaldigital.com.br\/index.php?rest_route=\/wp\/v2\/posts\/159638\/revisions"}],"wp:featuredmedia":[{"embeddable":true,"href":"https:\/\/diarioregionaldigital.com.br\/index.php?rest_route=\/wp\/v2\/media\/159639"}],"wp:attachment":[{"href":"https:\/\/diarioregionaldigital.com.br\/index.php?rest_route=%2Fwp%2Fv2%2Fmedia&parent=159638"}],"wp:term":[{"taxonomy":"category","embeddable":true,"href":"https:\/\/diarioregionaldigital.com.br\/index.php?rest_route=%2Fwp%2Fv2%2Fcategories&post=159638"},{"taxonomy":"post_tag","embeddable":true,"href":"https:\/\/diarioregionaldigital.com.br\/index.php?rest_route=%2Fwp%2Fv2%2Ftags&post=159638"}],"curies":[{"name":"wp","href":"https:\/\/api.w.org\/{rel}","templated":true}]}}