{"id":159636,"date":"2020-05-05T11:13:26","date_gmt":"2020-05-05T14:13:26","guid":{"rendered":"https:\/\/diarioregionaldigital.com.br\/?p=159636"},"modified":"2020-05-05T11:13:26","modified_gmt":"2020-05-05T14:13:26","slug":"em-novo-boletim-ministerio-confirma-1077-mil-infectados-por-covid-19","status":"publish","type":"post","link":"https:\/\/diarioregionaldigital.com.br\/?p=159636","title":{"rendered":"Em novo boletim, minist\u00e9rio confirma 107,7 mil infectados por covid-19"},"content":{"rendered":"<p>O Minist\u00e9rio da Sa\u00fade (MS) divulgou, \u00e0s 20h45, a segunda atualiza\u00e7\u00e3o dos dados do novo coronav\u00edrus referentes \u00e0 segunda-feira (4), representando uma nova metodologia de divulga\u00e7\u00e3o dos dados. As informa\u00e7\u00f5es mais recentes d\u00e3o conta de 107.780 pessoas contaminadas, sendo 6.633 registros a mais (7%) em rela\u00e7\u00e3o a ontem (3). A partir de hoje, segundo informou a assessoria do Minist\u00e9rio da Sa\u00fade, a pasta divulgar\u00e1 dois balan\u00e7os di\u00e1rios, um \u00e0s 15h e outro \u00e0s 19h.<\/p>\n<p>O n\u00famero de mortes subiu para 7.321, sendo 296 mortes nas \u00faltimas 24h. Al\u00e9m disso, o n\u00famero de pessoas recuperadas da doen\u00e7a chegou a 45.815, o equivalente a 42,5% do total de casos. Est\u00e3o em acompanhamento 54.644 (50,7%) dos pacientes confirmados e 1.427 mortes continuam em investiga\u00e7\u00e3o.<\/p>\n<p>S\u00e3o Paulo se mant\u00e9m como\u00a0epicentro da pandemia no pa\u00eds, concentrando o maior n\u00famero de falecimentos (2.654). O estado \u00e9 seguido pelo Rio de Janeiro (1.065), Cear\u00e1 (712), Pernambuco (691) e\u00a0Amazonas\u00a0(584).<\/p>\n<p>&nbsp;<\/p>\n<p><strong>Fonte:\u00a0<\/strong>Ag\u00eancia Brasil<\/p>\n","protected":false},"excerpt":{"rendered":"<p>O Minist\u00e9rio da Sa\u00fade (MS) divulgou, \u00e0s 20h45, a segunda atualiza\u00e7\u00e3o dos dados do novo coronav\u00edrus referentes \u00e0 segunda-feira (4), representando uma nova metodologia de divulga\u00e7\u00e3o dos dados. As informa\u00e7\u00f5es mais recentes d\u00e3o conta de 107.780 pessoas contaminadas, sendo 6.633 registros a mais (7%) em rela\u00e7\u00e3o a ontem (3). A partir de hoje, segundo informou [&hellip;]<\/p>\n","protected":false},"author":96,"featured_media":158644,"comment_status":"closed","ping_status":"closed","sticky":false,"template":"","format":"standard","meta":{"footnotes":""},"categories":[302,436,440,439],"tags":[],"class_list":["post-159636","post","type-post","status-publish","format-standard","has-post-thumbnail","hentry","category-brasil-mundo","category-destaque-da-semana","category-destaques-do-dia","category-ultima-hora"],"_links":{"self":[{"href":"https:\/\/diarioregionaldigital.com.br\/index.php?rest_route=\/wp\/v2\/posts\/159636","targetHints":{"allow":["GET"]}}],"collection":[{"href":"https:\/\/diarioregionaldigital.com.br\/index.php?rest_route=\/wp\/v2\/posts"}],"about":[{"href":"https:\/\/diarioregionaldigital.com.br\/index.php?rest_route=\/wp\/v2\/types\/post"}],"author":[{"embeddable":true,"href":"https:\/\/diarioregionaldigital.com.br\/index.php?rest_route=\/wp\/v2\/users\/96"}],"replies":[{"embeddable":true,"href":"https:\/\/diarioregionaldigital.com.br\/index.php?rest_route=%2Fwp%2Fv2%2Fcomments&post=159636"}],"version-history":[{"count":0,"href":"https:\/\/diarioregionaldigital.com.br\/index.php?rest_route=\/wp\/v2\/posts\/159636\/revisions"}],"wp:featuredmedia":[{"embeddable":true,"href":"https:\/\/diarioregionaldigital.com.br\/index.php?rest_route=\/wp\/v2\/media\/158644"}],"wp:attachment":[{"href":"https:\/\/diarioregionaldigital.com.br\/index.php?rest_route=%2Fwp%2Fv2%2Fmedia&parent=159636"}],"wp:term":[{"taxonomy":"category","embeddable":true,"href":"https:\/\/diarioregionaldigital.com.br\/index.php?rest_route=%2Fwp%2Fv2%2Fcategories&post=159636"},{"taxonomy":"post_tag","embeddable":true,"href":"https:\/\/diarioregionaldigital.com.br\/index.php?rest_route=%2Fwp%2Fv2%2Ftags&post=159636"}],"curies":[{"name":"wp","href":"https:\/\/api.w.org\/{rel}","templated":true}]}}