{"id":159559,"date":"2020-05-04T13:45:16","date_gmt":"2020-05-04T16:45:16","guid":{"rendered":"https:\/\/diarioregionaldigital.com.br\/?p=159559"},"modified":"2020-05-04T13:45:16","modified_gmt":"2020-05-04T16:45:16","slug":"sp-relaxara-quarentena-apenas-em-cidades-com-isolamento-acima-de-50","status":"publish","type":"post","link":"https:\/\/diarioregionaldigital.com.br\/?p=159559","title":{"rendered":"SP relaxar\u00e1 quarentena apenas em cidades com isolamento acima de 50%"},"content":{"rendered":"<p>O isolamento social no estado de S\u00e3o Paulo voltou a alcan\u00e7ar neste domingo (3) 59%, taxa considerada satisfat\u00f3ria pelo governo paulista. Na capital, o isolamento chegou a 58%. O ideal \u00e9 a taxa acima de 70%, mas o governo considera satisfat\u00f3rios \u00edndices entre 50% e 60%.<\/p>\n<p>Segundo o governador Jo\u00e3o Doria, as cidades que n\u00e3o atingirem taxas satisfat\u00f3rias e se mantiverem abaixo de 50% n\u00e3o v\u00e3o participar do plano de relaxamento das medidas de isolamento, previstas para ter in\u00edcio no\u00a0<span id=\"OBJ_PREFIX_DWT200_com_zimbra_date\" role=\"link\">pr\u00f3ximo dia 11<\/span>, quando se encerrar\u00e1 o per\u00edodo de quarentena no estado.<\/p>\n<p>\u201cN\u00e3o havendo \u00edndice superior a 50%, cidades estar\u00e3o automaticamente exclu\u00eddas de relaxamento\u201d, disse Doria. Durante o per\u00edodo de quarentena, somente os servi\u00e7os considerados essenciais &#8211; como log\u00edstica, seguran\u00e7a p\u00fablica, sa\u00fade e abastecimento &#8211; t\u00eam funcionado permitido no estado.<\/p>\n<p>S\u00e3o Sebasti\u00e3o foi a cidade paulista com o mais alto \u00edndice de isolamento\u00a0<span id=\"OBJ_PREFIX_DWT201_com_zimbra_date\" role=\"link\">ontem<\/span>, chegando a 69%, seguida por Ubatuba, com 67%.<\/p>\n<p>De acordo com Doria, a quarentena adotada em S\u00e3o Paulo tem ajudado a diminuir a propaga\u00e7\u00e3o do v\u00edrus. Se n\u00e3o fosse isso, haveria\u00a0<span id=\"OBJ_PREFIX_DWT202_com_zimbra_date\" role=\"link\">hoje<\/span>\u00a010 vezes mais mortes que as ocorridas at\u00e9 o momento, afirmou o governador. &#8221; Se n\u00e3o tiv\u00e9ssemos feito o isolamento, S\u00e3o Paulo teria mais de 26 mil mortes. Ajudamos a salvar vidas de brasileiros em S\u00e3o Paulo\u201d, disse Doria, em entrevista no Pal\u00e1cio dos Bandeirantes.<\/p>\n<p>O governador reafirmou que n\u00e3o ceder\u00e1 a press\u00f5es partid\u00e1rias ou de empres\u00e1rios para encerrar a quarentena no estado. Segundo Doria, a quarentena s\u00f3 ser\u00e1 encerrada ap\u00f3s a aprova\u00e7\u00e3o da ci\u00eancia e da medicina. \u201cEm S\u00e3o Paulo s\u00f3 faremos aquilo que a ci\u00eancia e a medicina determinarem\u201d, afirmou.<\/p>\n<p>&nbsp;<\/p>\n<p><strong>Fonte:\u00a0<\/strong>Ag\u00eancia Brasil<\/p>\n","protected":false},"excerpt":{"rendered":"<p>O isolamento social no estado de S\u00e3o Paulo voltou a alcan\u00e7ar neste domingo (3) 59%, taxa considerada satisfat\u00f3ria pelo governo paulista. Na capital, o isolamento chegou a 58%. O ideal \u00e9 a taxa acima de 70%, mas o governo considera satisfat\u00f3rios \u00edndices entre 50% e 60%. Segundo o governador Jo\u00e3o Doria, as cidades que n\u00e3o [&hellip;]<\/p>\n","protected":false},"author":96,"featured_media":159560,"comment_status":"closed","ping_status":"closed","sticky":false,"template":"","format":"standard","meta":{"footnotes":""},"categories":[302,436,439],"tags":[],"class_list":["post-159559","post","type-post","status-publish","format-standard","has-post-thumbnail","hentry","category-brasil-mundo","category-destaque-da-semana","category-ultima-hora"],"_links":{"self":[{"href":"https:\/\/diarioregionaldigital.com.br\/index.php?rest_route=\/wp\/v2\/posts\/159559","targetHints":{"allow":["GET"]}}],"collection":[{"href":"https:\/\/diarioregionaldigital.com.br\/index.php?rest_route=\/wp\/v2\/posts"}],"about":[{"href":"https:\/\/diarioregionaldigital.com.br\/index.php?rest_route=\/wp\/v2\/types\/post"}],"author":[{"embeddable":true,"href":"https:\/\/diarioregionaldigital.com.br\/index.php?rest_route=\/wp\/v2\/users\/96"}],"replies":[{"embeddable":true,"href":"https:\/\/diarioregionaldigital.com.br\/index.php?rest_route=%2Fwp%2Fv2%2Fcomments&post=159559"}],"version-history":[{"count":0,"href":"https:\/\/diarioregionaldigital.com.br\/index.php?rest_route=\/wp\/v2\/posts\/159559\/revisions"}],"wp:featuredmedia":[{"embeddable":true,"href":"https:\/\/diarioregionaldigital.com.br\/index.php?rest_route=\/wp\/v2\/media\/159560"}],"wp:attachment":[{"href":"https:\/\/diarioregionaldigital.com.br\/index.php?rest_route=%2Fwp%2Fv2%2Fmedia&parent=159559"}],"wp:term":[{"taxonomy":"category","embeddable":true,"href":"https:\/\/diarioregionaldigital.com.br\/index.php?rest_route=%2Fwp%2Fv2%2Fcategories&post=159559"},{"taxonomy":"post_tag","embeddable":true,"href":"https:\/\/diarioregionaldigital.com.br\/index.php?rest_route=%2Fwp%2Fv2%2Ftags&post=159559"}],"curies":[{"name":"wp","href":"https:\/\/api.w.org\/{rel}","templated":true}]}}