{"id":159557,"date":"2020-05-04T13:42:41","date_gmt":"2020-05-04T16:42:41","guid":{"rendered":"https:\/\/diarioregionaldigital.com.br\/?p=159557"},"modified":"2020-05-04T13:42:41","modified_gmt":"2020-05-04T16:42:41","slug":"hospitais-de-campanha-de-sao-paulo-tem-10-obitos-por-covid-19","status":"publish","type":"post","link":"https:\/\/diarioregionaldigital.com.br\/?p=159557","title":{"rendered":"Hospitais de campanha de S\u00e3o Paulo t\u00eam 10 \u00f3bitos por covid-19"},"content":{"rendered":"<p>Os hospitais municipais de campanha da capital paulista registram 10 mortes causadas pelo novo coronav\u00edrus. A morte mais recente \u00e9 de um paciente de 83 anos nas instala\u00e7\u00f5es do Anhembi, zona norte da cidade. Maior dos centros de sa\u00fade tempor\u00e1rios, o local teve nove mortes de pessoas internadas, enquanto o Pacaembu, na zona oeste, tem um registro.<\/p>\n<p>A cidade de S\u00e3o Paulo tem, segundo o \u00faltimo boletim divulgado pela Secretaria Municipal de Sa\u00fade, 1.744 mil mortes confirmadas por covid-19. H\u00e1 ainda 2.096 mortes consideradas suspeitas.<\/p>\n<p>O Hospital de Campanha do Anhembi tem atualmente 452 pacientes internados e o do Pacaembu, 162. Os dois espa\u00e7os acumulam 986 altas desde que foram instalados. Na \u00faltima sexta-feira (1\u00ba), entrou em funcionamento o terceiro hospital de campanha da capital paulista, no Ibirapuera, zona sul, com mais de 268 leitos de baixa complexidade. Juntos, os tr\u00eas hospitais t\u00eam 2.240 leitos de baixa complexidade para enfrentar a pandemia.<\/p>\n<p>De acordo com a Secretaria Municipal de Sa\u00fade, a ocupa\u00e7\u00e3o das unidades de tratamento intensivo nos hospitais administrados pela prefeitura est\u00e1 em 76%, com 361 internados, sendo que 262 est\u00e3o utilizando ventila\u00e7\u00e3o mec\u00e2nica.<\/p>\n<p>Foram afastados 3,9 mil profissionais de sa\u00fade da rede municipal por suspeita ou confirma\u00e7\u00e3o de covid-19. At\u00e9 o momento, foram registradas 13 mortes entre esses trabalhadores.<\/p>\n<p>&nbsp;<\/p>\n<p><strong>Fonte:\u00a0<\/strong>Ag\u00eancia Brasil<\/p>\n","protected":false},"excerpt":{"rendered":"<p>Os hospitais municipais de campanha da capital paulista registram 10 mortes causadas pelo novo coronav\u00edrus. A morte mais recente \u00e9 de um paciente de 83 anos nas instala\u00e7\u00f5es do Anhembi, zona norte da cidade. Maior dos centros de sa\u00fade tempor\u00e1rios, o local teve nove mortes de pessoas internadas, enquanto o Pacaembu, na zona oeste, tem [&hellip;]<\/p>\n","protected":false},"author":96,"featured_media":157770,"comment_status":"closed","ping_status":"closed","sticky":false,"template":"","format":"standard","meta":{"footnotes":""},"categories":[302,436,439],"tags":[],"class_list":["post-159557","post","type-post","status-publish","format-standard","has-post-thumbnail","hentry","category-brasil-mundo","category-destaque-da-semana","category-ultima-hora"],"_links":{"self":[{"href":"https:\/\/diarioregionaldigital.com.br\/index.php?rest_route=\/wp\/v2\/posts\/159557","targetHints":{"allow":["GET"]}}],"collection":[{"href":"https:\/\/diarioregionaldigital.com.br\/index.php?rest_route=\/wp\/v2\/posts"}],"about":[{"href":"https:\/\/diarioregionaldigital.com.br\/index.php?rest_route=\/wp\/v2\/types\/post"}],"author":[{"embeddable":true,"href":"https:\/\/diarioregionaldigital.com.br\/index.php?rest_route=\/wp\/v2\/users\/96"}],"replies":[{"embeddable":true,"href":"https:\/\/diarioregionaldigital.com.br\/index.php?rest_route=%2Fwp%2Fv2%2Fcomments&post=159557"}],"version-history":[{"count":0,"href":"https:\/\/diarioregionaldigital.com.br\/index.php?rest_route=\/wp\/v2\/posts\/159557\/revisions"}],"wp:featuredmedia":[{"embeddable":true,"href":"https:\/\/diarioregionaldigital.com.br\/index.php?rest_route=\/wp\/v2\/media\/157770"}],"wp:attachment":[{"href":"https:\/\/diarioregionaldigital.com.br\/index.php?rest_route=%2Fwp%2Fv2%2Fmedia&parent=159557"}],"wp:term":[{"taxonomy":"category","embeddable":true,"href":"https:\/\/diarioregionaldigital.com.br\/index.php?rest_route=%2Fwp%2Fv2%2Fcategories&post=159557"},{"taxonomy":"post_tag","embeddable":true,"href":"https:\/\/diarioregionaldigital.com.br\/index.php?rest_route=%2Fwp%2Fv2%2Ftags&post=159557"}],"curies":[{"name":"wp","href":"https:\/\/api.w.org\/{rel}","templated":true}]}}