{"id":159554,"date":"2020-05-04T13:40:59","date_gmt":"2020-05-04T16:40:59","guid":{"rendered":"https:\/\/diarioregionaldigital.com.br\/?p=159554"},"modified":"2020-05-04T13:40:59","modified_gmt":"2020-05-04T16:40:59","slug":"em-semana-decisiva-de-contagio-por-covid-19-rio-nao-tem-leitos","status":"publish","type":"post","link":"https:\/\/diarioregionaldigital.com.br\/?p=159554","title":{"rendered":"Em semana decisiva de cont\u00e1gio por covid-19, Rio n\u00e3o tem leitos"},"content":{"rendered":"<p>Depois de declarar que esta\u00a0semana ser\u00e1 decisiva\u00a0no combate ao cont\u00e1gio pelo novo coronav\u00edrus no Rio<span id=\"OBJ_PREFIX_DWT177_com_zimbra_date\" role=\"link\">\u00a0de janeiro<\/span>, quando o estado passou de\u00a0mil mortes, a prefeitura da capital informou que n\u00e3o h\u00e1 leitos dispon\u00edveis no momento para internar pessoas acometidas pela doen\u00e7a.<\/p>\n<p>A Defensoria P\u00fablica tem feito o monitoramento dos leitos dispon\u00edveis e alertou para o\u00a0colapso do sistema.<\/p>\n<p>Segundo a prefeitura, os leitos que constam como livres no sistema de regula\u00e7\u00e3o do Sistema \u00danico de Sa\u00fade (SUS) para unidades da rede municipal s\u00e3o as de unidades especializadas como maternidades, psiqui\u00e1tricas e pedi\u00e1tricas. Portanto, n\u00e3o podem ser usadas para pacientes de covid-19.<\/p>\n<p>A prefeitura informou tamb\u00e9m que alguns leitos n\u00e3o est\u00e3o liberados por causa do afastamento de profissionais de sa\u00fade por causa da doen\u00e7a ou por estarem no grupo de risco para o novo coronav\u00edrus.<\/p>\n<p><strong>Hospital de campanha<\/strong><\/p>\n<p>O hospital de campanha inaugurado pela prefeitura na\u00a0<span id=\"OBJ_PREFIX_DWT181_com_zimbra_date\" role=\"link\">sexta<\/span>-feira (1\u00ba) no RioCentro vai disponibilizar, por enquanto, 20 leitos de unidade de terapia intensiva (UTI) e 80 de cl\u00ednica m\u00e9dica. Os primeiros pacientes j\u00e1 foram transferidos para o local.<\/p>\n<p>A abertura dos 500 leitos previstos no local depende da chegada de equipamentos que a prefeitura comprou da China e devem ser entregues nesta semana. Tamb\u00e9m est\u00e3o sendo contratados mais 112 profissionais de sa\u00fade para atender na unidade.<\/p>\n<p><strong>Hot\u00e9is solid\u00e1rios<\/strong><\/p>\n<p>No fim de semana, a prefeitura do Rio tamb\u00e9m ampliou o programa Hotel Solid\u00e1rio, que passou de duas para 21 comunidades atendidas. Com isso, idosos moradores de outras favelas, al\u00e9m da Rocinha e do Vidigal, poder\u00e3o se hospedar nos hot\u00e9is pagos pela prefeitura para ajudar no isolamento dessa parte da popula\u00e7\u00e3o, considerada grupo de risco para a doen\u00e7a.<\/p>\n<p>Foram disponibilizadas mil vagas desde o in\u00edcio das medidas de isolamento para conter o cont\u00e1gio pelo novo coronav\u00edrus, mas apenas 50 pessoas tinham se apresentado. O n\u00famero subiu para 115, com a amplia\u00e7\u00e3o para comunidades do Leblon, de S\u00e3o Conrado, Santo Cristo, Copacabana, G\u00e1vea, Centro, Cidade de Deus, Parada de Lucas, Vila Isabel, Tanque, Marechal Hermes, Cascadura, Benfica, Rio Comprido, Jacar\u00e9, Maria da Gra\u00e7a, Cavalcanti, Tom\u00e1s Coelho e Campo Grande.<\/p>\n<p>Os hot\u00e9is ficam na Barra da Tijuca e no centro da cidade e contam com servi\u00e7os de hotelaria, refei\u00e7\u00f5es di\u00e1rias, rouparia e lavanderia, al\u00e9m de uma equipe multidisciplinar de acompanhamento dos idosos, com psic\u00f3logos e assistentes sociais.<\/p>\n<p>&nbsp;<\/p>\n<p><strong>Fonte:\u00a0<\/strong>Ag\u00eancia Brasil<\/p>\n","protected":false},"excerpt":{"rendered":"<p>Depois de declarar que esta\u00a0semana ser\u00e1 decisiva\u00a0no combate ao cont\u00e1gio pelo novo coronav\u00edrus no Rio\u00a0de janeiro, quando o estado passou de\u00a0mil mortes, a prefeitura da capital informou que n\u00e3o h\u00e1 leitos dispon\u00edveis no momento para internar pessoas acometidas pela doen\u00e7a. A Defensoria P\u00fablica tem feito o monitoramento dos leitos dispon\u00edveis e alertou para o\u00a0colapso do [&hellip;]<\/p>\n","protected":false},"author":96,"featured_media":159555,"comment_status":"closed","ping_status":"closed","sticky":false,"template":"","format":"standard","meta":{"footnotes":""},"categories":[302,436,439],"tags":[],"class_list":["post-159554","post","type-post","status-publish","format-standard","has-post-thumbnail","hentry","category-brasil-mundo","category-destaque-da-semana","category-ultima-hora"],"_links":{"self":[{"href":"https:\/\/diarioregionaldigital.com.br\/index.php?rest_route=\/wp\/v2\/posts\/159554","targetHints":{"allow":["GET"]}}],"collection":[{"href":"https:\/\/diarioregionaldigital.com.br\/index.php?rest_route=\/wp\/v2\/posts"}],"about":[{"href":"https:\/\/diarioregionaldigital.com.br\/index.php?rest_route=\/wp\/v2\/types\/post"}],"author":[{"embeddable":true,"href":"https:\/\/diarioregionaldigital.com.br\/index.php?rest_route=\/wp\/v2\/users\/96"}],"replies":[{"embeddable":true,"href":"https:\/\/diarioregionaldigital.com.br\/index.php?rest_route=%2Fwp%2Fv2%2Fcomments&post=159554"}],"version-history":[{"count":0,"href":"https:\/\/diarioregionaldigital.com.br\/index.php?rest_route=\/wp\/v2\/posts\/159554\/revisions"}],"wp:featuredmedia":[{"embeddable":true,"href":"https:\/\/diarioregionaldigital.com.br\/index.php?rest_route=\/wp\/v2\/media\/159555"}],"wp:attachment":[{"href":"https:\/\/diarioregionaldigital.com.br\/index.php?rest_route=%2Fwp%2Fv2%2Fmedia&parent=159554"}],"wp:term":[{"taxonomy":"category","embeddable":true,"href":"https:\/\/diarioregionaldigital.com.br\/index.php?rest_route=%2Fwp%2Fv2%2Fcategories&post=159554"},{"taxonomy":"post_tag","embeddable":true,"href":"https:\/\/diarioregionaldigital.com.br\/index.php?rest_route=%2Fwp%2Fv2%2Ftags&post=159554"}],"curies":[{"name":"wp","href":"https:\/\/api.w.org\/{rel}","templated":true}]}}