{"id":159549,"date":"2020-05-04T13:34:22","date_gmt":"2020-05-04T16:34:22","guid":{"rendered":"https:\/\/diarioregionaldigital.com.br\/?p=159549"},"modified":"2020-05-04T13:34:22","modified_gmt":"2020-05-04T16:34:22","slug":"covid-19-barbacena-tem-primeiro-obito-confirmado","status":"publish","type":"post","link":"https:\/\/diarioregionaldigital.com.br\/?p=159549","title":{"rendered":"Covid-19: Barbacena tem primeiro \u00f3bito confirmado"},"content":{"rendered":"<p>A Secretaria de Estado da Sa\u00fade de Minas Gerais (SES-MG), confirmou nesta segunda-feira (4), a primeira morte por Coronav\u00edrus na cidade de Barbacena. Segundo informa\u00e7\u00f5es, a v\u00edtima \u00e9 um idoso de 61 anos. Conforme o levantamento, a cidade da zona da mata mineira tem 10 casos confirmados da doen\u00e7a.<\/p>\n<p>Conforme os dados divulgados, Minas Gerais chega a 2.347 <a href=\"https:\/\/www.saude.mg.gov.br\/images\/noticias_e_eventos\/000_2020\/Boletins_Corona\/04.05.2020_Boletim_epidemiologico_COVID-19_MG.pdf\">casos confirmados<\/a> e 90 <a href=\"https:\/\/www.saude.mg.gov.br\/images\/noticias_e_eventos\/000_2020\/Boletins_Corona\/Quadro_Obitos_COVID-19_MG_04.05.2020.pdf\">\u00f3bitos<\/a> contabilizados, al\u00e9m de 89.056 casos suspeitos.<\/p>\n<p>Os\u00a0dados atualizados\u00a0referentes a \u00f3bitos confirmados em Minas Gerais s\u00e3o: Araguari (1), Arax\u00e1 (1), Belmiro Braga (1), Belo Horizonte (20), Belo Vale (1), Betim (1), Bonfim (1), Capit\u00f3lio (1), Cataguases(1), Centralina (1), Contagem (3), Divin\u00f3polis (1), Espinosa (1), Extrema (1), Governador Valadares (3), Ipia\u00e7u (1), Itabira (1), Juiz de Fora (6), Mariana (1), M\u00e1rio Campos (1), Montes Claros (1), Morro da Gar\u00e7a (1), Nanuque (1), Nova Serrana (1), Novo Cruzeiro (1), Ouro Fino (1), Paracatu (1), Parais\u00f3polis (2), Patos de Minas (1), Patroc\u00ednio (1), Piumhi (1), Planura (1), Po\u00e7os de Caldas (2), Pouso Alegre (2), Presidente Juscelino (1), Santos Dumont (1), S\u00e3o Francisco (2), S\u00e3o Geraldo da Piedade (1), S\u00e3o Rom\u00e3o (1), S\u00e3o Sebasti\u00e3o do Para\u00edso (1), S\u00e3o Tom\u00e1s de Aquino (1), Tr\u00eas Pontas (1), Uberaba (4), Uberl\u00e2ndia (8), Varginha (1) e Varzel\u00e2ndia (1).<\/p>\n<div><\/div>\n<div class=\"the_champ_sharing_container the_champ_horizontal_sharing\"><\/div>\n","protected":false},"excerpt":{"rendered":"<p>A Secretaria de Estado da Sa\u00fade de Minas Gerais (SES-MG), confirmou nesta segunda-feira (4), a primeira morte por Coronav\u00edrus na cidade de Barbacena. Segundo informa\u00e7\u00f5es, a v\u00edtima \u00e9 um idoso de 61 anos. Conforme o levantamento, a cidade da zona da mata mineira tem 10 casos confirmados da doen\u00e7a. Conforme os dados divulgados, Minas Gerais [&hellip;]<\/p>\n","protected":false},"author":96,"featured_media":158549,"comment_status":"closed","ping_status":"closed","sticky":false,"template":"","format":"standard","meta":{"footnotes":""},"categories":[436,440,252,439],"tags":[],"class_list":["post-159549","post","type-post","status-publish","format-standard","has-post-thumbnail","hentry","category-destaque-da-semana","category-destaques-do-dia","category-regiao","category-ultima-hora"],"_links":{"self":[{"href":"https:\/\/diarioregionaldigital.com.br\/index.php?rest_route=\/wp\/v2\/posts\/159549","targetHints":{"allow":["GET"]}}],"collection":[{"href":"https:\/\/diarioregionaldigital.com.br\/index.php?rest_route=\/wp\/v2\/posts"}],"about":[{"href":"https:\/\/diarioregionaldigital.com.br\/index.php?rest_route=\/wp\/v2\/types\/post"}],"author":[{"embeddable":true,"href":"https:\/\/diarioregionaldigital.com.br\/index.php?rest_route=\/wp\/v2\/users\/96"}],"replies":[{"embeddable":true,"href":"https:\/\/diarioregionaldigital.com.br\/index.php?rest_route=%2Fwp%2Fv2%2Fcomments&post=159549"}],"version-history":[{"count":0,"href":"https:\/\/diarioregionaldigital.com.br\/index.php?rest_route=\/wp\/v2\/posts\/159549\/revisions"}],"wp:featuredmedia":[{"embeddable":true,"href":"https:\/\/diarioregionaldigital.com.br\/index.php?rest_route=\/wp\/v2\/media\/158549"}],"wp:attachment":[{"href":"https:\/\/diarioregionaldigital.com.br\/index.php?rest_route=%2Fwp%2Fv2%2Fmedia&parent=159549"}],"wp:term":[{"taxonomy":"category","embeddable":true,"href":"https:\/\/diarioregionaldigital.com.br\/index.php?rest_route=%2Fwp%2Fv2%2Fcategories&post=159549"},{"taxonomy":"post_tag","embeddable":true,"href":"https:\/\/diarioregionaldigital.com.br\/index.php?rest_route=%2Fwp%2Fv2%2Ftags&post=159549"}],"curies":[{"name":"wp","href":"https:\/\/api.w.org\/{rel}","templated":true}]}}