{"id":159540,"date":"2020-05-03T06:00:52","date_gmt":"2020-05-03T09:00:52","guid":{"rendered":"https:\/\/diarioregionaldigital.com.br\/?p=159540"},"modified":"2020-05-01T21:18:32","modified_gmt":"2020-05-02T00:18:32","slug":"32-anos-de-colunismo-social","status":"publish","type":"post","link":"https:\/\/diarioregionaldigital.com.br\/?p=159540","title":{"rendered":"\u201c32 anos de colunismo social\u201d"},"content":{"rendered":"<p style=\"text-align: center;\"><span style=\"font-size: 14pt;\"><strong>\u201c32 anos de colunismo social\u201d<\/strong><\/span><\/p>\n<p style=\"text-align: center;\">Hoje este colunista completa 32 anos de colunismo social com jornal, TV, revista e livro. O tempo passou e colecionamos muitas premia\u00e7\u00f5es de credibilidade, homenagem honrosa da Ma\u00e7onaria e enredo de escola de samba. Momentos alegres, tristes e emocionantes trilharam o caminho do t\u00edtulo desta p\u00e1gina. Durante alguns dias vamos mostrar amigos e leitores em momentos inesquec\u00edveis. No canto de Elis Regina \u201cResistindo na boca da noite um gosto de sol\u201d. Confiram eu e eles.<\/p>\n<div id=\"attachment_159440\" style=\"width: 690px\" class=\"wp-caption aligncenter\"><img loading=\"lazy\" decoding=\"async\" aria-describedby=\"caption-attachment-159440\" class=\"wp-image-159440\" src=\"https:\/\/diarioregionaldigital.com.br\/wp-content\/uploads\/2020\/04\/fotoa-18.jpg\" alt=\"\" width=\"680\" height=\"444\" srcset=\"https:\/\/diarioregionaldigital.com.br\/wp-content\/uploads\/2020\/04\/fotoa-18.jpg 2656w, https:\/\/diarioregionaldigital.com.br\/wp-content\/uploads\/2020\/04\/fotoa-18-300x196.jpg 300w, https:\/\/diarioregionaldigital.com.br\/wp-content\/uploads\/2020\/04\/fotoa-18-768x502.jpg 768w, https:\/\/diarioregionaldigital.com.br\/wp-content\/uploads\/2020\/04\/fotoa-18-1024x669.jpg 1024w, https:\/\/diarioregionaldigital.com.br\/wp-content\/uploads\/2020\/04\/fotoa-18-360x235.jpg 360w\" sizes=\"auto, (max-width: 680px) 100vw, 680px\" \/><p id=\"caption-attachment-159440\" class=\"wp-caption-text\">O bom dia de Eduardo Gomes sempre fiel ao Di\u00e1rio Regional<\/p><\/div>\n<div id=\"attachment_159441\" style=\"width: 690px\" class=\"wp-caption aligncenter\"><img loading=\"lazy\" decoding=\"async\" aria-describedby=\"caption-attachment-159441\" class=\"wp-image-159441\" src=\"https:\/\/diarioregionaldigital.com.br\/wp-content\/uploads\/2020\/04\/fotob-18-e1588377736967.jpg\" alt=\"\" width=\"680\" height=\"493\" srcset=\"https:\/\/diarioregionaldigital.com.br\/wp-content\/uploads\/2020\/04\/fotob-18-e1588377736967.jpg 1722w, https:\/\/diarioregionaldigital.com.br\/wp-content\/uploads\/2020\/04\/fotob-18-e1588377736967-300x218.jpg 300w, https:\/\/diarioregionaldigital.com.br\/wp-content\/uploads\/2020\/04\/fotob-18-e1588377736967-768x557.jpg 768w, https:\/\/diarioregionaldigital.com.br\/wp-content\/uploads\/2020\/04\/fotob-18-e1588377736967-1024x743.jpg 1024w, https:\/\/diarioregionaldigital.com.br\/wp-content\/uploads\/2020\/04\/fotob-18-e1588377736967-360x261.jpg 360w\" sizes=\"auto, (max-width: 680px) 100vw, 680px\" \/><p id=\"caption-attachment-159441\" class=\"wp-caption-text\">No Victory Suites, os irm\u00e3os colunistas Marc\u00edlio Gomes e Eduardo Gomes<\/p><\/div>\n<div id=\"attachment_159442\" style=\"width: 690px\" class=\"wp-caption aligncenter\"><img loading=\"lazy\" decoding=\"async\" aria-describedby=\"caption-attachment-159442\" class=\"wp-image-159442\" src=\"https:\/\/diarioregionaldigital.com.br\/wp-content\/uploads\/2020\/04\/fotoc-18-e1588377782910.jpg\" alt=\"\" width=\"680\" height=\"509\" srcset=\"https:\/\/diarioregionaldigital.com.br\/wp-content\/uploads\/2020\/04\/fotoc-18-e1588377782910.jpg 1627w, https:\/\/diarioregionaldigital.com.br\/wp-content\/uploads\/2020\/04\/fotoc-18-e1588377782910-300x224.jpg 300w, https:\/\/diarioregionaldigital.com.br\/wp-content\/uploads\/2020\/04\/fotoc-18-e1588377782910-768x574.jpg 768w, https:\/\/diarioregionaldigital.com.br\/wp-content\/uploads\/2020\/04\/fotoc-18-e1588377782910-1024x766.jpg 1024w, https:\/\/diarioregionaldigital.com.br\/wp-content\/uploads\/2020\/04\/fotoc-18-e1588377782910-360x269.jpg 360w\" sizes=\"auto, (max-width: 680px) 100vw, 680px\" \/><p id=\"caption-attachment-159442\" class=\"wp-caption-text\">Amigos em noite luz no Ritz Hotel, Eduardo Gomes e Jacqueline Vianna<\/p><\/div>\n<div id=\"attachment_159443\" style=\"width: 690px\" class=\"wp-caption aligncenter\"><img loading=\"lazy\" decoding=\"async\" aria-describedby=\"caption-attachment-159443\" class=\"wp-image-159443\" src=\"https:\/\/diarioregionaldigital.com.br\/wp-content\/uploads\/2020\/04\/fotod-18-e1588377852459.jpg\" alt=\"\" width=\"680\" height=\"470\" srcset=\"https:\/\/diarioregionaldigital.com.br\/wp-content\/uploads\/2020\/04\/fotod-18-e1588377852459.jpg 1884w, https:\/\/diarioregionaldigital.com.br\/wp-content\/uploads\/2020\/04\/fotod-18-e1588377852459-300x207.jpg 300w, https:\/\/diarioregionaldigital.com.br\/wp-content\/uploads\/2020\/04\/fotod-18-e1588377852459-768x531.jpg 768w, https:\/\/diarioregionaldigital.com.br\/wp-content\/uploads\/2020\/04\/fotod-18-e1588377852459-1024x708.jpg 1024w, https:\/\/diarioregionaldigital.com.br\/wp-content\/uploads\/2020\/04\/fotod-18-e1588377852459-360x249.jpg 360w, https:\/\/diarioregionaldigital.com.br\/wp-content\/uploads\/2020\/04\/fotod-18-e1588377852459-100x70.jpg 100w\" sizes=\"auto, (max-width: 680px) 100vw, 680px\" \/><p id=\"caption-attachment-159443\" class=\"wp-caption-text\">No Buffet Gutierrez &amp; Milione com a dire\u00e7\u00e3o do Sircom, Jane Arag\u00e3o, Fl\u00e1via Arag\u00e3o Platz, Eduardo Gomes e Ronald Platz<\/p><\/div>\n<div id=\"attachment_159444\" style=\"width: 690px\" class=\"wp-caption aligncenter\"><img loading=\"lazy\" decoding=\"async\" aria-describedby=\"caption-attachment-159444\" class=\"wp-image-159444\" src=\"https:\/\/diarioregionaldigital.com.br\/wp-content\/uploads\/2020\/04\/fotoe-18-e1588377902151.jpg\" alt=\"\" width=\"680\" height=\"477\" srcset=\"https:\/\/diarioregionaldigital.com.br\/wp-content\/uploads\/2020\/04\/fotoe-18-e1588377902151.jpg 2639w, https:\/\/diarioregionaldigital.com.br\/wp-content\/uploads\/2020\/04\/fotoe-18-e1588377902151-300x210.jpg 300w, https:\/\/diarioregionaldigital.com.br\/wp-content\/uploads\/2020\/04\/fotoe-18-e1588377902151-768x538.jpg 768w, https:\/\/diarioregionaldigital.com.br\/wp-content\/uploads\/2020\/04\/fotoe-18-e1588377902151-1024x718.jpg 1024w, https:\/\/diarioregionaldigital.com.br\/wp-content\/uploads\/2020\/04\/fotoe-18-e1588377902151-360x252.jpg 360w, https:\/\/diarioregionaldigital.com.br\/wp-content\/uploads\/2020\/04\/fotoe-18-e1588377902151-100x70.jpg 100w\" sizes=\"auto, (max-width: 680px) 100vw, 680px\" \/><p id=\"caption-attachment-159444\" class=\"wp-caption-text\">Elegante no Poleiro do Galo com Eduardo Gomes, Rosangela Manh\u00e3es, Sandra Cordeiro e Mariana Noronha<\/p><\/div>\n<div id=\"attachment_159445\" style=\"width: 690px\" class=\"wp-caption aligncenter\"><img loading=\"lazy\" decoding=\"async\" aria-describedby=\"caption-attachment-159445\" class=\"wp-image-159445\" src=\"https:\/\/diarioregionaldigital.com.br\/wp-content\/uploads\/2020\/04\/fotof-17.jpg\" alt=\"\" width=\"680\" height=\"454\" srcset=\"https:\/\/diarioregionaldigital.com.br\/wp-content\/uploads\/2020\/04\/fotof-17.jpg 2340w, https:\/\/diarioregionaldigital.com.br\/wp-content\/uploads\/2020\/04\/fotof-17-300x201.jpg 300w, https:\/\/diarioregionaldigital.com.br\/wp-content\/uploads\/2020\/04\/fotof-17-768x513.jpg 768w, https:\/\/diarioregionaldigital.com.br\/wp-content\/uploads\/2020\/04\/fotof-17-1024x684.jpg 1024w, https:\/\/diarioregionaldigital.com.br\/wp-content\/uploads\/2020\/04\/fotof-17-360x241.jpg 360w\" sizes=\"auto, (max-width: 680px) 100vw, 680px\" \/><p id=\"caption-attachment-159445\" class=\"wp-caption-text\">Amigos queridos na Vaporeto, Eduardo Gomes, Florinha Carmo e Celso Noronha<\/p><\/div>\n<div id=\"attachment_159446\" style=\"width: 690px\" class=\"wp-caption aligncenter\"><img loading=\"lazy\" decoding=\"async\" aria-describedby=\"caption-attachment-159446\" class=\"wp-image-159446\" src=\"https:\/\/diarioregionaldigital.com.br\/wp-content\/uploads\/2020\/04\/fotog-18.jpg\" alt=\"\" width=\"680\" height=\"456\" srcset=\"https:\/\/diarioregionaldigital.com.br\/wp-content\/uploads\/2020\/04\/fotog-18.jpg 2652w, https:\/\/diarioregionaldigital.com.br\/wp-content\/uploads\/2020\/04\/fotog-18-300x201.jpg 300w, https:\/\/diarioregionaldigital.com.br\/wp-content\/uploads\/2020\/04\/fotog-18-768x515.jpg 768w, https:\/\/diarioregionaldigital.com.br\/wp-content\/uploads\/2020\/04\/fotog-18-1024x687.jpg 1024w, https:\/\/diarioregionaldigital.com.br\/wp-content\/uploads\/2020\/04\/fotog-18-360x242.jpg 360w\" sizes=\"auto, (max-width: 680px) 100vw, 680px\" \/><p id=\"caption-attachment-159446\" class=\"wp-caption-text\">Presen\u00e7as queridas no Unique, Regina Ferreira, Carlos Alberto Ferreira e Ivanir Ferreira<\/p><\/div>\n<div id=\"attachment_159447\" style=\"width: 690px\" class=\"wp-caption aligncenter\"><img loading=\"lazy\" decoding=\"async\" aria-describedby=\"caption-attachment-159447\" class=\"wp-image-159447\" src=\"https:\/\/diarioregionaldigital.com.br\/wp-content\/uploads\/2020\/04\/fotoh-18.jpg\" alt=\"\" width=\"680\" height=\"439\" srcset=\"https:\/\/diarioregionaldigital.com.br\/wp-content\/uploads\/2020\/04\/fotoh-18.jpg 2640w, https:\/\/diarioregionaldigital.com.br\/wp-content\/uploads\/2020\/04\/fotoh-18-300x194.jpg 300w, https:\/\/diarioregionaldigital.com.br\/wp-content\/uploads\/2020\/04\/fotoh-18-768x496.jpg 768w, https:\/\/diarioregionaldigital.com.br\/wp-content\/uploads\/2020\/04\/fotoh-18-1024x661.jpg 1024w, https:\/\/diarioregionaldigital.com.br\/wp-content\/uploads\/2020\/04\/fotoh-18-360x232.jpg 360w\" sizes=\"auto, (max-width: 680px) 100vw, 680px\" \/><p id=\"caption-attachment-159447\" class=\"wp-caption-text\">No Clube de papo, os campe\u00f5es, Gerson Guedes, Eduardo Gomes, Wadson Ribeiro e Mestre Jansen<\/p><\/div>\n<div id=\"attachment_159448\" style=\"width: 690px\" class=\"wp-caption aligncenter\"><img loading=\"lazy\" decoding=\"async\" aria-describedby=\"caption-attachment-159448\" class=\"wp-image-159448\" src=\"https:\/\/diarioregionaldigital.com.br\/wp-content\/uploads\/2020\/04\/fotoi-14.jpg\" alt=\"\" width=\"680\" height=\"458\" srcset=\"https:\/\/diarioregionaldigital.com.br\/wp-content\/uploads\/2020\/04\/fotoi-14.jpg 2528w, https:\/\/diarioregionaldigital.com.br\/wp-content\/uploads\/2020\/04\/fotoi-14-300x202.jpg 300w, https:\/\/diarioregionaldigital.com.br\/wp-content\/uploads\/2020\/04\/fotoi-14-768x518.jpg 768w, https:\/\/diarioregionaldigital.com.br\/wp-content\/uploads\/2020\/04\/fotoi-14-1024x690.jpg 1024w, https:\/\/diarioregionaldigital.com.br\/wp-content\/uploads\/2020\/04\/fotoi-14-360x243.jpg 360w\" sizes=\"auto, (max-width: 680px) 100vw, 680px\" \/><p id=\"caption-attachment-159448\" class=\"wp-caption-text\">Eduardo Gomes com as lindas Fernanda Carvalho e Patr\u00edcia Alvim, no Victory Suites<\/p><\/div>\n<div id=\"attachment_159449\" style=\"width: 690px\" class=\"wp-caption aligncenter\"><img loading=\"lazy\" decoding=\"async\" aria-describedby=\"caption-attachment-159449\" class=\"wp-image-159449\" src=\"https:\/\/diarioregionaldigital.com.br\/wp-content\/uploads\/2020\/04\/fotoj-8-e1588378157336.jpg\" alt=\"\" width=\"680\" height=\"498\" srcset=\"https:\/\/diarioregionaldigital.com.br\/wp-content\/uploads\/2020\/04\/fotoj-8-e1588378157336.jpg 1635w, https:\/\/diarioregionaldigital.com.br\/wp-content\/uploads\/2020\/04\/fotoj-8-e1588378157336-300x220.jpg 300w, https:\/\/diarioregionaldigital.com.br\/wp-content\/uploads\/2020\/04\/fotoj-8-e1588378157336-768x562.jpg 768w, https:\/\/diarioregionaldigital.com.br\/wp-content\/uploads\/2020\/04\/fotoj-8-e1588378157336-1024x750.jpg 1024w, https:\/\/diarioregionaldigital.com.br\/wp-content\/uploads\/2020\/04\/fotoj-8-e1588378157336-360x264.jpg 360w\" sizes=\"auto, (max-width: 680px) 100vw, 680px\" \/><p id=\"caption-attachment-159449\" class=\"wp-caption-text\">No Clube Bom Pastor, os colunistas Eduardo Gomes e C\u00e9sar Romero<\/p><\/div>\n<div id=\"attachment_159450\" style=\"width: 690px\" class=\"wp-caption aligncenter\"><img loading=\"lazy\" decoding=\"async\" aria-describedby=\"caption-attachment-159450\" class=\"wp-image-159450\" src=\"https:\/\/diarioregionaldigital.com.br\/wp-content\/uploads\/2020\/04\/fotol-1-e1588378245565.jpg\" alt=\"\" width=\"680\" height=\"517\" srcset=\"https:\/\/diarioregionaldigital.com.br\/wp-content\/uploads\/2020\/04\/fotol-1-e1588378245565.jpg 1751w, https:\/\/diarioregionaldigital.com.br\/wp-content\/uploads\/2020\/04\/fotol-1-e1588378245565-300x228.jpg 300w, https:\/\/diarioregionaldigital.com.br\/wp-content\/uploads\/2020\/04\/fotol-1-e1588378245565-768x584.jpg 768w, https:\/\/diarioregionaldigital.com.br\/wp-content\/uploads\/2020\/04\/fotol-1-e1588378245565-1024x778.jpg 1024w, https:\/\/diarioregionaldigital.com.br\/wp-content\/uploads\/2020\/04\/fotol-1-e1588378245565-360x274.jpg 360w\" sizes=\"auto, (max-width: 680px) 100vw, 680px\" \/><p id=\"caption-attachment-159450\" class=\"wp-caption-text\">Na Noite de Gala no Clube S\u00edrio e Liban\u00eas Eduardo Gomes e Deninha Toledo<\/p><\/div>\n<div id=\"attachment_159451\" style=\"width: 690px\" class=\"wp-caption aligncenter\"><img loading=\"lazy\" decoding=\"async\" aria-describedby=\"caption-attachment-159451\" class=\"wp-image-159451\" src=\"https:\/\/diarioregionaldigital.com.br\/wp-content\/uploads\/2020\/04\/fotom-1.jpg\" alt=\"\" width=\"680\" height=\"449\" srcset=\"https:\/\/diarioregionaldigital.com.br\/wp-content\/uploads\/2020\/04\/fotom-1.jpg 2704w, https:\/\/diarioregionaldigital.com.br\/wp-content\/uploads\/2020\/04\/fotom-1-300x198.jpg 300w, https:\/\/diarioregionaldigital.com.br\/wp-content\/uploads\/2020\/04\/fotom-1-768x507.jpg 768w, https:\/\/diarioregionaldigital.com.br\/wp-content\/uploads\/2020\/04\/fotom-1-1024x676.jpg 1024w, https:\/\/diarioregionaldigital.com.br\/wp-content\/uploads\/2020\/04\/fotom-1-1440x950.jpg 1440w, https:\/\/diarioregionaldigital.com.br\/wp-content\/uploads\/2020\/04\/fotom-1-360x238.jpg 360w\" sizes=\"auto, (max-width: 680px) 100vw, 680px\" \/><p id=\"caption-attachment-159451\" class=\"wp-caption-text\">Gloriosos no Trade Hotel, Eduardo Gomes, Gra\u00e7a Loures e Nequitz Miguel<\/p><\/div>\n<div id=\"attachment_159452\" style=\"width: 690px\" class=\"wp-caption aligncenter\"><img loading=\"lazy\" decoding=\"async\" aria-describedby=\"caption-attachment-159452\" class=\"wp-image-159452\" src=\"https:\/\/diarioregionaldigital.com.br\/wp-content\/uploads\/2020\/04\/foton-1.jpg\" alt=\"\" width=\"680\" height=\"453\" srcset=\"https:\/\/diarioregionaldigital.com.br\/wp-content\/uploads\/2020\/04\/foton-1.jpg 2704w, https:\/\/diarioregionaldigital.com.br\/wp-content\/uploads\/2020\/04\/foton-1-300x200.jpg 300w, https:\/\/diarioregionaldigital.com.br\/wp-content\/uploads\/2020\/04\/foton-1-768x511.jpg 768w, https:\/\/diarioregionaldigital.com.br\/wp-content\/uploads\/2020\/04\/foton-1-1024x682.jpg 1024w, https:\/\/diarioregionaldigital.com.br\/wp-content\/uploads\/2020\/04\/foton-1-360x240.jpg 360w\" sizes=\"auto, (max-width: 680px) 100vw, 680px\" \/><p id=\"caption-attachment-159452\" class=\"wp-caption-text\">Em festa \u201cMelhores do Ano\u201d, Maria Rita Gomes da Rocha e o irm\u00e3o Eduardo Gomes<\/p><\/div>\n<div id=\"attachment_159455\" style=\"width: 690px\" class=\"wp-caption aligncenter\"><img loading=\"lazy\" decoding=\"async\" aria-describedby=\"caption-attachment-159455\" class=\"wp-image-159455\" src=\"https:\/\/diarioregionaldigital.com.br\/wp-content\/uploads\/2020\/04\/fotoq-1-e1588378387213.jpg\" alt=\"\" width=\"680\" height=\"460\" srcset=\"https:\/\/diarioregionaldigital.com.br\/wp-content\/uploads\/2020\/04\/fotoq-1-e1588378387213.jpg 612w, https:\/\/diarioregionaldigital.com.br\/wp-content\/uploads\/2020\/04\/fotoq-1-e1588378387213-300x203.jpg 300w, https:\/\/diarioregionaldigital.com.br\/wp-content\/uploads\/2020\/04\/fotoq-1-e1588378387213-360x244.jpg 360w\" sizes=\"auto, (max-width: 680px) 100vw, 680px\" \/><p id=\"caption-attachment-159455\" class=\"wp-caption-text\">Gente chique na loja Natuzzi: Talison Vardiero, Russa Goyat\u00e1, Eduardo Gomes e Marcelo Goyat\u00e1<\/p><\/div>\n<div id=\"attachment_159454\" style=\"width: 690px\" class=\"wp-caption aligncenter\"><img loading=\"lazy\" decoding=\"async\" aria-describedby=\"caption-attachment-159454\" class=\"wp-image-159454\" src=\"https:\/\/diarioregionaldigital.com.br\/wp-content\/uploads\/2020\/04\/fotop-1.jpg\" alt=\"\" width=\"680\" height=\"445\" srcset=\"https:\/\/diarioregionaldigital.com.br\/wp-content\/uploads\/2020\/04\/fotop-1.jpg 2752w, https:\/\/diarioregionaldigital.com.br\/wp-content\/uploads\/2020\/04\/fotop-1-300x196.jpg 300w, https:\/\/diarioregionaldigital.com.br\/wp-content\/uploads\/2020\/04\/fotop-1-768x502.jpg 768w, https:\/\/diarioregionaldigital.com.br\/wp-content\/uploads\/2020\/04\/fotop-1-1024x670.jpg 1024w, https:\/\/diarioregionaldigital.com.br\/wp-content\/uploads\/2020\/04\/fotop-1-360x235.jpg 360w\" sizes=\"auto, (max-width: 680px) 100vw, 680px\" \/><p id=\"caption-attachment-159454\" class=\"wp-caption-text\">No Clube de Papo curtindo feijoada: Aurea Cassia Almeida, Raquel Siqueira, Myrliane Le\u00e3o, Eduardo Gomes e Wilhelm Americano Freire<\/p><\/div>\n<div id=\"attachment_159453\" style=\"width: 690px\" class=\"wp-caption aligncenter\"><img loading=\"lazy\" decoding=\"async\" aria-describedby=\"caption-attachment-159453\" class=\"wp-image-159453\" src=\"https:\/\/diarioregionaldigital.com.br\/wp-content\/uploads\/2020\/04\/fotoo-1-e1588378312220.jpg\" alt=\"\" width=\"680\" height=\"454\" srcset=\"https:\/\/diarioregionaldigital.com.br\/wp-content\/uploads\/2020\/04\/fotoo-1-e1588378312220.jpg 2171w, https:\/\/diarioregionaldigital.com.br\/wp-content\/uploads\/2020\/04\/fotoo-1-e1588378312220-300x200.jpg 300w, https:\/\/diarioregionaldigital.com.br\/wp-content\/uploads\/2020\/04\/fotoo-1-e1588378312220-768x513.jpg 768w, https:\/\/diarioregionaldigital.com.br\/wp-content\/uploads\/2020\/04\/fotoo-1-e1588378312220-1024x683.jpg 1024w, https:\/\/diarioregionaldigital.com.br\/wp-content\/uploads\/2020\/04\/fotoo-1-e1588378312220-360x240.jpg 360w\" sizes=\"auto, (max-width: 680px) 100vw, 680px\" \/><p id=\"caption-attachment-159453\" class=\"wp-caption-text\">Amigos reunidos no Trade Hotel, Marcio Marques, Rosenberg Frizeiro, Erika Beire, Ricardo Alex, Eduardo Gomes, V\u00e2nia Borato e Sydney Castro<\/p><\/div>\n<p style=\"text-align: center;\"><strong>FOTOSS\u00cdNTESE<\/strong><\/p>\n<p>O coiffeur Rosenberg Frizeiro considerado o rei das machas est\u00e1 atendendo pelo fone: 988562600 com seguran\u00e7a total. Ele \u00e9 agro tech, agro top, agro demais.<\/p>\n<p>Causou impacto o show da dupla sertaneja de Juiz de Fora Renan &amp; Cristiano no You Tube. A live teve um toque solid\u00e1rio com arrecada\u00e7\u00e3o de alimentos e produtos de higiene pessoal.<\/p>\n<p>Aten\u00e7\u00e3o: Em Juiz de Fora \u00e9 obrigat\u00f3rio o uso de m\u00e1scara. Se puder, n\u00e3o saia de casa. A letalidade do Coronav\u00edrus \u00e9 devastadora.<\/p>\n<p>Nos tempos atuais o livro da escritora Melissa Tobias \u201cA realidade de Madhu\u201d vem bem a prop\u00f3sito. Narra a pandemia na fic\u00e7\u00e3o.<\/p>\n<p>Para este domingo, a gastr\u00f4noma Norma Pifano ensina como fazer um delicioso Sapagheti com manteiga de salvia e chorizo na mostarda Dijon. As receitas de seu livro tem o segredo revelado em seu Instagram @normapifano.<\/p>\n<p>Dica: o bonit\u00e3o Rodrigo Venzzi indica para os dias de ansiedade procurar se fartar dos produtos da Hebarlife.<\/p>\n<p>A Baldi que \u00e9 tradi\u00e7\u00e3o com seus estojos luxuosos est\u00e1 produzindo m\u00e1scaras descart\u00e1veis em grandes escala e est\u00e1 disponibilizando semanalmente mil m\u00e1scaras para o Abrigo Santa Helena e Ascomcer em casa.<\/p>\n<p>Foi adiado para o per\u00edodo de 23 a 27 de setembro a 18\u00aa edi\u00e7\u00e3o do Bike Fest, em Tiradentes. A frente do evento \u00e9 da Production Eventos.<\/p>\n<p>A\u00ed: Daqui pra frente a vida l\u00e1 fora ter\u00e1 que ser repensada diante de uma rotina interrompida. Bom dia.<\/p>\n","protected":false},"excerpt":{"rendered":"<p>\u201c32 anos de colunismo social\u201d Hoje este colunista completa 32 anos de colunismo social com jornal, TV, revista e livro. O tempo passou e colecionamos muitas premia\u00e7\u00f5es de credibilidade, homenagem honrosa da Ma\u00e7onaria e enredo de escola de samba. Momentos alegres, tristes e emocionantes trilharam o caminho do t\u00edtulo desta p\u00e1gina. Durante alguns dias vamos [&hellip;]<\/p>\n","protected":false},"author":96,"featured_media":159440,"comment_status":"closed","ping_status":"closed","sticky":false,"template":"","format":"standard","meta":{"footnotes":""},"categories":[264],"tags":[],"class_list":["post-159540","post","type-post","status-publish","format-standard","has-post-thumbnail","hentry","category-eduardo-gomes"],"_links":{"self":[{"href":"https:\/\/diarioregionaldigital.com.br\/index.php?rest_route=\/wp\/v2\/posts\/159540","targetHints":{"allow":["GET"]}}],"collection":[{"href":"https:\/\/diarioregionaldigital.com.br\/index.php?rest_route=\/wp\/v2\/posts"}],"about":[{"href":"https:\/\/diarioregionaldigital.com.br\/index.php?rest_route=\/wp\/v2\/types\/post"}],"author":[{"embeddable":true,"href":"https:\/\/diarioregionaldigital.com.br\/index.php?rest_route=\/wp\/v2\/users\/96"}],"replies":[{"embeddable":true,"href":"https:\/\/diarioregionaldigital.com.br\/index.php?rest_route=%2Fwp%2Fv2%2Fcomments&post=159540"}],"version-history":[{"count":0,"href":"https:\/\/diarioregionaldigital.com.br\/index.php?rest_route=\/wp\/v2\/posts\/159540\/revisions"}],"wp:featuredmedia":[{"embeddable":true,"href":"https:\/\/diarioregionaldigital.com.br\/index.php?rest_route=\/wp\/v2\/media\/159440"}],"wp:attachment":[{"href":"https:\/\/diarioregionaldigital.com.br\/index.php?rest_route=%2Fwp%2Fv2%2Fmedia&parent=159540"}],"wp:term":[{"taxonomy":"category","embeddable":true,"href":"https:\/\/diarioregionaldigital.com.br\/index.php?rest_route=%2Fwp%2Fv2%2Fcategories&post=159540"},{"taxonomy":"post_tag","embeddable":true,"href":"https:\/\/diarioregionaldigital.com.br\/index.php?rest_route=%2Fwp%2Fv2%2Ftags&post=159540"}],"curies":[{"name":"wp","href":"https:\/\/api.w.org\/{rel}","templated":true}]}}