{"id":159533,"date":"2020-05-01T15:16:48","date_gmt":"2020-05-01T18:16:48","guid":{"rendered":"https:\/\/diarioregionaldigital.com.br\/?p=159533"},"modified":"2020-05-01T15:16:48","modified_gmt":"2020-05-01T18:16:48","slug":"comissao-de-saude-realiza-visita-a-upa-norte","status":"publish","type":"post","link":"https:\/\/diarioregionaldigital.com.br\/?p=159533","title":{"rendered":"Comiss\u00e3o de Sa\u00fade realiza visita \u00e0 UPA Norte"},"content":{"rendered":"<p>Fiscalizar a Unidade de Pronto Atendimento (UPA) e assegurar a exist\u00eancia dos Equipamentos de Prote\u00e7\u00e3o Individual (EPI) para os profissionais de sa\u00fade que est\u00e3o trabalhando na linha de frente e pacientes com sintomas e confirma\u00e7\u00f5es do novo Coronav\u00edrus: esse foi o intuito da visita da Comiss\u00e3o de Sa\u00fade\u00a0 P\u00fablica e Bem-Estar Social da C\u00e2mara Municipal realizada na quinta-feira (30), na UPA Norte. O presidente da Comiss\u00e3o, vereador Adriano Miranda (PRTB), e o vereador Cido Reis (PSB) entraram na Unidade munidos de equipamentos de seguran\u00e7a entregues aos parlamentares logo na porta da UPA.<\/p>\n<p>A gerente de Enfermagem Rilse Mara Herondino acompanhou os vereadores e mostrou todas as adapta\u00e7\u00f5es que aconteceram na Unidade preparada para receber casos da COVID-19. \u201cHoje, todos os pacientes que chegam \u00e0 Unidade com a parte respirat\u00f3ria comprometida s\u00e3o considerados suspeitos\u201d, informou a profissional, citando inclusive que os casos mais cr\u00edticos contam com uma ala especial de isolamento para que tenham tratamento adequado. \u201cTivemos que readequar a log\u00edstica da unidade. A pessoa entra, faz a ficha, e o tempo de\u00a0 espera para atendimento \u00e9 m\u00ednimo\u201d, disse Rilse, confirmando ainda que nesta quarta-feira, 29, a Unidade recebeu 115 atendimentos, com 11 casos suspeitos. \u201cO paciente chega e passa pelo atendimento m\u00e9dico; aos pacientes com casos suspeitos damos toda a orienta\u00e7\u00e3o sobre o isolamento que precisa ser feito em casa, e fornecemos as m\u00e1scaras para essas pessoas\u201d, enfatizou a gerente, dizendo ainda que comunica a suspeita \u00e0 vigil\u00e2ncia sanit\u00e1ria para que o \u00f3rg\u00e3o a comunique \u00e0s Unidade B\u00e1sicas de Sa\u00fade onde a pessoa mora, de modo que possa ser feito o monitoramento residencial.<\/p>\n<p>Ainda durante a visita, Rilse levou os vereadores a todas as depend\u00eancias da UPA, incluindo o almoxarifado, onde h\u00e1 todos os EPI, tanto dos funcion\u00e1rios da Unidade quanto dos pacientes. \u201cHoje, n\u00e3o temos falta de nenhum equipamento de seguran\u00e7a, os recebemos da Secretaria de Sa\u00fade. Tudo o que a Anvisa pede temos aqui\u201d.<\/p>\n<p>Sobre poss\u00edveis casos da COVID-19 entre os profissionais de sa\u00fade que atendem na Unidade, Rilse adiantou que, atualmente, h\u00e1 dois T\u00e9cnicos de enfermagem e um m\u00e9dico afastados por suspeita de contamina\u00e7\u00e3o pelo novo Coronav\u00edrus, e que um caso suspeito j\u00e1 foi descartado. A UPA Norte atende desde os moradores do bairro F\u00e1brica at\u00e9 os da Zona Rural, e inclui as cidades de Oliveira Fortes, Ewbank da C\u00e2mara e at\u00e9 mesmo alguns pacientes de Santos Dumont.<\/p>\n<p>Satisfeito pela visita realizada na Unidade, Adriano Miranda disse que a UPA \u201csegue todos os protocolos indicados pela Organiza\u00e7\u00e3o Mundial da Sa\u00fade (OMS). Mas adiantamos que iremos continuar a fiscaliza\u00e7\u00e3o e pedimos que, se a popula\u00e7\u00e3o perceber qualquer irregularidade, denuncie \u00e0 Comiss\u00e3o, ou diretamente na C\u00e2mara Municipal\u201d, refor\u00e7ou.<\/p>\n<p>\u201cPercebemos que a UPA est\u00e1 seguindo as orienta\u00e7\u00f5es da OMS. J\u00e1 na entrada recebemos a higieniza\u00e7\u00e3o necess\u00e1ria e equipamentos de prote\u00e7\u00e3o individual. Compreendemos que houve um aprimoramento na Unidade, mas iremos continuar a nossa fiscaliza\u00e7\u00e3o\u201d, disse o vereador Cido Reis.<\/p>\n<p>&nbsp;<\/p>\n<p><strong>Fonte:\u00a0<\/strong>Assessoria<\/p>\n","protected":false},"excerpt":{"rendered":"<p>Fiscalizar a Unidade de Pronto Atendimento (UPA) e assegurar a exist\u00eancia dos Equipamentos de Prote\u00e7\u00e3o Individual (EPI) para os profissionais de sa\u00fade que est\u00e3o trabalhando na linha de frente e pacientes com sintomas e confirma\u00e7\u00f5es do novo Coronav\u00edrus: esse foi o intuito da visita da Comiss\u00e3o de Sa\u00fade\u00a0 P\u00fablica e Bem-Estar Social da C\u00e2mara Municipal [&hellip;]<\/p>\n","protected":false},"author":96,"featured_media":159534,"comment_status":"closed","ping_status":"closed","sticky":false,"template":"","format":"standard","meta":{"footnotes":""},"categories":[253,436,439],"tags":[],"class_list":["post-159533","post","type-post","status-publish","format-standard","has-post-thumbnail","hentry","category-cidade","category-destaque-da-semana","category-ultima-hora"],"_links":{"self":[{"href":"https:\/\/diarioregionaldigital.com.br\/index.php?rest_route=\/wp\/v2\/posts\/159533","targetHints":{"allow":["GET"]}}],"collection":[{"href":"https:\/\/diarioregionaldigital.com.br\/index.php?rest_route=\/wp\/v2\/posts"}],"about":[{"href":"https:\/\/diarioregionaldigital.com.br\/index.php?rest_route=\/wp\/v2\/types\/post"}],"author":[{"embeddable":true,"href":"https:\/\/diarioregionaldigital.com.br\/index.php?rest_route=\/wp\/v2\/users\/96"}],"replies":[{"embeddable":true,"href":"https:\/\/diarioregionaldigital.com.br\/index.php?rest_route=%2Fwp%2Fv2%2Fcomments&post=159533"}],"version-history":[{"count":0,"href":"https:\/\/diarioregionaldigital.com.br\/index.php?rest_route=\/wp\/v2\/posts\/159533\/revisions"}],"wp:featuredmedia":[{"embeddable":true,"href":"https:\/\/diarioregionaldigital.com.br\/index.php?rest_route=\/wp\/v2\/media\/159534"}],"wp:attachment":[{"href":"https:\/\/diarioregionaldigital.com.br\/index.php?rest_route=%2Fwp%2Fv2%2Fmedia&parent=159533"}],"wp:term":[{"taxonomy":"category","embeddable":true,"href":"https:\/\/diarioregionaldigital.com.br\/index.php?rest_route=%2Fwp%2Fv2%2Fcategories&post=159533"},{"taxonomy":"post_tag","embeddable":true,"href":"https:\/\/diarioregionaldigital.com.br\/index.php?rest_route=%2Fwp%2Fv2%2Ftags&post=159533"}],"curies":[{"name":"wp","href":"https:\/\/api.w.org\/{rel}","templated":true}]}}