{"id":159530,"date":"2020-05-01T15:15:31","date_gmt":"2020-05-01T18:15:31","guid":{"rendered":"https:\/\/diarioregionaldigital.com.br\/?p=159530"},"modified":"2020-05-01T15:15:31","modified_gmt":"2020-05-01T18:15:31","slug":"procon-jf-e-supermercados-se-reunem-para-discutir-aumento-de-precos","status":"publish","type":"post","link":"https:\/\/diarioregionaldigital.com.br\/?p=159530","title":{"rendered":"Procon\/JF e supermercados se re\u00fanem para discutir aumento de pre\u00e7os"},"content":{"rendered":"<p>De m\u00e1scara e respeitando o distanciamento, representantes de supermercados de Juiz de Fora participaram de reuni\u00e3o na Ag\u00eancia de Prote\u00e7\u00e3o e Defesa do Consumidor (Procon\/JF), na quinta-feira (30), para conversa sobre aumento de pre\u00e7os dos produtos. Desde o estabelecimento da quarentena, devido ao coronav\u00edrus (covid-19), o \u00f3rg\u00e3o p\u00fablico tem recebido in\u00fameras den\u00fancias sobre poss\u00edveis pre\u00e7os abusivos praticados pelos supermercados. S\u00e3o cerca de 350 liga\u00e7\u00f5es recebidas pelo Procon\/JF por dia, solicitando orienta\u00e7\u00f5es sobre diversos assuntos, e, entre eles, os pre\u00e7os praticados pelos supermercados, al\u00e9m de reclama\u00e7\u00f5es via facebook e no site consumidor.gov.br, que, de janeiro at\u00e9 agora, registrou mais de 3,5 mil queixas sobre o assunto.<\/p>\n<p>Em sua defesa, os representantes das empresas apontaram que o desafio est\u00e1 no reajuste dos pre\u00e7os junto aos fornecedores, e, com a alta da demanda em geral, devido \u00e0 pandemia, o estoque nos supermercados terminou em menor prazo, e foram necess\u00e1rias novas compras. E quem fornece a mercadoria alega que seus custos na produ\u00e7\u00e3o dos insumos aumentaram. Os comerciantes garantiram que t\u00eam se esfor\u00e7ado nas negocia\u00e7\u00f5es, mas que n\u00e3o podem deixar de abastecer os mercados, para que n\u00e3o faltem alimentos \u00e0 popula\u00e7\u00e3o, como consta na carta aberta dos consumidores mineiros, publicada pela Associa\u00e7\u00e3o Mineira de Supermercados (Amis) (confira no anexo).<\/p>\n<p>Outro assunto debatido durante a reuni\u00e3o foi a limita\u00e7\u00e3o de alguns produtos essenciais no momento, como o \u00e1lcool em gel. O superintendente do Procon\/JF, Eduardo Schr\u00f6der, explicou que, neste caso, a pr\u00e1tica n\u00e3o ser\u00e1 contra a lei: \u201cO C\u00f3digo de Defesa do Consumidor (CDC) em seu Artigo 39, Inciso I, \u00b4estabelece que \u00e9 vedado ao fornecedor de produtos ou servi\u00e7os, entre outras pr\u00e1ticas abusivas, condicionar o fornecimento de produto&#8230;`. Por\u00e9m, em momento de dificuldade, como o atual, essa \u00e9 uma justa causa para haver a limita\u00e7\u00e3o, estabelecendo n\u00famero limitado de compr a por pessoa, para que mais cidad\u00e3os tenham acesso a mercadorias essenciais, e que a mesma n\u00e3o falte\u201d.<\/p>\n<p>O Procon\/JF destaca que \u00e9 caracterizado como abuso de pre\u00e7o quando um produto foi adquirido comprovadamente em nota por um valor, e est\u00e1 sendo vendido por outro, muito acima do de mercado, e garante que a fiscaliza\u00e7\u00e3o est\u00e1 nas ruas, fazendo seu papel, mas que nem todo pre\u00e7o alto est\u00e1 sendo praticado em desacordo com a lei.<\/p>\n<p>&nbsp;<\/p>\n<p><strong>Fonte:\u00a0<\/strong>Assessoria<\/p>\n","protected":false},"excerpt":{"rendered":"<p>De m\u00e1scara e respeitando o distanciamento, representantes de supermercados de Juiz de Fora participaram de reuni\u00e3o na Ag\u00eancia de Prote\u00e7\u00e3o e Defesa do Consumidor (Procon\/JF), na quinta-feira (30), para conversa sobre aumento de pre\u00e7os dos produtos. Desde o estabelecimento da quarentena, devido ao coronav\u00edrus (covid-19), o \u00f3rg\u00e3o p\u00fablico tem recebido in\u00fameras den\u00fancias sobre poss\u00edveis pre\u00e7os [&hellip;]<\/p>\n","protected":false},"author":96,"featured_media":159531,"comment_status":"closed","ping_status":"closed","sticky":false,"template":"","format":"standard","meta":{"footnotes":""},"categories":[253,436,439],"tags":[],"class_list":["post-159530","post","type-post","status-publish","format-standard","has-post-thumbnail","hentry","category-cidade","category-destaque-da-semana","category-ultima-hora"],"_links":{"self":[{"href":"https:\/\/diarioregionaldigital.com.br\/index.php?rest_route=\/wp\/v2\/posts\/159530","targetHints":{"allow":["GET"]}}],"collection":[{"href":"https:\/\/diarioregionaldigital.com.br\/index.php?rest_route=\/wp\/v2\/posts"}],"about":[{"href":"https:\/\/diarioregionaldigital.com.br\/index.php?rest_route=\/wp\/v2\/types\/post"}],"author":[{"embeddable":true,"href":"https:\/\/diarioregionaldigital.com.br\/index.php?rest_route=\/wp\/v2\/users\/96"}],"replies":[{"embeddable":true,"href":"https:\/\/diarioregionaldigital.com.br\/index.php?rest_route=%2Fwp%2Fv2%2Fcomments&post=159530"}],"version-history":[{"count":0,"href":"https:\/\/diarioregionaldigital.com.br\/index.php?rest_route=\/wp\/v2\/posts\/159530\/revisions"}],"wp:featuredmedia":[{"embeddable":true,"href":"https:\/\/diarioregionaldigital.com.br\/index.php?rest_route=\/wp\/v2\/media\/159531"}],"wp:attachment":[{"href":"https:\/\/diarioregionaldigital.com.br\/index.php?rest_route=%2Fwp%2Fv2%2Fmedia&parent=159530"}],"wp:term":[{"taxonomy":"category","embeddable":true,"href":"https:\/\/diarioregionaldigital.com.br\/index.php?rest_route=%2Fwp%2Fv2%2Fcategories&post=159530"},{"taxonomy":"post_tag","embeddable":true,"href":"https:\/\/diarioregionaldigital.com.br\/index.php?rest_route=%2Fwp%2Fv2%2Ftags&post=159530"}],"curies":[{"name":"wp","href":"https:\/\/api.w.org\/{rel}","templated":true}]}}