{"id":159527,"date":"2020-05-01T14:53:29","date_gmt":"2020-05-01T17:53:29","guid":{"rendered":"https:\/\/diarioregionaldigital.com.br\/?p=159527"},"modified":"2020-05-01T14:53:29","modified_gmt":"2020-05-01T17:53:29","slug":"antonio-almas-diz-que-isolamento-social-sera-mantido","status":"publish","type":"post","link":"https:\/\/diarioregionaldigital.com.br\/?p=159527","title":{"rendered":"Ant\u00f4nio Almas diz que isolamento social ser\u00e1 mantido"},"content":{"rendered":"<p>Durante uma reuni\u00e3o realizada na noite dessa quinta-feira (30), o prefeito Ant\u00f4nio Almas (PSDB), afirma que todas as medidas e restri\u00e7\u00f5es impostas pela Prefeitura de Juiz de Fora (PJF), ser\u00e3o mantidas em meio ao crescimento do n\u00famero de casos confirmados de Coronav\u00edrus na cidade. Segundo o mandat\u00e1rio, devido a atual situa\u00e7\u00e3o dos leitos de Unidade de Tratamento Intensivo (UTI), ainda n\u00e3o \u00e9 o momento de flexibilizar o isolamento social:<\/p>\n<p>&#8220;N\u00f3s, em qualquer sentido que a gente caminhar, n\u00e3o est\u00e1 na hora de tomar nenhuma decis\u00e3o, a nosso ver e da Secretaria de Sa\u00fade (SS), n\u00e3o est\u00e1 na hora de pensarmos em flexibiliza\u00e7\u00e3o&#8221;.<\/p>\n<p>Al\u00e9m disso, Ant\u00f4nio Almas, anunciou que o com\u00e9rcio n\u00e3o ser\u00e1 aberto na segunda-feira (4), conforme vinha sendo dito nas redes sociais. O mandat\u00e1rio refor\u00e7ou a import\u00e2ncia do isolamento social e \u00e9 necess\u00e1rio aumentar as medidas de prote\u00e7\u00e3o, no entanto, o prazo de prorroga\u00e7\u00e3o da quarentena ainda n\u00e3o foi estipulado. Haver\u00e1 reuni\u00f5es do prefeito com o Secret\u00e1rio de Sa\u00fade, vereadores e autoridades sanit\u00e1rias.<\/p>\n<p>&nbsp;<\/p>\n","protected":false},"excerpt":{"rendered":"<p>Durante uma reuni\u00e3o realizada na noite dessa quinta-feira (30), o prefeito Ant\u00f4nio Almas (PSDB), afirma que todas as medidas e restri\u00e7\u00f5es impostas pela Prefeitura de Juiz de Fora (PJF), ser\u00e3o mantidas em meio ao crescimento do n\u00famero de casos confirmados de Coronav\u00edrus na cidade. Segundo o mandat\u00e1rio, devido a atual situa\u00e7\u00e3o dos leitos de Unidade [&hellip;]<\/p>\n","protected":false},"author":96,"featured_media":159528,"comment_status":"closed","ping_status":"closed","sticky":false,"template":"","format":"standard","meta":{"footnotes":""},"categories":[253,436,440,439],"tags":[],"class_list":["post-159527","post","type-post","status-publish","format-standard","has-post-thumbnail","hentry","category-cidade","category-destaque-da-semana","category-destaques-do-dia","category-ultima-hora"],"_links":{"self":[{"href":"https:\/\/diarioregionaldigital.com.br\/index.php?rest_route=\/wp\/v2\/posts\/159527","targetHints":{"allow":["GET"]}}],"collection":[{"href":"https:\/\/diarioregionaldigital.com.br\/index.php?rest_route=\/wp\/v2\/posts"}],"about":[{"href":"https:\/\/diarioregionaldigital.com.br\/index.php?rest_route=\/wp\/v2\/types\/post"}],"author":[{"embeddable":true,"href":"https:\/\/diarioregionaldigital.com.br\/index.php?rest_route=\/wp\/v2\/users\/96"}],"replies":[{"embeddable":true,"href":"https:\/\/diarioregionaldigital.com.br\/index.php?rest_route=%2Fwp%2Fv2%2Fcomments&post=159527"}],"version-history":[{"count":0,"href":"https:\/\/diarioregionaldigital.com.br\/index.php?rest_route=\/wp\/v2\/posts\/159527\/revisions"}],"wp:featuredmedia":[{"embeddable":true,"href":"https:\/\/diarioregionaldigital.com.br\/index.php?rest_route=\/wp\/v2\/media\/159528"}],"wp:attachment":[{"href":"https:\/\/diarioregionaldigital.com.br\/index.php?rest_route=%2Fwp%2Fv2%2Fmedia&parent=159527"}],"wp:term":[{"taxonomy":"category","embeddable":true,"href":"https:\/\/diarioregionaldigital.com.br\/index.php?rest_route=%2Fwp%2Fv2%2Fcategories&post=159527"},{"taxonomy":"post_tag","embeddable":true,"href":"https:\/\/diarioregionaldigital.com.br\/index.php?rest_route=%2Fwp%2Fv2%2Ftags&post=159527"}],"curies":[{"name":"wp","href":"https:\/\/api.w.org\/{rel}","templated":true}]}}