{"id":159524,"date":"2020-05-01T14:15:20","date_gmt":"2020-05-01T17:15:20","guid":{"rendered":"https:\/\/diarioregionaldigital.com.br\/?p=159524"},"modified":"2020-05-01T14:15:20","modified_gmt":"2020-05-01T17:15:20","slug":"estudantes-estrangeiros-contam-como-tem-sido-a-rotina-longe-de-seus-paises","status":"publish","type":"post","link":"https:\/\/diarioregionaldigital.com.br\/?p=159524","title":{"rendered":"Estudantes estrangeiros contam como tem sido a rotina longe de seus pa\u00edses"},"content":{"rendered":"<p>A mobilidade internacional de estudantes foi afetada no mundo todo pela pandemia da Covid-19. Na Universidade Federal de Juiz de Fora (UFJF) foram tomadas uma s\u00e9rie de medidas em rela\u00e7\u00e3o aos programas de interc\u00e2mbio. Entre elas, a institui\u00e7\u00e3o mant\u00e9m o acompanhamento cont\u00ednuo de alunos estrangeiros que permanecem na cidade.<\/p>\n<p>De acordo com a diretora de Rela\u00e7\u00f5es Internacionais, B\u00e1rbara Daibert, h\u00e1 estudantes estrangeiros que v\u00eam para cursar toda a gradua\u00e7\u00e3o na UFJF e os intercambistas que ficam na institui\u00e7\u00e3o por um ou dois semestres apenas. Nessa \u00faltima condi\u00e7\u00e3o, h\u00e1 tr\u00eas estudantes: uma colombiana e dois sul-coreanos. \u201cEstamos prestando toda a assist\u00eancia, oferecendo as informa\u00e7\u00f5es que s\u00e3o publicadas e traduzindo materiais, como as informa\u00e7\u00f5es do Portal da UFJF\u201d. O setor tamb\u00e9m conta com a iniciativa dos buddies \u2013 alunos da UFJF que exercem a fun\u00e7\u00e3o de embaixadores, estando sempre em contato com os estudantes estrangeiros.<\/p>\n<p>Para Ji Heon Jung, de 25 anos, o acompanhamento feito pela UFJF foi essencial em sua adapta\u00e7\u00e3o ao Brasil, quando chegou h\u00e1 cerca de tr\u00eas meses. \u201cMeu buddy me ajudou a encontrar a casa em que estou morando e me mostrou a cidade. As pessoas no DRI tamb\u00e9m me apresentaram a universidade e as aulas. Agora, estou ficando em casa quase o dia inteiro, fazendo quarentena como os outros, lendo livros, estudando e cozinhando.\u201d<\/p>\n<p>Sua colega, Sujin Min, da Hankuk University of Foreign Studies, sente-se incomodada com a dist\u00e2ncia dos familiares na atual situa\u00e7\u00e3o da pandemia. A intercambista de 22 anos conversa diariamente com parentes e amigos atrav\u00e9s de aplicativo. \u201cFiquei triste porque n\u00e3o podia estar com minha fam\u00edlia ou comer comida coreana, mas sempre mantenho contato por meio do Whatsapp Coreano chamado Kakaotalk. A Cor\u00e9ia est\u00e1 melhorando agora. Todo mundo \u00e9 cuidadoso usando uma m\u00e1scara e eles est\u00e3o bem. Al\u00e9m disso, as universidades, como a minha, que estavam tendo aulas apenas on-line poder\u00e3o realizar aula presenciais em breve\u201d, afirma.<\/p>\n<p>Para ela, a adapta\u00e7\u00e3o ao Brasil e a uma nova cultura foi dif\u00edcil no in\u00edcio, mas os amigos a ajudaram a se integrar. O per\u00edodo de isolamento tem servido para desenvolver outras atividades. \u201cHoje em dia n\u00e3o tenho nada para fazer, por isso, estou cozinhando muito, lendo livros ou estudando em casa, especialmente aprendendo portugu\u00eas\u201d, destaca. Ansiosa pela modifica\u00e7\u00e3o do panorama de isolamento provocado pela pandemia, Sujin Min faz planos: \u201cVou viajar. Estou um pouco entediada de ficar apenas em casa. Quando tudo estiver bem, vou viajar, encontrar amigos que n\u00e3o pude encontrar nessa situa\u00e7\u00e3o, e sair\u201d.<\/p>\n<p>O isolamento social provocado pela pandemia frustrou a expectativa que a colombiana Valentina Sierra, de 20 anos, tinha antes de vir para o Brasil. \u201cPrecisei fazer um planejamento muito grande para vir, e logo quando consegui, tive a infelicidade de estar acontecendo essa pandemia. \u00c9 triste n\u00e3o conseguir aproveitar a oportunidade de conhecer a cultura, o idioma, as pessoas e o conhecimento da UFJF do jeito que eu gostaria\u201d, lamenta a estudante do curso de Turismo da Universidade de Tolima. A intercambista tamb\u00e9m acompanha a situa\u00e7\u00e3o da pandemia em seu pa\u00eds natal, atrav\u00e9s do contato constante com a fam\u00edlia.<\/p>\n<p>No Brasil, Valentina segue obedecendo as instru\u00e7\u00f5es de isolamento, mas aproveita para continuar os estudos e fazer planos. \u201cTodos os dias converso com meus familiares atrav\u00e9s de liga\u00e7\u00f5es e v\u00eddeo chamada para aumentar o \u00e2nimo, tanto para mim quanto para eles. Nesses tempos tem sido dif\u00edcil, pois n\u00e3o n\u00e3o posso sair para conhecer os lugares, pessoas, experimentar coisas novas e praticar o portugu\u00eas. Estou ficando em casa, seguindo as recomenda\u00e7\u00f5es dos profissionais de sa\u00fade e praticando o portugu\u00eas.<\/p>\n<p>Assim como a sul-coreana, Valentina pretende viajar pelo pa\u00eds. \u201cQuando tudo isso passar quero estudar, aproveitar tudo que a UFJF pode me proporcionar e nos tempos livres, quero conhecer muitos lugares do Brasil, conhecer mais pessoas, festas, comidas e bebidas, enfim, conhecer melhor a cultura desse pa\u00eds t\u00e3o bonito.\u201d<\/p>\n<p><strong>Calend\u00e1rio suspenso<\/strong><\/p>\n<p>A diretora de Rela\u00e7\u00f5es Internacionais da UFJF, B\u00e1rbara Daibert, lembra que o calend\u00e1rio de programas de interc\u00e2mbio bem como viagens de acordo e colabora\u00e7\u00f5es foi afetado pela pandemia no mundo todo. \u201cGestores de rela\u00e7\u00f5es internacionais de universidades est\u00e3o pensando e discutindo como ficar\u00e1 a mobilidade internacional no mundo p\u00f3s-Covid-19. Embora j\u00e1 tenhamos candidaturas para o pr\u00f3ximo semestre, j\u00e1 alertamos aos parceiros, neste momento, de que haver\u00e1 possivelmente um atraso em nosso calend\u00e1rio em decorr\u00eancia da crise\u201d, diz.<\/p>\n<p>Em rela\u00e7\u00e3o aos alunos da UFJF aprovados para o interc\u00e2mbio ainda em 2020, a DRI suspendeu o edital at\u00e9 que haja condi\u00e7\u00f5es seguras de enviar os estudantes.<\/p>\n<p>&nbsp;<\/p>\n<p><strong>Fonte:\u00a0<\/strong>Assessoria<\/p>\n","protected":false},"excerpt":{"rendered":"<p>A mobilidade internacional de estudantes foi afetada no mundo todo pela pandemia da Covid-19. Na Universidade Federal de Juiz de Fora (UFJF) foram tomadas uma s\u00e9rie de medidas em rela\u00e7\u00e3o aos programas de interc\u00e2mbio. Entre elas, a institui\u00e7\u00e3o mant\u00e9m o acompanhamento cont\u00ednuo de alunos estrangeiros que permanecem na cidade. De acordo com a diretora de [&hellip;]<\/p>\n","protected":false},"author":96,"featured_media":159525,"comment_status":"closed","ping_status":"closed","sticky":false,"template":"","format":"standard","meta":{"footnotes":""},"categories":[253,436,440,439],"tags":[],"class_list":["post-159524","post","type-post","status-publish","format-standard","has-post-thumbnail","hentry","category-cidade","category-destaque-da-semana","category-destaques-do-dia","category-ultima-hora"],"_links":{"self":[{"href":"https:\/\/diarioregionaldigital.com.br\/index.php?rest_route=\/wp\/v2\/posts\/159524","targetHints":{"allow":["GET"]}}],"collection":[{"href":"https:\/\/diarioregionaldigital.com.br\/index.php?rest_route=\/wp\/v2\/posts"}],"about":[{"href":"https:\/\/diarioregionaldigital.com.br\/index.php?rest_route=\/wp\/v2\/types\/post"}],"author":[{"embeddable":true,"href":"https:\/\/diarioregionaldigital.com.br\/index.php?rest_route=\/wp\/v2\/users\/96"}],"replies":[{"embeddable":true,"href":"https:\/\/diarioregionaldigital.com.br\/index.php?rest_route=%2Fwp%2Fv2%2Fcomments&post=159524"}],"version-history":[{"count":0,"href":"https:\/\/diarioregionaldigital.com.br\/index.php?rest_route=\/wp\/v2\/posts\/159524\/revisions"}],"wp:featuredmedia":[{"embeddable":true,"href":"https:\/\/diarioregionaldigital.com.br\/index.php?rest_route=\/wp\/v2\/media\/159525"}],"wp:attachment":[{"href":"https:\/\/diarioregionaldigital.com.br\/index.php?rest_route=%2Fwp%2Fv2%2Fmedia&parent=159524"}],"wp:term":[{"taxonomy":"category","embeddable":true,"href":"https:\/\/diarioregionaldigital.com.br\/index.php?rest_route=%2Fwp%2Fv2%2Fcategories&post=159524"},{"taxonomy":"post_tag","embeddable":true,"href":"https:\/\/diarioregionaldigital.com.br\/index.php?rest_route=%2Fwp%2Fv2%2Ftags&post=159524"}],"curies":[{"name":"wp","href":"https:\/\/api.w.org\/{rel}","templated":true}]}}