{"id":159399,"date":"2020-04-30T14:13:39","date_gmt":"2020-04-30T17:13:39","guid":{"rendered":"https:\/\/diarioregionaldigital.com.br\/?p=159399"},"modified":"2020-04-30T14:13:39","modified_gmt":"2020-04-30T17:13:39","slug":"hall-da-fama-do-cob-elege-dez-novos-homenageados-em-2020","status":"publish","type":"post","link":"https:\/\/diarioregionaldigital.com.br\/?p=159399","title":{"rendered":"Hall da Fama do COB elege dez novos homenageados em 2020"},"content":{"rendered":"<p>O Hall da Fama do Comit\u00ea Ol\u00edmpico do Brasil (COB) ganhar\u00e1 dez novos integrantes em 2020. A partir de processo de elei\u00e7\u00e3o realizado na \u00faltima segunda-feira, 27, foram escolhidos os seguintes nomes: Adhemar Ferreira da Silva (atletismo), bicampe\u00e3o ol\u00edmpico no salto triplo; A\u00edda dos Santos (atletismo), quarto lugar no salto em altura em T\u00f3quio 1964, melhor resultado individual de uma brasileira em Jogos Ol\u00edmpicos at\u00e9 Pequim 2008; Aur\u00e9lio Miguel (jud\u00f4), campe\u00e3o ol\u00edmpico em Seul 1988 e bronze em Atlanta 1996; Bernard Rajzman (v\u00f4lei), que integrou a Gera\u00e7\u00e3o de Prata em Los Angeles 1984; Reinaldo Conrad (vela), duas vezes medalhista de bronze ol\u00edmpico: Cidade do M\u00e9xico 1968 e Montreal 1976; Sebasti\u00e1n Cuattrin (canoagem velocidade), 11 medalhas em Jogos Pan-americanos; Tetsuo Okamoto (nata\u00e7\u00e3o); primeiro medalhista ol\u00edmpico da nata\u00e7\u00e3o brasileira: bronze nos 1.500m livre, em Helsinque 1952; Wlamir Marques (basquete), bicampe\u00e3o mundial (1959 e 1963) e bronze nos Jogos de Roma 1960 e T\u00f3quio 1964; al\u00e9m dos treinadores Nelson Pessoa (hipismo saltos), que disputou os Jogos Ol\u00edmpicos cinco vezes como atleta e comandou a equipe brasileira nas conquistas do bronze em Atlanta 1996 e Sydney 2000; e M\u00e1rio Jorge Lobo Zagallo, bronze em Atlanta 1996 e \u00fanico profissional a ter participado de quatro das cinco campanhas vitoriosas do Brasil em Copas do Mundo.<\/p>\n<p>\u201cO Hall da Fama \u00e9 uma iniciativa do COB que visa eternizar aqueles que ajudaram a construir a hist\u00f3ria ol\u00edmpica do Brasil, al\u00e9m de ocupar essa lacuna de reconhecimento e valoriza\u00e7\u00e3o de \u00eddolos do esporte do pa\u00eds. Nosso objetivo \u00e9 ressaltar os feitos e gl\u00f3rias dos grandes atletas e treinadores brasileiros\u201d, afirmou a presidente do COB, Paulo Wanderley, que ainda elogiou os novos escolhidos.<\/p>\n<p>\u201cA edi\u00e7\u00e3o deste ano do Hall da Fama ter\u00e1 uma sele\u00e7\u00e3o de personagens hist\u00f3ricos do nosso esporte e ficar\u00e1 marcada por dois aspectos: a variedade de esportes contemplados (nove) e a longevidade das carreiras dos homenageados. Podemos citar, por exemplo, o Wlamir, que foi capit\u00e3o da sele\u00e7\u00e3o por uma d\u00e9cada; o Conrad, que disputou cinco edi\u00e7\u00f5es dos Jogos Ol\u00edmpicos; e o Zagallo, campe\u00e3o do mundo em 1958 como jogador e integrante da comiss\u00e3o t\u00e9cnica brasileira at\u00e9 a Copa de 2006\u201d, analisou o presidente do COB.<\/p>\n<p>Outro ponto a ser destacado \u00e9 que, com a entrada de um representante da canoagem, outro do futebol e um terceiro do hipismo, o Hall da Fama do COB chega a 11 esportes contemplados, praticamente metade do n\u00famero de homenageados (24) at\u00e9 o momento.<\/p>\n<p>Os novos integrantes do Hall da Fama participar\u00e3o de cerim\u00f4nias organizadas pelo COB na qual deixar\u00e3o as marcas de suas m\u00e3os ou de seus p\u00e9s em moldes que, posteriormente, ser\u00e3o expostos em um espa\u00e7o exclusivo no Centro de Treinamento Time Brasil, localizado no Parque Aqu\u00e1tico Maria Lenk, Rio de Janeiro. No caso de Adhemar Ferreira da Silva e Tetsuo Okamoto, j\u00e1 falecidos, haver\u00e1 homenagens p\u00f3stumas.<\/p>\n<p>\u201cOs nomes selecionados para o Hall da Fama do COB em 2020 comprovam que o Brasil \u00e9 um pa\u00eds multiesportivo. Nossos atletas conquistaram grandes resultados em diversas modalidades e em diferentes \u00e9pocas. J\u00e1 s\u00e3o 11 esportes representados e muitos outros ainda est\u00e3o por vir. A cada ano nosso Hall da Fama vai ficando mais valioso e completo\u201d, disse o diretor geral do COB, Rog\u00e9rio Sampaio, que ainda assegurou a cria\u00e7\u00e3o de conte\u00fados digitais que permitam ao torcedor conhecer ainda melhor os \u00eddolos do esporte brasileiro:<\/p>\n<p>\u201cTeremos em breve um espa\u00e7o no site do COB com o perfil dos integrantes do Hall da Fama, suas conquistas, fotos, v\u00eddeos e uma \u00e1rea que permita a intera\u00e7\u00e3o entre atleta e torcida\u201d, completou.<\/p>\n<p>Este ano, devido \u00e0 pandemia do novo coronav\u00edrus, o COB realizou o processo de elei\u00e7\u00e3o dos novos integrantes do Hall da Fama totalmente online. Os integrantes da Comiss\u00e3o Avaliadora receberam virtualmente os formul\u00e1rios de vota\u00e7\u00e3o, e a reuni\u00e3o ocorreu por meio de videoconfer\u00eancia. A comiss\u00e3o foi formada por sete membros da diretoria do COB; dois integrantes da Comiss\u00e3o de Atletas do COB; quatro do Conselho de Administra\u00e7\u00e3o do COB; e apenas um dos representantes nacionais do Comit\u00ea Ol\u00edmpico Internacional (COI), Andrew Parsons. J\u00e1 Bernard Rajzman, que tamb\u00e9m estaria apto a participar, acabou sendo exclu\u00eddo do processo de elei\u00e7\u00e3o para evitar conflito de interesses.<\/p>\n<p>Criado em 2018, o Hall da Fama homenageou em sua primeira edi\u00e7\u00e3o, no Pr\u00eamio Brasil Ol\u00edmpico, o maratonista Vanderlei Cordeiro de Lima, \u00fanico brasileiro a receber a medalha Pierre de Coubertin; o velejador Torben Grael, maior medalhista ol\u00edmpico brasileiro; e a dupla de v\u00f4lei de praia Sandra Pires e Jackie Silva, primeiras campe\u00e3s ol\u00edmpicas brasileiras.<\/p>\n<p>J\u00e1 em 2019, al\u00e9m de homenagens p\u00f3stumas \u00e0 Maria Lenk (nata\u00e7\u00e3o), Guilherme Paraense (tiro esportivo), Jo\u00e3o do Pulo e Sylvio de Magalh\u00e3es Padilha (ambos do atletismo), ingressaram no Hall da Fama: o judoca Chiaki Ishii, as campe\u00e3s mundiais de basquete Paula e Hort\u00eancia, o meio-fundista Joaquim Cruz e os treinadores de v\u00f4lei Bernardinho e Z\u00e9 Roberto Guimar\u00e3es.<\/p>\n<p><strong>Confira abaixo os principais resultados dos homenageados do Hall da Fama do COB 2020:<\/strong><\/p>\n<p><strong>Adhemar Ferreira da Silva (atletismo)<\/strong><\/p>\n<p>&#8211; Bicampe\u00e3o ol\u00edmpico: Helsinque 1952 e Melbourne 1956<\/p>\n<p>&#8211; Cinco vezes recordista mundial no salto triplo<\/p>\n<p>&#8211; Tricampe\u00e3o dos Jogos Pan-americanos: Buenos Aires 1951, Cidade do M\u00e9xico 1955 e Chicago 1959<\/p>\n<p>&#8211; Porta-bandeira na cerim\u00f4nia de abertura dos Jogos Ol\u00edmpicos Roma 1960<\/p>\n<p><strong>A\u00edda dos Santos (atletismo)<\/strong><\/p>\n<p>&#8211; \u00danica brasileira a competir nos Jogos Ol\u00edmpicos T\u00f3quio 1964<\/p>\n<p>&#8211; 4\u00b0 lugar no salto em altura em 1964, melhor resultado individual de uma atleta brasileira em Jogos Ol\u00edmpicos at\u00e9 Pequim 2008<\/p>\n<p>&#8211; Duas participa\u00e7\u00f5es ol\u00edmpicas: T\u00f3quio 1964 e Cidade do M\u00e9xico 1968<\/p>\n<p><strong>Aur\u00e9lio Miguel (jud\u00f4)<\/strong><\/p>\n<p>&#8211; Primeiro medalhista de ouro do jud\u00f4 brasileiro em Jogos Ol\u00edmpicos (Seul 1988)<\/p>\n<p>&#8211; Bronze nos Jogos Ol\u00edmpicos Atlanta 1996<\/p>\n<p>&#8211; Vice-campe\u00e3o mundial em 1993 e 1997<\/p>\n<p>&#8211; Ouro nos Jogos Pan-americanos Indian\u00e1polis 1987 e prata em Caracas 1983<\/p>\n<p><strong>Bernard Rajzman (v\u00f4lei)<\/strong><\/p>\n<p>&#8211; Prata nos Jogos Ol\u00edmpicos Los Angeles 1984<\/p>\n<p>&#8211; Vice-campe\u00e3o mundial em 1982<\/p>\n<p>&#8211; Quatro vezes medalhista dos Jogos Pan-americanos: ouro em Caracas 1983, prata na Cidade do M\u00e9xico 1975, em San Juan 1979 e em Indian\u00e1polis 1987<\/p>\n<p>&#8211; Criador do saque \u201cJornada nas Estrelas\u201d<\/p>\n<p><strong>Reinaldo Conrad (vela)<\/strong><\/p>\n<p>&#8211; Bronze nos Jogos Ol\u00edmpicos Cidade do M\u00e9xico 1968 e Montreal 1976<\/p>\n<p>&#8211; Cinco participa\u00e7\u00f5es em Jogos Ol\u00edmpicos: Roma 1960, Cidade do M\u00e9xico 1968, Munique 1972, Montreal 1976 e Moscou 1980<\/p>\n<p>&#8211; Tricampe\u00e3o dos Jogos Pan-americanos: Chicago 1959, S\u00e3o Paulo 1963 e Cidade do M\u00e9xico 1975<\/p>\n<p><strong>Sebasti\u00e1n Cuattrin (canoagem velocidade)<\/strong><\/p>\n<p>&#8211; Onze medalhas em Jogos Pan-americanos, entre Mar del Plata 1999 e Rio 2007: um ouro, seis pratas e quatro bronzes<\/p>\n<p>&#8211; Quatro participa\u00e7\u00f5es em Jogos Ol\u00edmpicos: Barcelona 1992, Atlanta 1996, Sydney 2000 e Atenas 2004<\/p>\n<p>&#8211; Primeiro finalista ol\u00edmpico da canoagem brasileira: 8\u00b0 lugar em Atlanta 1996<\/p>\n<p><strong>Tetsuo Okamoto (nata\u00e7\u00e3o)<\/strong><\/p>\n<p>&#8211; Primeiro medalhista ol\u00edmpico da nata\u00e7\u00e3o brasileira: bronze nos 1.500m livre em Helsinque 1952<\/p>\n<p>&#8211; Ouro nos 400m livre e 1.500m livre, al\u00e9m de uma prata no revezamento 4x200m livre, nos Jogos Pan-americanos Buenos Aires 1951<\/p>\n<p><strong>Wlamir Marques (basquete)<\/strong><\/p>\n<p>&#8211; Bicampe\u00e3o mundial: Chile 1959 e Brasil 1963<\/p>\n<p>&#8211; Duas medalhas de bronze ol\u00edmpicas: Roma 1960 e T\u00f3quio 1964<\/p>\n<p>&#8211; Porta-bandeira na cerim\u00f4nia de abertura dos Jogos Ol\u00edmpicos T\u00f3quio 1964<\/p>\n<p><strong>Nelson Pessoa (hipismo)<\/strong><\/p>\n<p>&#8211; Cinco participa\u00e7\u00f5es em Jogos Ol\u00edmpicos como atleta: 1956, 1964, 1968, 1972 e 1992<\/p>\n<p>&#8211; Ouro nos Jogos Pan-americanos Winnipeg 1967 e Mar del Plata 1995, al\u00e9m da prata em Chicago 1995<\/p>\n<p>&#8211; Treinador da equipe brasileira nas conquistas das medalhas de bronze em Atlanta 1996 e Sydney 2000<\/p>\n<p><strong>Zagallo (futebol)<\/strong><\/p>\n<p>&#8211; \u00danico profissional a ter participado de quatro dos cinco t\u00edtulos brasileiros em Copas do Mundo: era jogador em 1958 e 1962; foi t\u00e9cnico em 1970; e coordenador t\u00e9cnico em 1994<\/p>\n<p>&#8211; Bronze nos Jogos Ol\u00edmpicos Atlanta 1996 (treinador)<\/p>\n<p>&nbsp;<\/p>\n<p><strong>Fonte:\u00a0<\/strong>COB<\/p>\n","protected":false},"excerpt":{"rendered":"<p>O Hall da Fama do Comit\u00ea Ol\u00edmpico do Brasil (COB) ganhar\u00e1 dez novos integrantes em 2020. A partir de processo de elei\u00e7\u00e3o realizado na \u00faltima segunda-feira, 27, foram escolhidos os seguintes nomes: Adhemar Ferreira da Silva (atletismo), bicampe\u00e3o ol\u00edmpico no salto triplo; A\u00edda dos Santos (atletismo), quarto lugar no salto em altura em T\u00f3quio 1964, [&hellip;]<\/p>\n","protected":false},"author":96,"featured_media":159400,"comment_status":"closed","ping_status":"closed","sticky":false,"template":"","format":"standard","meta":{"footnotes":""},"categories":[436,257,439],"tags":[],"class_list":["post-159399","post","type-post","status-publish","format-standard","has-post-thumbnail","hentry","category-destaque-da-semana","category-esporte","category-ultima-hora"],"_links":{"self":[{"href":"https:\/\/diarioregionaldigital.com.br\/index.php?rest_route=\/wp\/v2\/posts\/159399","targetHints":{"allow":["GET"]}}],"collection":[{"href":"https:\/\/diarioregionaldigital.com.br\/index.php?rest_route=\/wp\/v2\/posts"}],"about":[{"href":"https:\/\/diarioregionaldigital.com.br\/index.php?rest_route=\/wp\/v2\/types\/post"}],"author":[{"embeddable":true,"href":"https:\/\/diarioregionaldigital.com.br\/index.php?rest_route=\/wp\/v2\/users\/96"}],"replies":[{"embeddable":true,"href":"https:\/\/diarioregionaldigital.com.br\/index.php?rest_route=%2Fwp%2Fv2%2Fcomments&post=159399"}],"version-history":[{"count":0,"href":"https:\/\/diarioregionaldigital.com.br\/index.php?rest_route=\/wp\/v2\/posts\/159399\/revisions"}],"wp:featuredmedia":[{"embeddable":true,"href":"https:\/\/diarioregionaldigital.com.br\/index.php?rest_route=\/wp\/v2\/media\/159400"}],"wp:attachment":[{"href":"https:\/\/diarioregionaldigital.com.br\/index.php?rest_route=%2Fwp%2Fv2%2Fmedia&parent=159399"}],"wp:term":[{"taxonomy":"category","embeddable":true,"href":"https:\/\/diarioregionaldigital.com.br\/index.php?rest_route=%2Fwp%2Fv2%2Fcategories&post=159399"},{"taxonomy":"post_tag","embeddable":true,"href":"https:\/\/diarioregionaldigital.com.br\/index.php?rest_route=%2Fwp%2Fv2%2Ftags&post=159399"}],"curies":[{"name":"wp","href":"https:\/\/api.w.org\/{rel}","templated":true}]}}