{"id":159396,"date":"2020-04-30T14:11:48","date_gmt":"2020-04-30T17:11:48","guid":{"rendered":"https:\/\/diarioregionaldigital.com.br\/?p=159396"},"modified":"2020-04-30T14:11:48","modified_gmt":"2020-04-30T17:11:48","slug":"circuito-de-spielberg-na-austria-pode-ser-liberado-para-abrir-temporada-da-f1","status":"publish","type":"post","link":"https:\/\/diarioregionaldigital.com.br\/?p=159396","title":{"rendered":"Circuito de Spielberg na \u00c1ustria pode ser liberado para abrir temporada da F1"},"content":{"rendered":"<p>Aut\u00f3dromo de Spielberg da \u00c1ustria poder\u00e1 abrir nova temporada da F1, \u00e9 o que diz o Ministro da Sa\u00fade Rudolf Anschober. No entanto, a autoridade diz que a principal categoria do automobilismo mundial deve apresentar um plano de seguran\u00e7a, que permita a realiza\u00e7\u00e3o da primeira etapa do campeonato. O GP que ser\u00e1 realizado no dia 5 de julho, ter\u00e1 port\u00f5es fechados para prevenir propaga\u00e7\u00e3o do Coronav\u00edrus.<\/p>\n<p>Rudolf afirmou em uma entrevista para uma r\u00e1dio austr\u00edaca, que tudo depender\u00e1 do plano de seguran\u00e7a, que passar\u00e1 por um processo de an\u00e1lise:<\/p>\n<p>\u201cA autoriza\u00e7\u00e3o para organizar o evento depende inteiramente das propostas de seguran\u00e7a apresentadas pelos organizadores. S\u00f3 permitiremos tais eventos sob condi\u00e7\u00f5es muito estritas e, \u00e9 claro, acho que \u00e9 \u00f3bvio, sem multid\u00e3o.\u201d<\/p>\n<p>Enquanto isso, a RBR, propriet\u00e1ria do circuito, j\u00e1 organiza os planos para alocar os jornalistas que far\u00e3o a cobertura do Grande Pr\u00eamio. Como a cidade de Spielberg \u00e9 considerada rural e \u00e9 afastada das principais cidades do pa\u00eds europeu, a ideia \u00e9 levar todos os jornalistas para os hot\u00e9is, que tamb\u00e9m pertencem a RBR. J\u00e1 \u00e9 certo que n\u00e3o haver\u00e1 credenciamento de m\u00eddia para as provas austr\u00edacas, e apenas estar\u00e3o no circuito os respons\u00e1veis pela transmiss\u00e3o de TV e tr\u00eas fot\u00f3grafos oficiais. Todos os credenciados passar\u00e3o por teste de Coronav\u00edrus.<\/p>\n<p><strong>Novo calend\u00e1rio<\/strong><\/p>\n<p>Nessa semana, o CEO da Liberty Media (dona dos direitos da F1), Chase Carey, confirmou que a nova temporada deve contar com 15 ou 18 corridas, dependendo da situa\u00e7\u00e3o da epidemia do Covid-19 em cada pa\u00eds que receber\u00e1 a categoria:<\/p>\n<p>\u201cEstamos planejando come\u00e7ar na Europa em julho, em agosto e no in\u00edcio de setembro. Com a primeira prova na \u00c1ustria no fim de semana dos dias 3, 4 e 5 de julho. Em setembro, outubro e novembro teremos corridas na Eur\u00e1sia (R\u00fassia), \u00c1sia e Am\u00e9ricas, terminando a temporada em dezembro no Barein, antes do encerramento em Abu Dhabi, completando assim o calend\u00e1rio entre 15 e 18 corridas\u201d concluiu.<\/p>\n<p>&nbsp;<\/p>\n<p>&nbsp;<\/p>\n<p>&nbsp;<\/p>\n<p>&nbsp;<\/p>\n","protected":false},"excerpt":{"rendered":"<p>Aut\u00f3dromo de Spielberg da \u00c1ustria poder\u00e1 abrir nova temporada da F1, \u00e9 o que diz o Ministro da Sa\u00fade Rudolf Anschober. No entanto, a autoridade diz que a principal categoria do automobilismo mundial deve apresentar um plano de seguran\u00e7a, que permita a realiza\u00e7\u00e3o da primeira etapa do campeonato. O GP que ser\u00e1 realizado no dia [&hellip;]<\/p>\n","protected":false},"author":96,"featured_media":159397,"comment_status":"closed","ping_status":"closed","sticky":false,"template":"","format":"standard","meta":{"footnotes":""},"categories":[436,257,439],"tags":[],"class_list":["post-159396","post","type-post","status-publish","format-standard","has-post-thumbnail","hentry","category-destaque-da-semana","category-esporte","category-ultima-hora"],"_links":{"self":[{"href":"https:\/\/diarioregionaldigital.com.br\/index.php?rest_route=\/wp\/v2\/posts\/159396","targetHints":{"allow":["GET"]}}],"collection":[{"href":"https:\/\/diarioregionaldigital.com.br\/index.php?rest_route=\/wp\/v2\/posts"}],"about":[{"href":"https:\/\/diarioregionaldigital.com.br\/index.php?rest_route=\/wp\/v2\/types\/post"}],"author":[{"embeddable":true,"href":"https:\/\/diarioregionaldigital.com.br\/index.php?rest_route=\/wp\/v2\/users\/96"}],"replies":[{"embeddable":true,"href":"https:\/\/diarioregionaldigital.com.br\/index.php?rest_route=%2Fwp%2Fv2%2Fcomments&post=159396"}],"version-history":[{"count":0,"href":"https:\/\/diarioregionaldigital.com.br\/index.php?rest_route=\/wp\/v2\/posts\/159396\/revisions"}],"wp:featuredmedia":[{"embeddable":true,"href":"https:\/\/diarioregionaldigital.com.br\/index.php?rest_route=\/wp\/v2\/media\/159397"}],"wp:attachment":[{"href":"https:\/\/diarioregionaldigital.com.br\/index.php?rest_route=%2Fwp%2Fv2%2Fmedia&parent=159396"}],"wp:term":[{"taxonomy":"category","embeddable":true,"href":"https:\/\/diarioregionaldigital.com.br\/index.php?rest_route=%2Fwp%2Fv2%2Fcategories&post=159396"},{"taxonomy":"post_tag","embeddable":true,"href":"https:\/\/diarioregionaldigital.com.br\/index.php?rest_route=%2Fwp%2Fv2%2Ftags&post=159396"}],"curies":[{"name":"wp","href":"https:\/\/api.w.org\/{rel}","templated":true}]}}