{"id":159393,"date":"2020-04-30T13:15:12","date_gmt":"2020-04-30T16:15:12","guid":{"rendered":"https:\/\/diarioregionaldigital.com.br\/?p=159393"},"modified":"2020-04-30T13:15:12","modified_gmt":"2020-04-30T16:15:12","slug":"mais-de-462-milhoes-de-pessoas-ja-receberam-o-auxilio-emergencial","status":"publish","type":"post","link":"https:\/\/diarioregionaldigital.com.br\/?p=159393","title":{"rendered":"Mais de 46,2 milh\u00f5es de pessoas j\u00e1 receberam o aux\u00edlio emergencial"},"content":{"rendered":"<p>Mais de 46,2 milh\u00f5es de brasileiros j\u00e1 tiveram a primeira parcela de R$ 600 do Aux\u00edlio Emergencial creditada em suas contas, o que representa a libera\u00e7\u00e3o pelo governo federal de R$ 32,8 bilh\u00f5es, segundo o Minist\u00e9rio da Cidadania. O total de contemplados supera a popula\u00e7\u00e3o de pa\u00edses como o Canad\u00e1 (37,5 milh\u00f5es de habitantes), e a Argentina (44,5 milh\u00f5es).<\/p>\n<p>O aplicativo criado pela Caixa teve 67,5 milh\u00f5es de <em>downloads<\/em> e permitiu 49,2 milh\u00f5es de cadastros. A Central de Atendimento 111, para tirar d\u00favidas das pessoas, recebeu mais de 98,6 milh\u00f5es de liga\u00e7\u00f5es. Os n\u00fameros foram atualizados pela Caixa Econ\u00f4mica Federal no fim da tarde dessa quarta-feira (29).<\/p>\n<p>A estimativa do minist\u00e9rio \u00e9 de que at\u00e9 70 milh\u00f5es de brasileiros recebam os recursos. &#8220;J\u00e1 superamos 45 milh\u00f5es de brasileiros contemplados, isso contando 14,2 milh\u00f5es ligados ao Programa Bolsa Fam\u00edlia, outros milh\u00f5es do Cadastro \u00danico Federal (que n\u00e3o s\u00e3o do Bolsa Fam\u00edlia) e j\u00e1 estamos virando a casa dos 15 milh\u00f5es via aplicativo&#8221;, disse o ministro da Cidadania, Onyx Lorenzoni.<\/p>\n<p>O aux\u00edlio emergencial contempla integrantes do Bolsa Fam\u00edlia e pessoas inscritas em outros programas que constam do Cadastro \u00danico do Governo Federal, al\u00e9m de microempreendedores individuais, aut\u00f4nomos e contribuintes individuais do Instituto Nacional do Seguro Social (INSS) que se encaixam nos crit\u00e9rios da lei.<\/p>\n<p>Os benefici\u00e1rios do Bolsa Fam\u00edlia eleg\u00edveis recebem o cr\u00e9dito no mesmo calend\u00e1rio e na mesma forma do benef\u00edcio regular.<\/p>\n<p>&nbsp;<\/p>\n<p><strong>Fonte:\u00a0<\/strong>Ag\u00eancia Brasil<\/p>\n","protected":false},"excerpt":{"rendered":"<p>Mais de 46,2 milh\u00f5es de brasileiros j\u00e1 tiveram a primeira parcela de R$ 600 do Aux\u00edlio Emergencial creditada em suas contas, o que representa a libera\u00e7\u00e3o pelo governo federal de R$ 32,8 bilh\u00f5es, segundo o Minist\u00e9rio da Cidadania. O total de contemplados supera a popula\u00e7\u00e3o de pa\u00edses como o Canad\u00e1 (37,5 milh\u00f5es de habitantes), e [&hellip;]<\/p>\n","protected":false},"author":96,"featured_media":159394,"comment_status":"closed","ping_status":"closed","sticky":false,"template":"","format":"standard","meta":{"footnotes":""},"categories":[436,261,439],"tags":[],"class_list":["post-159393","post","type-post","status-publish","format-standard","has-post-thumbnail","hentry","category-destaque-da-semana","category-economia","category-ultima-hora"],"_links":{"self":[{"href":"https:\/\/diarioregionaldigital.com.br\/index.php?rest_route=\/wp\/v2\/posts\/159393","targetHints":{"allow":["GET"]}}],"collection":[{"href":"https:\/\/diarioregionaldigital.com.br\/index.php?rest_route=\/wp\/v2\/posts"}],"about":[{"href":"https:\/\/diarioregionaldigital.com.br\/index.php?rest_route=\/wp\/v2\/types\/post"}],"author":[{"embeddable":true,"href":"https:\/\/diarioregionaldigital.com.br\/index.php?rest_route=\/wp\/v2\/users\/96"}],"replies":[{"embeddable":true,"href":"https:\/\/diarioregionaldigital.com.br\/index.php?rest_route=%2Fwp%2Fv2%2Fcomments&post=159393"}],"version-history":[{"count":0,"href":"https:\/\/diarioregionaldigital.com.br\/index.php?rest_route=\/wp\/v2\/posts\/159393\/revisions"}],"wp:featuredmedia":[{"embeddable":true,"href":"https:\/\/diarioregionaldigital.com.br\/index.php?rest_route=\/wp\/v2\/media\/159394"}],"wp:attachment":[{"href":"https:\/\/diarioregionaldigital.com.br\/index.php?rest_route=%2Fwp%2Fv2%2Fmedia&parent=159393"}],"wp:term":[{"taxonomy":"category","embeddable":true,"href":"https:\/\/diarioregionaldigital.com.br\/index.php?rest_route=%2Fwp%2Fv2%2Fcategories&post=159393"},{"taxonomy":"post_tag","embeddable":true,"href":"https:\/\/diarioregionaldigital.com.br\/index.php?rest_route=%2Fwp%2Fv2%2Ftags&post=159393"}],"curies":[{"name":"wp","href":"https:\/\/api.w.org\/{rel}","templated":true}]}}