{"id":159388,"date":"2020-04-30T11:37:15","date_gmt":"2020-04-30T14:37:15","guid":{"rendered":"https:\/\/diarioregionaldigital.com.br\/?p=159388"},"modified":"2020-04-30T11:37:15","modified_gmt":"2020-04-30T14:37:15","slug":"taxa-de-desemprego-fica-em-122-no-primeiro-trimestre-do-ano","status":"publish","type":"post","link":"https:\/\/diarioregionaldigital.com.br\/?p=159388","title":{"rendered":"Taxa de desemprego fica em 12,2% no primeiro trimestre do ano"},"content":{"rendered":"<p>A taxa de desemprego no pa\u00eds ficou em 12,2% no primeiro trimestre deste ano. Houve alta em rela\u00e7\u00e3o \u00e0 taxa do \u00faltimo trimestre de 2019 (11%), mas queda se comparada ao primeiro trimestre daquele ano (12,7%). Os dados s\u00e3o da Pesquisa Nacional por Amostra de Domic\u00edlio Cont\u00ednua (PNAD Cont\u00ednua), divulgada hoje (30) pelo Instituto Brasileiro de Geografia e Estat\u00edstica (IBGE).<\/p>\n<p>A popula\u00e7\u00e3o desocupada chegou a 12,9 milh\u00f5es de pessoas, um aumento de 10,5% (1,2 milh\u00e3o de pessoas a mais) em rela\u00e7\u00e3o ao \u00faltimo trimestre de 2019. Na compara\u00e7\u00e3o com o primeiro trimestre do ano passado, no entanto, o contingente caiu 4% (ou 537 mil pessoas a menos).<\/p>\n<p>J\u00e1 a popula\u00e7\u00e3o ocupada ficou em 92,2 milh\u00f5es de pessoas, uma queda de 2,5% em rela\u00e7\u00e3o ao trimestre anterior (2,3 milh\u00f5es pessoas a menos), apesar de ter permanecido est\u00e1vel em rela\u00e7\u00e3o ao mesmo trimestre de 2019.<\/p>\n<p>&nbsp;<\/p>\n<p><strong>Fonte:\u00a0<\/strong>Ag\u00eancia Brasil<\/p>\n","protected":false},"excerpt":{"rendered":"<p>A taxa de desemprego no pa\u00eds ficou em 12,2% no primeiro trimestre deste ano. Houve alta em rela\u00e7\u00e3o \u00e0 taxa do \u00faltimo trimestre de 2019 (11%), mas queda se comparada ao primeiro trimestre daquele ano (12,7%). Os dados s\u00e3o da Pesquisa Nacional por Amostra de Domic\u00edlio Cont\u00ednua (PNAD Cont\u00ednua), divulgada hoje (30) pelo Instituto Brasileiro [&hellip;]<\/p>\n","protected":false},"author":96,"featured_media":159389,"comment_status":"closed","ping_status":"closed","sticky":false,"template":"","format":"standard","meta":{"footnotes":""},"categories":[436,261,439],"tags":[],"class_list":["post-159388","post","type-post","status-publish","format-standard","has-post-thumbnail","hentry","category-destaque-da-semana","category-economia","category-ultima-hora"],"_links":{"self":[{"href":"https:\/\/diarioregionaldigital.com.br\/index.php?rest_route=\/wp\/v2\/posts\/159388","targetHints":{"allow":["GET"]}}],"collection":[{"href":"https:\/\/diarioregionaldigital.com.br\/index.php?rest_route=\/wp\/v2\/posts"}],"about":[{"href":"https:\/\/diarioregionaldigital.com.br\/index.php?rest_route=\/wp\/v2\/types\/post"}],"author":[{"embeddable":true,"href":"https:\/\/diarioregionaldigital.com.br\/index.php?rest_route=\/wp\/v2\/users\/96"}],"replies":[{"embeddable":true,"href":"https:\/\/diarioregionaldigital.com.br\/index.php?rest_route=%2Fwp%2Fv2%2Fcomments&post=159388"}],"version-history":[{"count":0,"href":"https:\/\/diarioregionaldigital.com.br\/index.php?rest_route=\/wp\/v2\/posts\/159388\/revisions"}],"wp:featuredmedia":[{"embeddable":true,"href":"https:\/\/diarioregionaldigital.com.br\/index.php?rest_route=\/wp\/v2\/media\/159389"}],"wp:attachment":[{"href":"https:\/\/diarioregionaldigital.com.br\/index.php?rest_route=%2Fwp%2Fv2%2Fmedia&parent=159388"}],"wp:term":[{"taxonomy":"category","embeddable":true,"href":"https:\/\/diarioregionaldigital.com.br\/index.php?rest_route=%2Fwp%2Fv2%2Fcategories&post=159388"},{"taxonomy":"post_tag","embeddable":true,"href":"https:\/\/diarioregionaldigital.com.br\/index.php?rest_route=%2Fwp%2Fv2%2Ftags&post=159388"}],"curies":[{"name":"wp","href":"https:\/\/api.w.org\/{rel}","templated":true}]}}