{"id":159384,"date":"2020-04-30T11:33:28","date_gmt":"2020-04-30T14:33:28","guid":{"rendered":"https:\/\/diarioregionaldigital.com.br\/?p=159384"},"modified":"2020-04-30T11:33:45","modified_gmt":"2020-04-30T14:33:45","slug":"ministro-da-saude-diz-que-novas-diretrizes-sobre-isolamento-social-nao-estao-definidas","status":"publish","type":"post","link":"https:\/\/diarioregionaldigital.com.br\/?p=159384","title":{"rendered":"Ministro da Sa\u00fade diz que novas diretrizes sobre isolamento social n\u00e3o est\u00e3o definidas"},"content":{"rendered":"<p>&#8220;N\u00e3o h\u00e1 resposta simplista para um problema heterog\u00eaneo&#8221;, afirmou nessa quarta-feira (29) o ministro da Sa\u00fade, Nelson Teich, questionado pelos senadores sobre a posi\u00e7\u00e3o do minist\u00e9rio a respeito do isolamento social. Ele foi convidado para explicar, por videoconfer\u00eancia, o trabalho de sua pasta no combate \u00e0 pandemia de covid-19. De acordo com Teich, o minist\u00e9rio n\u00e3o mudou a orienta\u00e7\u00e3o de distanciamento e ainda trabalha para definir uma diretriz sobre o tema.<\/p>\n<p>\u201cPerguntar se fica em casa ou se n\u00e3o fica em casa \u00e9 algo simplista para um problema \u00e9 extremamente heterog\u00eaneo. O ideal \u00e9 que a gente tenha os testes: quem \u00e9 positivo vai ficar; quem for mais velho vai ficar; pessoas que tiveram contato v\u00e3o ficar. Vai depender da curva que existe em cada regi\u00e3o, vai depender de quantos casos houve em cada regi\u00e3o. Eu posso responder a qualquer pergunta, s\u00f3 n\u00e3o posso responder superficialmente perguntas complexas\u201d disse o ministro.<\/p>\n<p>Teich tomou posse no dia 17 de abril, em substitui\u00e7\u00e3o a Luiz Henrique Mandetta. Uma das raz\u00f5es apontadas para a troca foram as discord\u00e2ncias do ex-ministro com o presidente da Rep\u00fablica, Jair Bolsonaro, que criticava publicamente a orienta\u00e7\u00e3o de isolamento social. De acordo com o novo ministro, a orienta\u00e7\u00e3o de manter o distanciamento n\u00e3o foi alterada na sua gest\u00e3o e as mudan\u00e7as que v\u00eam ocorrendo s\u00e3o decis\u00e3o dos governadores.<\/p>\n<p>O Supremo Tribunal Federal (STF) j\u00e1 decidiu que governadores e prefeitos t\u00eam autonomia para estabelecer regras de isolamento, mas \u00e9 o minist\u00e9rio que estabelece os crit\u00e9rios e diretrizes para orientar esse movimento.<\/p>\n<p>\u201cH\u00e1 v\u00e1rios estados em que o governador pede que as pessoas fiquem em casa ao mesmo tempo em que abre o com\u00e9rcio. O povo est\u00e1 perdido nesse duelo, tendo em vista que o pr\u00f3prio presidente da Rep\u00fablica conspirou, fisicamente e intelectualmente, sobre todas as medidas adotadas pelo ministro passado\u201d criticou a senadora Rose de Freitas (Podemos-ES), autora do requerimento para a videoconfer\u00eancia.<\/p>\n<p><strong>Cobran\u00e7a<\/strong><\/p>\n<p>V\u00e1rios senadores cobraram do ministro um posicionamento claro sobre a necessidade do isolamento social para combater a pandemia. O senador Tasso Jereissati (PSDB-CE) citou o aumento no n\u00famero de mortes no Brasil e se disse \u201ctremendamente frustrado\u201d com as respostas de Teich.<\/p>\n<p>\u201cN\u00e3o \u00e9 momento para indecis\u00e3o. \u00c9 preciso ser claro e passar para o pa\u00eds uma mensagem da autoridade m\u00e1xima do Minist\u00e9rio da Sa\u00fade: isolamento social, sim ou n\u00e3o? Se \u00e9 por regi\u00e3o, quais as regi\u00f5es t\u00eam e quais n\u00e3o t\u00eam? Est\u00e1 d\u00fabio, me desculpe dizer com tanta veem\u00eancia\u201d disse o senador.<\/p>\n<p>A senadora K\u00e1tia Abreu (PP-TO) tamb\u00e9m se disse insatisfeita com as respostas do ministro sobre o isolamento. Para ela, o ministro precisa se posicionar sobre o tema e mostrar que sabe o que est\u00e1 fazendo.<\/p>\n<p>\u201cCad\u00ea o protocolo oficial? O que vou apresentar para o meu estado do Tocantins? O que devemos fazer? Os governadores precisam de orienta\u00e7\u00e3o, ministro. Estamos esperando com ansiedade. Para qu\u00ea? Para evitar as mortes\u201d afirmou a senadora.<\/p>\n<p>Uma posi\u00e7\u00e3o mais clara do ministro sobre o isolamento social tamb\u00e9m foi cobrada pelos senadores Fabiano Contarato (Rede-ES) e por dois ex-ministros da Sa\u00fade, os senadores Humberto Costa (PT-PE) e Marcelo Castro (MDB-PI).<\/p>\n<p>\u201cO nosso SUS foi concebido de modo que as a\u00e7\u00f5es dele s\u00e3o descentralizadas, mas s\u00e3o integradas em n\u00edvel nacional, estadual e municipal, e o grande coordenador de tudo isso \u00e9 o Minist\u00e9rio da Sa\u00fade. Est\u00e1 nas m\u00e3os de Vossa Excel\u00eancia fazer os ajustes para tirar o Brasil dessa dificuldade t\u00e3o grande em que nos encontramos\u201d afirmou Marcelo Castro.<\/p>\n<p><strong>Bolsonaro<\/strong><\/p>\n<p>V\u00e1rios senadores tamb\u00e9m questionaram o ministro sobre a postura de Jair Bolsonaro, que fez apari\u00e7\u00f5es p\u00fablicas em com\u00e9rcios e criticou a recomenda\u00e7\u00e3o de isolamento feita pela Organiza\u00e7\u00e3o Mundial de Sa\u00fade (OMS). Uma fala do presidente feita na ter\u00e7a-feira (28) tamb\u00e9m foi motivo de cr\u00edticas dos senadores. Questionado sobre o fato de o Brasil ter ultrapassado a China em n\u00famero de mortos (que at\u00e9 ent\u00e3o eram 5.017), Bolsonaro respondeu: \u201cE da\u00ed? Lamento. Quer que eu fa\u00e7a o qu\u00ea?&#8221;.<\/p>\n<p>\u201cO presidente tem acumulado declara\u00e7\u00f5es e a\u00e7\u00f5es absolutamente irrespons\u00e1veis. \u00c9 muito claro que sua a\u00e7\u00e3o prejudica a sa\u00fade p\u00fablica brasileira, na medida em que ele ataca, ele agride governadores e prefeitos que est\u00e3o tentando manter uma conten\u00e7\u00e3o, uma barreira, [em favor] o distanciamento social, que est\u00e1 garantindo que o Brasil n\u00e3o tenha uma curva t\u00e3o dram\u00e1tica quanto outros pa\u00edses j\u00e1 enfrentaram\u201d criticou o senador Alessandro Vieira (Cidadania-SE).<\/p>\n<p>As falas do presidente tamb\u00e9m foram criticadas pelo senador Veneziano Vital do R\u00eago (PSB-PB), que as chamou de \u201cdesumanas\u201d, pela senadora Eliziane Gama (Cidadania-MA), que acusou Bolsonaro de \u201cesnobar mortes\u201d, e pela senadora Mara Gabrilli (PSDB-SP), que atribuiu ao presidente a nega\u00e7\u00e3o da pandemia e o desd\u00e9m com rela\u00e7\u00e3o \u00e0s mortes. J\u00e1 o senador Otto Alencar (PSD-BA) afirmou que, ao aceitar ser ministro, Teich aceitou tamb\u00e9m o posicionamento do presidente.<\/p>\n<p>O senador Major Ol\u00edmpio (PSL-SP) desejou sorte ao ministro e lembrou que erros da pasta podem colocar em risco a sa\u00fade dos brasileiros. Para ele, no entanto, o ministro n\u00e3o pode ser cobrado por atitudes do presidente.<\/p>\n<p>\u201cN\u00e3o adianta a gente cobrar do ministro posturas do presidente. N\u00f3s precisamos cobrar, se for o caso, do presidente. O ministro tem que estabelecer as pol\u00edticas p\u00fablicas de sa\u00fade. Ele est\u00e1 tomando p\u00e9 e tentando faz\u00ea-lo\u201d defendeu.<\/p>\n<p>Em resposta aos senadores, Teich afirmou que a preocupa\u00e7\u00e3o comum entre ele e o presidente &#8220;\u00e9 com as pessoas&#8221;.<\/p>\n<p>\u201cN\u00e3o vou discutir aqui o comportamento, mas eu posso dizer que ele est\u00e1 preocupado com as pessoas e com a sociedade. O alinhamento \u00e9 nesse sentido. Quando eu fui chamado, aceitei porque existe um foco total em ajudar a sociedade, em ajudar as pessoas. Isso eu tenho certeza de que \u00e9 a preocupa\u00e7\u00e3o do presidente e eu fui trazido por causa disso\u201d afirmou.<\/p>\n<p>&nbsp;<\/p>\n<p><strong>Fonte:\u00a0<\/strong>Ag\u00eancia Senado<\/p>\n","protected":false},"excerpt":{"rendered":"<p>&#8220;N\u00e3o h\u00e1 resposta simplista para um problema heterog\u00eaneo&#8221;, afirmou nessa quarta-feira (29) o ministro da Sa\u00fade, Nelson Teich, questionado pelos senadores sobre a posi\u00e7\u00e3o do minist\u00e9rio a respeito do isolamento social. Ele foi convidado para explicar, por videoconfer\u00eancia, o trabalho de sua pasta no combate \u00e0 pandemia de covid-19. De acordo com Teich, o minist\u00e9rio [&hellip;]<\/p>\n","protected":false},"author":96,"featured_media":159385,"comment_status":"closed","ping_status":"closed","sticky":false,"template":"","format":"standard","meta":{"footnotes":""},"categories":[436,440,254,439],"tags":[],"class_list":["post-159384","post","type-post","status-publish","format-standard","has-post-thumbnail","hentry","category-destaque-da-semana","category-destaques-do-dia","category-politica","category-ultima-hora"],"_links":{"self":[{"href":"https:\/\/diarioregionaldigital.com.br\/index.php?rest_route=\/wp\/v2\/posts\/159384","targetHints":{"allow":["GET"]}}],"collection":[{"href":"https:\/\/diarioregionaldigital.com.br\/index.php?rest_route=\/wp\/v2\/posts"}],"about":[{"href":"https:\/\/diarioregionaldigital.com.br\/index.php?rest_route=\/wp\/v2\/types\/post"}],"author":[{"embeddable":true,"href":"https:\/\/diarioregionaldigital.com.br\/index.php?rest_route=\/wp\/v2\/users\/96"}],"replies":[{"embeddable":true,"href":"https:\/\/diarioregionaldigital.com.br\/index.php?rest_route=%2Fwp%2Fv2%2Fcomments&post=159384"}],"version-history":[{"count":0,"href":"https:\/\/diarioregionaldigital.com.br\/index.php?rest_route=\/wp\/v2\/posts\/159384\/revisions"}],"wp:featuredmedia":[{"embeddable":true,"href":"https:\/\/diarioregionaldigital.com.br\/index.php?rest_route=\/wp\/v2\/media\/159385"}],"wp:attachment":[{"href":"https:\/\/diarioregionaldigital.com.br\/index.php?rest_route=%2Fwp%2Fv2%2Fmedia&parent=159384"}],"wp:term":[{"taxonomy":"category","embeddable":true,"href":"https:\/\/diarioregionaldigital.com.br\/index.php?rest_route=%2Fwp%2Fv2%2Fcategories&post=159384"},{"taxonomy":"post_tag","embeddable":true,"href":"https:\/\/diarioregionaldigital.com.br\/index.php?rest_route=%2Fwp%2Fv2%2Ftags&post=159384"}],"curies":[{"name":"wp","href":"https:\/\/api.w.org\/{rel}","templated":true}]}}