{"id":159379,"date":"2020-04-30T11:23:34","date_gmt":"2020-04-30T14:23:34","guid":{"rendered":"https:\/\/diarioregionaldigital.com.br\/?p=159379"},"modified":"2020-04-30T11:23:34","modified_gmt":"2020-04-30T14:23:34","slug":"covid-19-betim-tem-primeira-morte-confirmada","status":"publish","type":"post","link":"https:\/\/diarioregionaldigital.com.br\/?p=159379","title":{"rendered":"Covid-19: Betim tem primeira morte confirmada"},"content":{"rendered":"<p>O novo<a href=\"https:\/\/saude.mg.gov.br\/images\/noticias_e_eventos\/000_2020\/Boletins_Corona\/Quadro_Obitos_COVID-19_MG_30.04.2020.pdf\"> boletim epidemiol\u00f3gico<\/a> divulgado nesta quinta-feira (30) pela Secretaria de Estado da Sa\u00fade de Minas Gerais (SES-MG), confirma a primeira morte causada pelo Coronav\u00edrus em Betim. A v\u00edtima \u00e9 uma idosa de 80 anos. At\u00e9 ent\u00e3o, a cidade da regi\u00e3o metropolitana de Belo Horizonte, tem 16 casos confirmados da doen\u00e7a. Al\u00e9m disso foi confirmada mais uma morte na capital mineira, a v\u00edtima \u00e9 uma idosa de 85 anos.<\/p>\n<p>Pelo estado de Minas Gerais, os \u00f3bitos chegam a 82 e os <a href=\"https:\/\/saude.mg.gov.br\/images\/noticias_e_eventos\/000_2020\/Boletins_Corona\/30.04.2020_Boletim_epidemiologico_COVID-19_MG.pdf\">casos confirmados<\/a> chegam a 1.827.<\/p>\n<p>Os\u00a0dados atualizados\u00a0referentes a \u00f3bitos confirmados em Minas Gerais s\u00e3o: Araguari (1), Arax\u00e1 (1), Belmiro Braga (1), Belo Horizonte (17), Belo Vale (1), Betim (1), Bonfim (1), Capit\u00f3lio (1), Cataguases(1), Centralina (1), Contagem (3), Divin\u00f3polis (1), Espinosa (1), Extrema (1), Governador Valadares (3), Ipia\u00e7u (1), Itabira (1), Juiz de Fora (5), Mariana (1), M\u00e1rio Campos (1), Montes Claros (1), Morro da Gar\u00e7a (1), Nanuque (1), Nova Serrana (1), Novo Cruzeiro (1), Ouro Fino (1), Parais\u00f3polis (2), Patos de Minas (1), Patroc\u00ednio (1), Piumhi (1), Po\u00e7os de Caldas (2), Pouso Alegre (2), Presidente Juscelino (1), Santos Dumont (1), S\u00e3o Francisco (2), S\u00e3o Geraldo da Piedade (1), S\u00e3o Rom\u00e3o (1), S\u00e3o Sebasti\u00e3o do Para\u00edso (1), S\u00e3o Tom\u00e1s de Aquino (1), Tr\u00eas Pontas (1), Uberaba (3), Uberl\u00e2ndia (8), Varginha (1) e Varzel\u00e2ndia (1).<\/p>\n","protected":false},"excerpt":{"rendered":"<p>O novo boletim epidemiol\u00f3gico divulgado nesta quinta-feira (30) pela Secretaria de Estado da Sa\u00fade de Minas Gerais (SES-MG), confirma a primeira morte causada pelo Coronav\u00edrus em Betim. A v\u00edtima \u00e9 uma idosa de 80 anos. At\u00e9 ent\u00e3o, a cidade da regi\u00e3o metropolitana de Belo Horizonte, tem 16 casos confirmados da doen\u00e7a. Al\u00e9m disso foi confirmada [&hellip;]<\/p>\n","protected":false},"author":96,"featured_media":157620,"comment_status":"closed","ping_status":"closed","sticky":false,"template":"","format":"standard","meta":{"footnotes":""},"categories":[436,440,252,439],"tags":[],"class_list":["post-159379","post","type-post","status-publish","format-standard","has-post-thumbnail","hentry","category-destaque-da-semana","category-destaques-do-dia","category-regiao","category-ultima-hora"],"_links":{"self":[{"href":"https:\/\/diarioregionaldigital.com.br\/index.php?rest_route=\/wp\/v2\/posts\/159379","targetHints":{"allow":["GET"]}}],"collection":[{"href":"https:\/\/diarioregionaldigital.com.br\/index.php?rest_route=\/wp\/v2\/posts"}],"about":[{"href":"https:\/\/diarioregionaldigital.com.br\/index.php?rest_route=\/wp\/v2\/types\/post"}],"author":[{"embeddable":true,"href":"https:\/\/diarioregionaldigital.com.br\/index.php?rest_route=\/wp\/v2\/users\/96"}],"replies":[{"embeddable":true,"href":"https:\/\/diarioregionaldigital.com.br\/index.php?rest_route=%2Fwp%2Fv2%2Fcomments&post=159379"}],"version-history":[{"count":0,"href":"https:\/\/diarioregionaldigital.com.br\/index.php?rest_route=\/wp\/v2\/posts\/159379\/revisions"}],"wp:featuredmedia":[{"embeddable":true,"href":"https:\/\/diarioregionaldigital.com.br\/index.php?rest_route=\/wp\/v2\/media\/157620"}],"wp:attachment":[{"href":"https:\/\/diarioregionaldigital.com.br\/index.php?rest_route=%2Fwp%2Fv2%2Fmedia&parent=159379"}],"wp:term":[{"taxonomy":"category","embeddable":true,"href":"https:\/\/diarioregionaldigital.com.br\/index.php?rest_route=%2Fwp%2Fv2%2Fcategories&post=159379"},{"taxonomy":"post_tag","embeddable":true,"href":"https:\/\/diarioregionaldigital.com.br\/index.php?rest_route=%2Fwp%2Fv2%2Ftags&post=159379"}],"curies":[{"name":"wp","href":"https:\/\/api.w.org\/{rel}","templated":true}]}}