{"id":159368,"date":"2020-04-30T06:00:57","date_gmt":"2020-04-30T09:00:57","guid":{"rendered":"https:\/\/diarioregionaldigital.com.br\/?p=159368"},"modified":"2020-04-30T00:11:27","modified_gmt":"2020-04-30T03:11:27","slug":"dia-do-trabalhador","status":"publish","type":"post","link":"https:\/\/diarioregionaldigital.com.br\/?p=159368","title":{"rendered":"Dia do Trabalhador"},"content":{"rendered":"<p style=\"text-align: center;\"><strong>No Topo<\/strong><\/p>\n<p style=\"text-align: center;\">Competente em sua fun\u00e7\u00e3o, o desembargador Gilson Soares Lemes ser\u00e1 o novo presidente do Tribunal de Justi\u00e7a de Minas Gerais, ap\u00f3s vencer as elei\u00e7\u00f5es em que teve como advers\u00e1rio o desembargador Leite Pra\u00e7a, num placar de 81 a 51 votos.<\/p>\n<p style=\"text-align: center;\"><strong>Medicina<\/strong><\/p>\n<p style=\"text-align: center;\">Causou impacto a live do m\u00e9dico-psiquiatra Helio F\u00e1del e o Dr. M\u00e1rcio Tannure refer\u00eancia na medicina Esportiva. Eles discutiram os conceitos da Medicina Atual, gest\u00e3o de carreira m\u00e9dica e a import\u00e2ncia da multi, inter e transdisciplinaridade em sa\u00fade- desde preven\u00e7\u00e3o (n\u00e3o apenas no esporte). Tamb\u00e9m na pauta o futebol do Flamengo e a Covid-19.<\/p>\n<p style=\"text-align: center;\"><span style=\"font-size: 12pt;\"><strong>Para Refletir<\/strong><\/span><\/p>\n<p style=\"text-align: center;\">\u201cPodemos ter chegado em diferentes navios. Mas hoje estamos no mesmo barco\u201d. (Martin Luther King)<\/p>\n<p style=\"text-align: center;\"><span style=\"font-size: 14pt;\"><strong>Dia do Trabalhador<\/strong><\/span><\/p>\n<p style=\"text-align: center;\">No dia 1\u00ba de maio \u00e9 comemorado o \u201cDia do Trabalho\u201d Neste dia homenageados m\u00e9dicos, enfermeiros, artistas, modelos, professores, entregadores de lanches, almo\u00e7o, porteiros, bombeiros, policiais, que dedicam. Integralmente para ajudar as pessoas que precisam, numa onda de solidariedade humana em momento dif\u00edcil, em destaque para rep\u00f3rteres e jornalistas. Selecionamos alguns homens que integram essa na\u00e7\u00e3o e brilham hoje nesta p\u00e1gina.<\/p>\n<div id=\"attachment_159349\" style=\"width: 690px\" class=\"wp-caption aligncenter\"><img loading=\"lazy\" decoding=\"async\" aria-describedby=\"caption-attachment-159349\" class=\"wp-image-159349\" src=\"https:\/\/diarioregionaldigital.com.br\/wp-content\/uploads\/2020\/04\/fotoa-17-e1588214882139.jpg\" alt=\"\" width=\"680\" height=\"491\" srcset=\"https:\/\/diarioregionaldigital.com.br\/wp-content\/uploads\/2020\/04\/fotoa-17-e1588214882139.jpg 1731w, https:\/\/diarioregionaldigital.com.br\/wp-content\/uploads\/2020\/04\/fotoa-17-e1588214882139-300x216.jpg 300w, https:\/\/diarioregionaldigital.com.br\/wp-content\/uploads\/2020\/04\/fotoa-17-e1588214882139-768x554.jpg 768w, https:\/\/diarioregionaldigital.com.br\/wp-content\/uploads\/2020\/04\/fotoa-17-e1588214882139-1024x739.jpg 1024w, https:\/\/diarioregionaldigital.com.br\/wp-content\/uploads\/2020\/04\/fotoa-17-e1588214882139-360x260.jpg 360w\" sizes=\"auto, (max-width: 680px) 100vw, 680px\" \/><p id=\"caption-attachment-159349\" class=\"wp-caption-text\">Trazendo a not\u00edcia social, o colunista Eduardo Gomes e o diagramador do DR on-line R\u00f4mullo Vieira<\/p><\/div>\n<div id=\"attachment_159350\" style=\"width: 690px\" class=\"wp-caption aligncenter\"><img loading=\"lazy\" decoding=\"async\" aria-describedby=\"caption-attachment-159350\" class=\"wp-image-159350\" src=\"https:\/\/diarioregionaldigital.com.br\/wp-content\/uploads\/2020\/04\/fotob-17-e1588214933859.jpg\" alt=\"\" width=\"680\" height=\"470\" srcset=\"https:\/\/diarioregionaldigital.com.br\/wp-content\/uploads\/2020\/04\/fotob-17-e1588214933859.jpg 1379w, https:\/\/diarioregionaldigital.com.br\/wp-content\/uploads\/2020\/04\/fotob-17-e1588214933859-300x207.jpg 300w, https:\/\/diarioregionaldigital.com.br\/wp-content\/uploads\/2020\/04\/fotob-17-e1588214933859-768x531.jpg 768w, https:\/\/diarioregionaldigital.com.br\/wp-content\/uploads\/2020\/04\/fotob-17-e1588214933859-1024x708.jpg 1024w, https:\/\/diarioregionaldigital.com.br\/wp-content\/uploads\/2020\/04\/fotob-17-e1588214933859-360x249.jpg 360w, https:\/\/diarioregionaldigital.com.br\/wp-content\/uploads\/2020\/04\/fotob-17-e1588214933859-100x70.jpg 100w\" sizes=\"auto, (max-width: 680px) 100vw, 680px\" \/><p id=\"caption-attachment-159350\" class=\"wp-caption-text\">O gerente geral de Souza Gomes Im\u00f3veis, Diogo Souza Gomes, l\u00edder no mercado imobili\u00e1rio de Juiz de Fora<\/p><\/div>\n<div id=\"attachment_159351\" style=\"width: 690px\" class=\"wp-caption aligncenter\"><img loading=\"lazy\" decoding=\"async\" aria-describedby=\"caption-attachment-159351\" class=\"wp-image-159351\" src=\"https:\/\/diarioregionaldigital.com.br\/wp-content\/uploads\/2020\/04\/fotoc-17-e1588214978983.jpg\" alt=\"\" width=\"680\" height=\"529\" srcset=\"https:\/\/diarioregionaldigital.com.br\/wp-content\/uploads\/2020\/04\/fotoc-17-e1588214978983.jpg 1540w, https:\/\/diarioregionaldigital.com.br\/wp-content\/uploads\/2020\/04\/fotoc-17-e1588214978983-300x233.jpg 300w, https:\/\/diarioregionaldigital.com.br\/wp-content\/uploads\/2020\/04\/fotoc-17-e1588214978983-768x597.jpg 768w, https:\/\/diarioregionaldigital.com.br\/wp-content\/uploads\/2020\/04\/fotoc-17-e1588214978983-1024x797.jpg 1024w, https:\/\/diarioregionaldigital.com.br\/wp-content\/uploads\/2020\/04\/fotoc-17-e1588214978983-360x280.jpg 360w\" sizes=\"auto, (max-width: 680px) 100vw, 680px\" \/><p id=\"caption-attachment-159351\" class=\"wp-caption-text\">O diretor e ator teatral Vin\u00edcius Cristov\u00e3o<\/p><\/div>\n<div id=\"attachment_159352\" style=\"width: 690px\" class=\"wp-caption aligncenter\"><img loading=\"lazy\" decoding=\"async\" aria-describedby=\"caption-attachment-159352\" class=\"wp-image-159352\" src=\"https:\/\/diarioregionaldigital.com.br\/wp-content\/uploads\/2020\/04\/fotod-17-e1588215020821.jpg\" alt=\"\" width=\"680\" height=\"510\" srcset=\"https:\/\/diarioregionaldigital.com.br\/wp-content\/uploads\/2020\/04\/fotod-17-e1588215020821.jpg 1597w, https:\/\/diarioregionaldigital.com.br\/wp-content\/uploads\/2020\/04\/fotod-17-e1588215020821-300x225.jpg 300w, https:\/\/diarioregionaldigital.com.br\/wp-content\/uploads\/2020\/04\/fotod-17-e1588215020821-768x576.jpg 768w, https:\/\/diarioregionaldigital.com.br\/wp-content\/uploads\/2020\/04\/fotod-17-e1588215020821-1024x768.jpg 1024w, https:\/\/diarioregionaldigital.com.br\/wp-content\/uploads\/2020\/04\/fotod-17-e1588215020821-360x270.jpg 360w\" sizes=\"auto, (max-width: 680px) 100vw, 680px\" \/><p id=\"caption-attachment-159352\" class=\"wp-caption-text\">O guardi\u00e3o de astros e estrelas: Darcy Amado<\/p><\/div>\n<div id=\"attachment_159353\" style=\"width: 690px\" class=\"wp-caption aligncenter\"><img loading=\"lazy\" decoding=\"async\" aria-describedby=\"caption-attachment-159353\" class=\"wp-image-159353\" src=\"https:\/\/diarioregionaldigital.com.br\/wp-content\/uploads\/2020\/04\/fotoe-17-e1588215125660.jpg\" alt=\"\" width=\"680\" height=\"511\" srcset=\"https:\/\/diarioregionaldigital.com.br\/wp-content\/uploads\/2020\/04\/fotoe-17-e1588215125660.jpg 1640w, https:\/\/diarioregionaldigital.com.br\/wp-content\/uploads\/2020\/04\/fotoe-17-e1588215125660-300x226.jpg 300w, https:\/\/diarioregionaldigital.com.br\/wp-content\/uploads\/2020\/04\/fotoe-17-e1588215125660-768x577.jpg 768w, https:\/\/diarioregionaldigital.com.br\/wp-content\/uploads\/2020\/04\/fotoe-17-e1588215125660-1024x770.jpg 1024w, https:\/\/diarioregionaldigital.com.br\/wp-content\/uploads\/2020\/04\/fotoe-17-e1588215125660-360x271.jpg 360w\" sizes=\"auto, (max-width: 680px) 100vw, 680px\" \/><p id=\"caption-attachment-159353\" class=\"wp-caption-text\">Cineasta premiado: Chester Marcone<\/p><\/div>\n<div id=\"attachment_159354\" style=\"width: 690px\" class=\"wp-caption aligncenter\"><img loading=\"lazy\" decoding=\"async\" aria-describedby=\"caption-attachment-159354\" class=\"wp-image-159354\" src=\"https:\/\/diarioregionaldigital.com.br\/wp-content\/uploads\/2020\/04\/fotof-16-e1588215189248.jpg\" alt=\"\" width=\"680\" height=\"488\" srcset=\"https:\/\/diarioregionaldigital.com.br\/wp-content\/uploads\/2020\/04\/fotof-16-e1588215189248.jpg 1632w, https:\/\/diarioregionaldigital.com.br\/wp-content\/uploads\/2020\/04\/fotof-16-e1588215189248-300x215.jpg 300w, https:\/\/diarioregionaldigital.com.br\/wp-content\/uploads\/2020\/04\/fotof-16-e1588215189248-768x551.jpg 768w, https:\/\/diarioregionaldigital.com.br\/wp-content\/uploads\/2020\/04\/fotof-16-e1588215189248-1024x735.jpg 1024w, https:\/\/diarioregionaldigital.com.br\/wp-content\/uploads\/2020\/04\/fotof-16-e1588215189248-360x258.jpg 360w\" sizes=\"auto, (max-width: 680px) 100vw, 680px\" \/><p id=\"caption-attachment-159354\" class=\"wp-caption-text\">Sucesso como arquiteto: Alex Martins<\/p><\/div>\n<div id=\"attachment_159355\" style=\"width: 690px\" class=\"wp-caption aligncenter\"><img loading=\"lazy\" decoding=\"async\" aria-describedby=\"caption-attachment-159355\" class=\"wp-image-159355\" src=\"https:\/\/diarioregionaldigital.com.br\/wp-content\/uploads\/2020\/04\/fotog-17-e1588215228354.jpg\" alt=\"\" width=\"680\" height=\"502\" srcset=\"https:\/\/diarioregionaldigital.com.br\/wp-content\/uploads\/2020\/04\/fotog-17-e1588215228354.jpg 1425w, https:\/\/diarioregionaldigital.com.br\/wp-content\/uploads\/2020\/04\/fotog-17-e1588215228354-300x222.jpg 300w, https:\/\/diarioregionaldigital.com.br\/wp-content\/uploads\/2020\/04\/fotog-17-e1588215228354-768x568.jpg 768w, https:\/\/diarioregionaldigital.com.br\/wp-content\/uploads\/2020\/04\/fotog-17-e1588215228354-1024x757.jpg 1024w, https:\/\/diarioregionaldigital.com.br\/wp-content\/uploads\/2020\/04\/fotog-17-e1588215228354-360x266.jpg 360w\" sizes=\"auto, (max-width: 680px) 100vw, 680px\" \/><p id=\"caption-attachment-159355\" class=\"wp-caption-text\">L\u00edder de vendas, o comerci\u00e1rio Vin\u00edcius Gomes<\/p><\/div>\n<div id=\"attachment_159356\" style=\"width: 690px\" class=\"wp-caption aligncenter\"><img loading=\"lazy\" decoding=\"async\" aria-describedby=\"caption-attachment-159356\" class=\"wp-image-159356\" src=\"https:\/\/diarioregionaldigital.com.br\/wp-content\/uploads\/2020\/04\/fotoh-17-e1588215263270.jpg\" alt=\"\" width=\"680\" height=\"788\" srcset=\"https:\/\/diarioregionaldigital.com.br\/wp-content\/uploads\/2020\/04\/fotoh-17-e1588215263270.jpg 1527w, https:\/\/diarioregionaldigital.com.br\/wp-content\/uploads\/2020\/04\/fotoh-17-e1588215263270-259x300.jpg 259w, https:\/\/diarioregionaldigital.com.br\/wp-content\/uploads\/2020\/04\/fotoh-17-e1588215263270-768x890.jpg 768w, https:\/\/diarioregionaldigital.com.br\/wp-content\/uploads\/2020\/04\/fotoh-17-e1588215263270-884x1024.jpg 884w, https:\/\/diarioregionaldigital.com.br\/wp-content\/uploads\/2020\/04\/fotoh-17-e1588215263270-360x417.jpg 360w\" sizes=\"auto, (max-width: 680px) 100vw, 680px\" \/><p id=\"caption-attachment-159356\" class=\"wp-caption-text\">Bailando com compet\u00eancia: o professor de dan\u00e7a Joseph Santos<\/p><\/div>\n<div id=\"attachment_159357\" style=\"width: 690px\" class=\"wp-caption aligncenter\"><img loading=\"lazy\" decoding=\"async\" aria-describedby=\"caption-attachment-159357\" class=\"wp-image-159357\" src=\"https:\/\/diarioregionaldigital.com.br\/wp-content\/uploads\/2020\/04\/fotoi-13-e1588215313836.jpg\" alt=\"\" width=\"680\" height=\"524\" srcset=\"https:\/\/diarioregionaldigital.com.br\/wp-content\/uploads\/2020\/04\/fotoi-13-e1588215313836.jpg 1780w, https:\/\/diarioregionaldigital.com.br\/wp-content\/uploads\/2020\/04\/fotoi-13-e1588215313836-300x231.jpg 300w, https:\/\/diarioregionaldigital.com.br\/wp-content\/uploads\/2020\/04\/fotoi-13-e1588215313836-768x592.jpg 768w, https:\/\/diarioregionaldigital.com.br\/wp-content\/uploads\/2020\/04\/fotoi-13-e1588215313836-1024x789.jpg 1024w, https:\/\/diarioregionaldigital.com.br\/wp-content\/uploads\/2020\/04\/fotoi-13-e1588215313836-360x277.jpg 360w\" sizes=\"auto, (max-width: 680px) 100vw, 680px\" \/><p id=\"caption-attachment-159357\" class=\"wp-caption-text\">Craque como professor e nutricionista: Renato Nunes<\/p><\/div>\n<div id=\"attachment_159358\" style=\"width: 690px\" class=\"wp-caption aligncenter\"><img loading=\"lazy\" decoding=\"async\" aria-describedby=\"caption-attachment-159358\" class=\"wp-image-159358\" src=\"https:\/\/diarioregionaldigital.com.br\/wp-content\/uploads\/2020\/04\/fotoj-7-e1588215351642.jpg\" alt=\"\" width=\"680\" height=\"506\" srcset=\"https:\/\/diarioregionaldigital.com.br\/wp-content\/uploads\/2020\/04\/fotoj-7-e1588215351642.jpg 1600w, https:\/\/diarioregionaldigital.com.br\/wp-content\/uploads\/2020\/04\/fotoj-7-e1588215351642-300x223.jpg 300w, https:\/\/diarioregionaldigital.com.br\/wp-content\/uploads\/2020\/04\/fotoj-7-e1588215351642-768x571.jpg 768w, https:\/\/diarioregionaldigital.com.br\/wp-content\/uploads\/2020\/04\/fotoj-7-e1588215351642-1024x762.jpg 1024w, https:\/\/diarioregionaldigital.com.br\/wp-content\/uploads\/2020\/04\/fotoj-7-e1588215351642-360x268.jpg 360w\" sizes=\"auto, (max-width: 680px) 100vw, 680px\" \/><p id=\"caption-attachment-159358\" class=\"wp-caption-text\">Realce como micro-empres\u00e1rio: Leonardo Zanetti<\/p><\/div>\n<div id=\"attachment_159359\" style=\"width: 690px\" class=\"wp-caption aligncenter\"><img loading=\"lazy\" decoding=\"async\" aria-describedby=\"caption-attachment-159359\" class=\"wp-image-159359\" src=\"https:\/\/diarioregionaldigital.com.br\/wp-content\/uploads\/2020\/04\/fotol-e1588215390968.jpg\" alt=\"\" width=\"680\" height=\"553\" srcset=\"https:\/\/diarioregionaldigital.com.br\/wp-content\/uploads\/2020\/04\/fotol-e1588215390968.jpg 1705w, https:\/\/diarioregionaldigital.com.br\/wp-content\/uploads\/2020\/04\/fotol-e1588215390968-300x244.jpg 300w, https:\/\/diarioregionaldigital.com.br\/wp-content\/uploads\/2020\/04\/fotol-e1588215390968-768x624.jpg 768w, https:\/\/diarioregionaldigital.com.br\/wp-content\/uploads\/2020\/04\/fotol-e1588215390968-1024x832.jpg 1024w, https:\/\/diarioregionaldigital.com.br\/wp-content\/uploads\/2020\/04\/fotol-e1588215390968-220x180.jpg 220w, https:\/\/diarioregionaldigital.com.br\/wp-content\/uploads\/2020\/04\/fotol-e1588215390968-360x293.jpg 360w\" sizes=\"auto, (max-width: 680px) 100vw, 680px\" \/><p id=\"caption-attachment-159359\" class=\"wp-caption-text\">Empreendedor de Moda e Gastronomia: Marcio Marques<\/p><\/div>\n<div id=\"attachment_159360\" style=\"width: 690px\" class=\"wp-caption aligncenter\"><img loading=\"lazy\" decoding=\"async\" aria-describedby=\"caption-attachment-159360\" class=\"wp-image-159360\" src=\"https:\/\/diarioregionaldigital.com.br\/wp-content\/uploads\/2020\/04\/fotom-e1588215420620.jpg\" alt=\"\" width=\"680\" height=\"512\" srcset=\"https:\/\/diarioregionaldigital.com.br\/wp-content\/uploads\/2020\/04\/fotom-e1588215420620.jpg 1696w, https:\/\/diarioregionaldigital.com.br\/wp-content\/uploads\/2020\/04\/fotom-e1588215420620-300x226.jpg 300w, https:\/\/diarioregionaldigital.com.br\/wp-content\/uploads\/2020\/04\/fotom-e1588215420620-768x578.jpg 768w, https:\/\/diarioregionaldigital.com.br\/wp-content\/uploads\/2020\/04\/fotom-e1588215420620-1024x770.jpg 1024w, https:\/\/diarioregionaldigital.com.br\/wp-content\/uploads\/2020\/04\/fotom-e1588215420620-360x271.jpg 360w\" sizes=\"auto, (max-width: 680px) 100vw, 680px\" \/><p id=\"caption-attachment-159360\" class=\"wp-caption-text\">Jovem e habilidoso Farmac\u00eautico: Arthur Magalh\u00e3es<\/p><\/div>\n<div id=\"attachment_159361\" style=\"width: 690px\" class=\"wp-caption aligncenter\"><img loading=\"lazy\" decoding=\"async\" aria-describedby=\"caption-attachment-159361\" class=\"wp-image-159361\" src=\"https:\/\/diarioregionaldigital.com.br\/wp-content\/uploads\/2020\/04\/foton-e1588215455657.jpg\" alt=\"\" width=\"680\" height=\"489\" srcset=\"https:\/\/diarioregionaldigital.com.br\/wp-content\/uploads\/2020\/04\/foton-e1588215455657.jpg 1529w, https:\/\/diarioregionaldigital.com.br\/wp-content\/uploads\/2020\/04\/foton-e1588215455657-300x216.jpg 300w, https:\/\/diarioregionaldigital.com.br\/wp-content\/uploads\/2020\/04\/foton-e1588215455657-768x553.jpg 768w, https:\/\/diarioregionaldigital.com.br\/wp-content\/uploads\/2020\/04\/foton-e1588215455657-1024x737.jpg 1024w, https:\/\/diarioregionaldigital.com.br\/wp-content\/uploads\/2020\/04\/foton-e1588215455657-360x259.jpg 360w\" sizes=\"auto, (max-width: 680px) 100vw, 680px\" \/><p id=\"caption-attachment-159361\" class=\"wp-caption-text\">Consciente de seu papel no ensino, o professor Juber Pac\u00edfico<\/p><\/div>\n<div id=\"attachment_159362\" style=\"width: 690px\" class=\"wp-caption aligncenter\"><img loading=\"lazy\" decoding=\"async\" aria-describedby=\"caption-attachment-159362\" class=\"wp-image-159362\" src=\"https:\/\/diarioregionaldigital.com.br\/wp-content\/uploads\/2020\/04\/fotoo-e1588215492644.jpg\" alt=\"\" width=\"680\" height=\"510\" srcset=\"https:\/\/diarioregionaldigital.com.br\/wp-content\/uploads\/2020\/04\/fotoo-e1588215492644.jpg 1592w, https:\/\/diarioregionaldigital.com.br\/wp-content\/uploads\/2020\/04\/fotoo-e1588215492644-300x225.jpg 300w, https:\/\/diarioregionaldigital.com.br\/wp-content\/uploads\/2020\/04\/fotoo-e1588215492644-768x576.jpg 768w, https:\/\/diarioregionaldigital.com.br\/wp-content\/uploads\/2020\/04\/fotoo-e1588215492644-1024x767.jpg 1024w, https:\/\/diarioregionaldigital.com.br\/wp-content\/uploads\/2020\/04\/fotoo-e1588215492644-360x270.jpg 360w\" sizes=\"auto, (max-width: 680px) 100vw, 680px\" \/><p id=\"caption-attachment-159362\" class=\"wp-caption-text\">Vers\u00e1til e competente, o cantor, modelo e enfermeiro, Wesley Ferry<\/p><\/div>\n<div id=\"attachment_159363\" style=\"width: 690px\" class=\"wp-caption aligncenter\"><img loading=\"lazy\" decoding=\"async\" aria-describedby=\"caption-attachment-159363\" class=\"wp-image-159363\" src=\"https:\/\/diarioregionaldigital.com.br\/wp-content\/uploads\/2020\/04\/fotop-e1588215541701.jpg\" alt=\"\" width=\"680\" height=\"528\" srcset=\"https:\/\/diarioregionaldigital.com.br\/wp-content\/uploads\/2020\/04\/fotop-e1588215541701.jpg 1568w, https:\/\/diarioregionaldigital.com.br\/wp-content\/uploads\/2020\/04\/fotop-e1588215541701-300x233.jpg 300w, https:\/\/diarioregionaldigital.com.br\/wp-content\/uploads\/2020\/04\/fotop-e1588215541701-768x597.jpg 768w, https:\/\/diarioregionaldigital.com.br\/wp-content\/uploads\/2020\/04\/fotop-e1588215541701-1024x795.jpg 1024w, https:\/\/diarioregionaldigital.com.br\/wp-content\/uploads\/2020\/04\/fotop-e1588215541701-360x280.jpg 360w\" sizes=\"auto, (max-width: 680px) 100vw, 680px\" \/><p id=\"caption-attachment-159363\" class=\"wp-caption-text\">O m\u00e9dico- psiquiatra do momento: Helio F\u00e1del<\/p><\/div>\n<div id=\"attachment_159364\" style=\"width: 690px\" class=\"wp-caption aligncenter\"><img loading=\"lazy\" decoding=\"async\" aria-describedby=\"caption-attachment-159364\" class=\"wp-image-159364\" src=\"https:\/\/diarioregionaldigital.com.br\/wp-content\/uploads\/2020\/04\/fotoq-e1588215627546.jpg\" alt=\"\" width=\"680\" height=\"500\" srcset=\"https:\/\/diarioregionaldigital.com.br\/wp-content\/uploads\/2020\/04\/fotoq-e1588215627546.jpg 1593w, https:\/\/diarioregionaldigital.com.br\/wp-content\/uploads\/2020\/04\/fotoq-e1588215627546-300x221.jpg 300w, https:\/\/diarioregionaldigital.com.br\/wp-content\/uploads\/2020\/04\/fotoq-e1588215627546-768x565.jpg 768w, https:\/\/diarioregionaldigital.com.br\/wp-content\/uploads\/2020\/04\/fotoq-e1588215627546-1024x753.jpg 1024w, https:\/\/diarioregionaldigital.com.br\/wp-content\/uploads\/2020\/04\/fotoq-e1588215627546-360x265.jpg 360w\" sizes=\"auto, (max-width: 680px) 100vw, 680px\" \/><p id=\"caption-attachment-159364\" class=\"wp-caption-text\">Sucesso como empreendedor: Ronald Platz<\/p><\/div>\n<div id=\"attachment_159365\" style=\"width: 690px\" class=\"wp-caption aligncenter\"><img loading=\"lazy\" decoding=\"async\" aria-describedby=\"caption-attachment-159365\" class=\"wp-image-159365\" src=\"https:\/\/diarioregionaldigital.com.br\/wp-content\/uploads\/2020\/04\/fotor-e1588215714877.jpg\" alt=\"\" width=\"680\" height=\"491\" srcset=\"https:\/\/diarioregionaldigital.com.br\/wp-content\/uploads\/2020\/04\/fotor-e1588215714877.jpg 539w, https:\/\/diarioregionaldigital.com.br\/wp-content\/uploads\/2020\/04\/fotor-e1588215714877-300x217.jpg 300w, https:\/\/diarioregionaldigital.com.br\/wp-content\/uploads\/2020\/04\/fotor-e1588215714877-360x260.jpg 360w\" sizes=\"auto, (max-width: 680px) 100vw, 680px\" \/><p id=\"caption-attachment-159365\" class=\"wp-caption-text\">Contabilizando furor como modelo negro, Leonardo Jesus<\/p><\/div>\n<div id=\"attachment_159366\" style=\"width: 690px\" class=\"wp-caption aligncenter\"><img loading=\"lazy\" decoding=\"async\" aria-describedby=\"caption-attachment-159366\" class=\"wp-image-159366\" src=\"https:\/\/diarioregionaldigital.com.br\/wp-content\/uploads\/2020\/04\/fotos-e1588215763194.jpg\" alt=\"\" width=\"680\" height=\"488\" srcset=\"https:\/\/diarioregionaldigital.com.br\/wp-content\/uploads\/2020\/04\/fotos-e1588215763194.jpg 1636w, https:\/\/diarioregionaldigital.com.br\/wp-content\/uploads\/2020\/04\/fotos-e1588215763194-300x215.jpg 300w, https:\/\/diarioregionaldigital.com.br\/wp-content\/uploads\/2020\/04\/fotos-e1588215763194-768x552.jpg 768w, https:\/\/diarioregionaldigital.com.br\/wp-content\/uploads\/2020\/04\/fotos-e1588215763194-1024x735.jpg 1024w, https:\/\/diarioregionaldigital.com.br\/wp-content\/uploads\/2020\/04\/fotos-e1588215763194-360x259.jpg 360w\" sizes=\"auto, (max-width: 680px) 100vw, 680px\" \/><p id=\"caption-attachment-159366\" class=\"wp-caption-text\">O jornalista rep\u00f3rter Vagner Tolendato<\/p><\/div>\n<p style=\"text-align: center;\"><strong>FOTOSS\u00cdNTESE<\/strong><\/p>\n<p>Em maio estaremos fazendo uma retrospectiva com fotos de eventos sociais para marcar os 32 anos de colunismo do titular desta p\u00e1gina, muitos no Di\u00e1rio Regional. S\u00e3o amigos e leitores queridos sempre acompanhando nosso trabalho. Aguardem.<\/p>\n<p>Em isolamento social a professora e colunista de moda Ana Paula Calixto est\u00e1 realizado atividades f\u00edsicas em casa e criando lives de apurad\u00edssimo bom gosto.<\/p>\n<p>Gente boa, amigo e camarada, o empres\u00e1rio juiz-forano Rafael Bonel est\u00e1 comemorando 20 anos da Editora Biruta. Em casa.<\/p>\n<p>O professor Fred Alvim est\u00e1 mantendo os exerc\u00edcios f\u00edsicos em sua resid\u00eancia do Bom Pastor. Tamb\u00e9m na pauta, aulas on-line.<\/p>\n<p>Digno de elogios, a m\u00e9dica Sandra Tibiri\u00e7\u00e1 coordena a capacita\u00e7\u00e3o dos profissionais das Unidades B\u00e1sicas de Sa\u00fade (UBS\u2019s). Ela e outros 429 agentes comunit\u00e1rios da sa\u00fade distribu\u00edram gratuitamente m\u00e1scaras de tecido.<\/p>\n<p>Quem pode&#8230;pode. O chef T\u00falio Villa\u00e7a durante a quarentena preparara pratos com sabor de festa para patr\u00e3o e amigos. Tudo del\u00edcia e maravilhoso.<\/p>\n<p>Digno de elogios, o jogador do Flamengo Bruno Henrique ofereceu cinco toneladas de alimentos a moradores da Conc\u00f3rdia, Em Belo Horizonte, bairro onde nasceu.<\/p>\n<p>Em momento solidariedade, Ana Elisa Italoray e Elis\u00e2ngela Souza est\u00e3o arrecadando materiais de limpeza e higiene pessoal para o Educand\u00e1rio Carlos Chagas. Belo exemplo.<\/p>\n<p>Para bem entender: A pior ambi\u00e7\u00e3o do ser humano \u00e9 desejar colher os frutos, daquilo que nunca plantou. Bom dia feriado a todos.<\/p>\n<p><img loading=\"lazy\" decoding=\"async\" class=\"aligncenter size-full wp-image-159369\" src=\"https:\/\/diarioregionaldigital.com.br\/wp-content\/uploads\/2020\/04\/anuncio68.jpg\" alt=\"\" width=\"3513\" height=\"683\" srcset=\"https:\/\/diarioregionaldigital.com.br\/wp-content\/uploads\/2020\/04\/anuncio68.jpg 3513w, https:\/\/diarioregionaldigital.com.br\/wp-content\/uploads\/2020\/04\/anuncio68-300x58.jpg 300w, https:\/\/diarioregionaldigital.com.br\/wp-content\/uploads\/2020\/04\/anuncio68-768x149.jpg 768w, https:\/\/diarioregionaldigital.com.br\/wp-content\/uploads\/2020\/04\/anuncio68-1024x199.jpg 1024w, https:\/\/diarioregionaldigital.com.br\/wp-content\/uploads\/2020\/04\/anuncio68-360x70.jpg 360w\" sizes=\"auto, (max-width: 3513px) 100vw, 3513px\" \/><\/p>\n","protected":false},"excerpt":{"rendered":"<p>No Topo Competente em sua fun\u00e7\u00e3o, o desembargador Gilson Soares Lemes ser\u00e1 o novo presidente do Tribunal de Justi\u00e7a de Minas Gerais, ap\u00f3s vencer as elei\u00e7\u00f5es em que teve como advers\u00e1rio o desembargador Leite Pra\u00e7a, num placar de 81 a 51 votos. Medicina Causou impacto a live do m\u00e9dico-psiquiatra Helio F\u00e1del e o Dr. M\u00e1rcio [&hellip;]<\/p>\n","protected":false},"author":96,"featured_media":159349,"comment_status":"closed","ping_status":"closed","sticky":false,"template":"","format":"standard","meta":{"footnotes":""},"categories":[264],"tags":[],"class_list":["post-159368","post","type-post","status-publish","format-standard","has-post-thumbnail","hentry","category-eduardo-gomes"],"_links":{"self":[{"href":"https:\/\/diarioregionaldigital.com.br\/index.php?rest_route=\/wp\/v2\/posts\/159368","targetHints":{"allow":["GET"]}}],"collection":[{"href":"https:\/\/diarioregionaldigital.com.br\/index.php?rest_route=\/wp\/v2\/posts"}],"about":[{"href":"https:\/\/diarioregionaldigital.com.br\/index.php?rest_route=\/wp\/v2\/types\/post"}],"author":[{"embeddable":true,"href":"https:\/\/diarioregionaldigital.com.br\/index.php?rest_route=\/wp\/v2\/users\/96"}],"replies":[{"embeddable":true,"href":"https:\/\/diarioregionaldigital.com.br\/index.php?rest_route=%2Fwp%2Fv2%2Fcomments&post=159368"}],"version-history":[{"count":0,"href":"https:\/\/diarioregionaldigital.com.br\/index.php?rest_route=\/wp\/v2\/posts\/159368\/revisions"}],"wp:featuredmedia":[{"embeddable":true,"href":"https:\/\/diarioregionaldigital.com.br\/index.php?rest_route=\/wp\/v2\/media\/159349"}],"wp:attachment":[{"href":"https:\/\/diarioregionaldigital.com.br\/index.php?rest_route=%2Fwp%2Fv2%2Fmedia&parent=159368"}],"wp:term":[{"taxonomy":"category","embeddable":true,"href":"https:\/\/diarioregionaldigital.com.br\/index.php?rest_route=%2Fwp%2Fv2%2Fcategories&post=159368"},{"taxonomy":"post_tag","embeddable":true,"href":"https:\/\/diarioregionaldigital.com.br\/index.php?rest_route=%2Fwp%2Fv2%2Ftags&post=159368"}],"curies":[{"name":"wp","href":"https:\/\/api.w.org\/{rel}","templated":true}]}}