{"id":159338,"date":"2020-04-29T18:39:07","date_gmt":"2020-04-29T21:39:07","guid":{"rendered":"https:\/\/diarioregionaldigital.com.br\/?p=159338"},"modified":"2020-04-29T18:39:07","modified_gmt":"2020-04-29T21:39:07","slug":"covid-19-brasil-tem-78-162-casos-44-dos-pacientes-estao-curados","status":"publish","type":"post","link":"https:\/\/diarioregionaldigital.com.br\/?p=159338","title":{"rendered":"Covid-19: Brasil tem 78.162 casos; 44% dos pacientes est\u00e3o curados"},"content":{"rendered":"<p>O Minist\u00e9rio da Sa\u00fade divulgou, nesta quarta-feira (29), que o Brasil registra 78.162 pessoas com covid-19. O n\u00famero de \u00f3bitos subiu para 5.466. A taxa de letalidade \u00e9 de 7%.<\/p>\n<p>At\u00e9 o momento, 34.132 pacientes foram curados da doen\u00e7a.<\/p>\n<p>S\u00e3o Paulo\u00a0concentra\u00a0o maior n\u00famero de falecimentos (2.247). O estado \u00e9 seguido pelo Rio\u00a0de Janeiro\u00a0(794), Cear\u00e1 (441), Pernambuco (538), e Amazonas (380).<\/p>\n<p>Al\u00e9m disso, foram registradas mortes no Maranh\u00e3o (166),\u00a0Bahia (96) Par\u00e1 (137),\u00a0Esp\u00edrito Santo (76),\u00a0 Santa Catarina (44), Minas Gerais (80),\u00a0Rio Grande do Sul (50), Paran\u00e1 (82), Distrito Federal (28), Rio Grande do Norte (53), Amap\u00e1 (31), Alagoas (41), Goi\u00e1s (27),\u00a0Para\u00edba (58), Roraima (seis), Piau\u00ed (24), Rond\u00f4nia (15), Acre (17), Sergipe (12), Mato Grosso (11), Mato Grosso do Sul (nove), e Tocantins (tr\u00eas).<\/p>\n<p>&nbsp;<\/p>\n<p><strong>Fonte:\u00a0<\/strong>Ag\u00eancia Brasil<\/p>\n","protected":false},"excerpt":{"rendered":"<p>O Minist\u00e9rio da Sa\u00fade divulgou, nesta quarta-feira (29), que o Brasil registra 78.162 pessoas com covid-19. O n\u00famero de \u00f3bitos subiu para 5.466. A taxa de letalidade \u00e9 de 7%. At\u00e9 o momento, 34.132 pacientes foram curados da doen\u00e7a. S\u00e3o Paulo\u00a0concentra\u00a0o maior n\u00famero de falecimentos (2.247). O estado \u00e9 seguido pelo Rio\u00a0de Janeiro\u00a0(794), Cear\u00e1 (441), [&hellip;]<\/p>\n","protected":false},"author":96,"featured_media":159339,"comment_status":"closed","ping_status":"closed","sticky":false,"template":"","format":"standard","meta":{"footnotes":""},"categories":[302,436,440,439],"tags":[],"class_list":["post-159338","post","type-post","status-publish","format-standard","has-post-thumbnail","hentry","category-brasil-mundo","category-destaque-da-semana","category-destaques-do-dia","category-ultima-hora"],"_links":{"self":[{"href":"https:\/\/diarioregionaldigital.com.br\/index.php?rest_route=\/wp\/v2\/posts\/159338","targetHints":{"allow":["GET"]}}],"collection":[{"href":"https:\/\/diarioregionaldigital.com.br\/index.php?rest_route=\/wp\/v2\/posts"}],"about":[{"href":"https:\/\/diarioregionaldigital.com.br\/index.php?rest_route=\/wp\/v2\/types\/post"}],"author":[{"embeddable":true,"href":"https:\/\/diarioregionaldigital.com.br\/index.php?rest_route=\/wp\/v2\/users\/96"}],"replies":[{"embeddable":true,"href":"https:\/\/diarioregionaldigital.com.br\/index.php?rest_route=%2Fwp%2Fv2%2Fcomments&post=159338"}],"version-history":[{"count":0,"href":"https:\/\/diarioregionaldigital.com.br\/index.php?rest_route=\/wp\/v2\/posts\/159338\/revisions"}],"wp:featuredmedia":[{"embeddable":true,"href":"https:\/\/diarioregionaldigital.com.br\/index.php?rest_route=\/wp\/v2\/media\/159339"}],"wp:attachment":[{"href":"https:\/\/diarioregionaldigital.com.br\/index.php?rest_route=%2Fwp%2Fv2%2Fmedia&parent=159338"}],"wp:term":[{"taxonomy":"category","embeddable":true,"href":"https:\/\/diarioregionaldigital.com.br\/index.php?rest_route=%2Fwp%2Fv2%2Fcategories&post=159338"},{"taxonomy":"post_tag","embeddable":true,"href":"https:\/\/diarioregionaldigital.com.br\/index.php?rest_route=%2Fwp%2Fv2%2Ftags&post=159338"}],"curies":[{"name":"wp","href":"https:\/\/api.w.org\/{rel}","templated":true}]}}