{"id":159333,"date":"2020-04-29T17:51:08","date_gmt":"2020-04-29T20:51:08","guid":{"rendered":"https:\/\/diarioregionaldigital.com.br\/?p=159333"},"modified":"2020-04-29T17:51:08","modified_gmt":"2020-04-29T20:51:08","slug":"presidente-do-coi-divulga-carta-para-falar-das-olimpiadas-e-coronavirus","status":"publish","type":"post","link":"https:\/\/diarioregionaldigital.com.br\/?p=159333","title":{"rendered":"Presidente do COI divulga carta para falar das Olimp\u00edadas e Coronav\u00edrus"},"content":{"rendered":"<p>O presidente do Comit\u00ea Ol\u00edmpico Internacional (COI), Thomas Bach, divulgou uma carta nessa quarta-feira (29), para falar do movimento \u201cOlimpismo e Corona\u201d. Mandat\u00e1rio da entidade comentou sobre os desafios de se enfrentar a epidemia da doen\u00e7a e que todas as \u00e1reas do esporte ser\u00e3o significativamente afetadas. Ainda relembrou o adiamento dos jogos de T\u00f3quio para 2021:<\/p>\n<p>\u201cA dissemina\u00e7\u00e3o global do v\u00edrus fez com que os Jogos Ol\u00edmpicos de T\u00f3quio 2020 tivessem que ser adiados para 2021, uma decis\u00e3o hist\u00f3rica que foi tomada para proteger a sa\u00fade dos atletas e das centenas de milhares de pessoas envolvidas nos Jogos. A esse respeito, aceite meus sinceros agradecimentos e agradecimentos a todos e cada um de voc\u00eas por seu forte apoio \u00e0 decis\u00e3o do Conselho Executivo do COI de adiar os Jogos Ol\u00edmpicos de T\u00f3quio 2020, que realizamos em conjunto com nossos parceiros e amigos japoneses\u201d.<\/p>\n<p>Bach fez quest\u00e3o de agradecer o apoio de todos os comit\u00eas membros do COI e que o adiamento dos jogos, demonstra o sentimento de uni\u00e3o diante de um momento complicado:<\/p>\n<p>\u201c\u00c9 por isso que o apoio de todos os 206 Comit\u00eas Ol\u00edmpicos Nacionais (NOCs), todas as Federa\u00e7\u00f5es Ol\u00edmpicas Internacionais de Ver\u00e3o (FIs), mais a Comiss\u00e3o de Atletas do COI e as comiss\u00f5es de atletas continentais para este adiamento hist\u00f3rico \u00e9 uma grande demonstra\u00e7\u00e3o da unidade do Movimento Ol\u00edmpico\u201d.<\/p>\n<p>O mandat\u00e1rio diz que a entidade tem um grande desafio pela frente, que \u00e9 organizar as Olimp\u00edadas que foram adiadas para o pr\u00f3ximo ano. Segundo Thomas Bach, a tarefa ser\u00e1 uma das mais desafiadoras da hist\u00f3ria do COI e que todos os envolvidos devem estar comprometidos com a situa\u00e7\u00e3o:<\/p>\n<p>\u201cAgora temos outro desafio sem precedentes pela frente &#8211; organizar os Jogos Ol\u00edmpicos adiados. Esta \u00e9 a primeira vez em nossa longa hist\u00f3ria ol\u00edmpica e \u00e9 uma tarefa imensa para o COI, nossos parceiros e amigos japoneses e todos os membros de nossa comunidade ol\u00edmpica. Esta nova situa\u00e7\u00e3o precisar\u00e1 de toda a nossa solidariedade, criatividade, determina\u00e7\u00e3o e flexibilidade. Todos n\u00f3s precisamos fazer sacrif\u00edcios e compromisso\u201d.<\/p>\n<p>Outro ponto relembrado pelo presidente, \u00e9 o aux\u00edlio \u00e0s comunidades afetadas pela epidemia do Covid-19. Segundo Bach, o COI j\u00e1 iniciou as conversas com os atletas e federa\u00e7\u00f5es:<\/p>\n<p>\u201cCom rela\u00e7\u00e3o ao apoio \u00e0 comunidade ol\u00edmpica afetada por essa crise, j\u00e1 estamos em discuss\u00f5es frut\u00edferas com os atletas, os CONs e as IFs, al\u00e9m de nossos parceiros comerciais e patrocinadores. Como medidas imediatas, j\u00e1 estendemos todas as subven\u00e7\u00f5es ol\u00edmpicas aos CONs para cobrir seus preparativos para os Jogos. Isso tamb\u00e9m se aplica aos subs\u00eddios para 1.600 atletas da Bolsa Ol\u00edmpica em todo o mundo e \u00e0 Equipe de Refugiados do COI\u201d.<\/p>\n<p>Para concluir a carta, Thomas Bach fala sobre como ser\u00e1 o mundo p\u00f3s-epidemia. O mandat\u00e1rio diz que \u00e9 preciso fazer os melhores ajustes de acordo com a nova realidade e que a entidade est\u00e1 fazendo uma reavalia\u00e7\u00e3o do teto or\u00e7ament\u00e1rio:<\/p>\n<p>\u201cNeste momento, ningu\u00e9m sabe como ser\u00e3o as realidades do mundo p\u00f3s-coronav\u00edrus. O que est\u00e1 claro, no entanto, \u00e9 que provavelmente nenhum de n\u00f3s ser\u00e1 capaz de sustentar todas as iniciativas ou eventos que planejamos antes da crise. Todos n\u00f3s precisamos examinar atentamente o escopo de algumas de nossas atividades e fazer os ajustes necess\u00e1rios \u00e0s novas realidades. Nesse contexto, a administra\u00e7\u00e3o do COI est\u00e1 revisando o or\u00e7amento e as prioridades do COI. Essa revis\u00e3o ser\u00e1 apresentada em breve ao Conselho Executivo do COI para discuss\u00e3o e aprova\u00e7\u00e3o. O lema de quando lan\u00e7amos a Agenda Ol\u00edmpica 2020, e est\u00e1 escrito na parede da Olympic House: &#8220;Mudar ou ser mudado&#8221;, \u00e9 neste momento de crise mais relevante do que nunca. Por mais desafiador e dif\u00edcil que as circunst\u00e2ncias possam parecer agora, se extrairmos as li\u00e7\u00f5es certas da situa\u00e7\u00e3o atual\u201d conclui.<\/p>\n<p>&nbsp;<\/p>\n<p>&nbsp;<\/p>\n","protected":false},"excerpt":{"rendered":"<p>O presidente do Comit\u00ea Ol\u00edmpico Internacional (COI), Thomas Bach, divulgou uma carta nessa quarta-feira (29), para falar do movimento \u201cOlimpismo e Corona\u201d. Mandat\u00e1rio da entidade comentou sobre os desafios de se enfrentar a epidemia da doen\u00e7a e que todas as \u00e1reas do esporte ser\u00e3o significativamente afetadas. Ainda relembrou o adiamento dos jogos de T\u00f3quio para [&hellip;]<\/p>\n","protected":false},"author":96,"featured_media":159334,"comment_status":"closed","ping_status":"closed","sticky":false,"template":"","format":"standard","meta":{"footnotes":""},"categories":[436,257,439],"tags":[],"class_list":["post-159333","post","type-post","status-publish","format-standard","has-post-thumbnail","hentry","category-destaque-da-semana","category-esporte","category-ultima-hora"],"_links":{"self":[{"href":"https:\/\/diarioregionaldigital.com.br\/index.php?rest_route=\/wp\/v2\/posts\/159333","targetHints":{"allow":["GET"]}}],"collection":[{"href":"https:\/\/diarioregionaldigital.com.br\/index.php?rest_route=\/wp\/v2\/posts"}],"about":[{"href":"https:\/\/diarioregionaldigital.com.br\/index.php?rest_route=\/wp\/v2\/types\/post"}],"author":[{"embeddable":true,"href":"https:\/\/diarioregionaldigital.com.br\/index.php?rest_route=\/wp\/v2\/users\/96"}],"replies":[{"embeddable":true,"href":"https:\/\/diarioregionaldigital.com.br\/index.php?rest_route=%2Fwp%2Fv2%2Fcomments&post=159333"}],"version-history":[{"count":0,"href":"https:\/\/diarioregionaldigital.com.br\/index.php?rest_route=\/wp\/v2\/posts\/159333\/revisions"}],"wp:featuredmedia":[{"embeddable":true,"href":"https:\/\/diarioregionaldigital.com.br\/index.php?rest_route=\/wp\/v2\/media\/159334"}],"wp:attachment":[{"href":"https:\/\/diarioregionaldigital.com.br\/index.php?rest_route=%2Fwp%2Fv2%2Fmedia&parent=159333"}],"wp:term":[{"taxonomy":"category","embeddable":true,"href":"https:\/\/diarioregionaldigital.com.br\/index.php?rest_route=%2Fwp%2Fv2%2Fcategories&post=159333"},{"taxonomy":"post_tag","embeddable":true,"href":"https:\/\/diarioregionaldigital.com.br\/index.php?rest_route=%2Fwp%2Fv2%2Ftags&post=159333"}],"curies":[{"name":"wp","href":"https:\/\/api.w.org\/{rel}","templated":true}]}}