{"id":159330,"date":"2020-04-29T17:49:15","date_gmt":"2020-04-29T20:49:15","guid":{"rendered":"https:\/\/diarioregionaldigital.com.br\/?p=159330"},"modified":"2020-04-29T17:49:15","modified_gmt":"2020-04-29T20:49:15","slug":"brasil-perde-gerson-victalino-atleta-que-mais-vestiu-a-camisa-da-selecao-de-basquete","status":"publish","type":"post","link":"https:\/\/diarioregionaldigital.com.br\/?p=159330","title":{"rendered":"Brasil perde Gerson Victalino, atleta que mais vestiu a camisa da sele\u00e7\u00e3o de basquete"},"content":{"rendered":"<p>O basquete brasileiro perdeu um gigante nessa quarta-feira (29). Gerson Victalino, jogador que mais vezes vestiu a camisa da Sele\u00e7\u00e3o Brasileira, faleceu na madrugada, aos 60 anos, em Minas Gerais, v\u00edtima de Esclerose lateral amiotr\u00f3fica (ELA), doen\u00e7a contra a qual o ex-piv\u00f4 lutava h\u00e1 anos.<\/p>\n<p>Gerson iniciou no basquete aos 18 anos, mas primeiro se destacou no futebol por conta de sua altura. Fez sua estreia como profissional em 1979, pelo Gin\u00e1stico, em Minas Gerais. Em 1981, atuou pela primeira vez na Sele\u00e7\u00e3o Brasileira, no Sul-Americano, sob comando de Claudio Mortari, anotando sete pontos na vit\u00f3ria sobre o Chile por 100 x 43, em Montevid\u00e9u, e se consolidou como o atleta que mais vezes vestiu a camisa do Brasil. A despedida foi nos Jogos Ol\u00edmpicos de 1992, no jogo que decidiu o quinto lugar para o pa\u00eds diante da Austr\u00e1lia, com 14 pontos. Entre Olimp\u00edadas, Mundiais, Copas Am\u00e9ricas, Sul-Americanos e Jogos Pan-Americanos, G\u00e9rson fez 93 partidas em torneios FIBA pela Sele\u00e7\u00e3o Brasileira.<\/p>\n<p>O ex-atleta defendeu Monte L\u00edbano, Corinthians, Len\u00e7\u00f3is Paulista, Jales, Manresa-ESP, Sport-PE e Remo, onde se aposentou em 2002. Pelo Brasil, Gerson esteve em quadra no t\u00edtulo do inesquec\u00edvel Pan de Indianap\u00f3lis 1987, diante dos Estados Unidos. A gera\u00e7\u00e3o de ouro de 1987, nos EUA, reuniu, al\u00e9m de Gerson, outros \u00edcones da modalidade, como Oscar, Marcel, Cadum, Rolando, Guerrinha, Pipoka, Paulinho Villas Boas e Israel. Um time inesquec\u00edvel comandado pelo t\u00e9cnico Ary Vidal, que protagonizou, com a vit\u00f3ria por 120 x 115, a primeira derrota da hist\u00f3ria da sele\u00e7\u00e3o norte-americana de basquete em casa. Um dos piv\u00f4s do time, Gerson anotou 12 pontos naquela ocasi\u00e3o. Gerson jogou tr\u00eas Olimp\u00edadas, em Los Angeles 1984, Seul 1988 e Barcelon 1992. Vestiu a camisa do Brasil de 1981 a 1994.<\/p>\n<p>O secret\u00e1rio Especial do Esporte do Minist\u00e9rio da Cidadania, Marcelo Magalh\u00e3es, emitiu uma nota de pesar em fun\u00e7\u00e3o da morte do atleta: &#8220;A Secretaria Especial do Esporte do Minist\u00e9rio da Cidadania recebeu com enorme tristeza a not\u00edcia da morte de Gerson e lamenta a perda de um de nossos grandes atletas. Registramos nosso agradecimento por tudo o que Gerson fez pelo esporte brasileiro e pelo exemplo que deixou de amor ao basquete. Registramos aqui tamb\u00e9m nossa solidariedade com familiares, amigos e f\u00e3s&#8221;.<\/p>\n<p>&nbsp;<\/p>\n<p><strong>Fonte:\u00a0<\/strong>Assessoria<\/p>\n","protected":false},"excerpt":{"rendered":"<p>O basquete brasileiro perdeu um gigante nessa quarta-feira (29). Gerson Victalino, jogador que mais vezes vestiu a camisa da Sele\u00e7\u00e3o Brasileira, faleceu na madrugada, aos 60 anos, em Minas Gerais, v\u00edtima de Esclerose lateral amiotr\u00f3fica (ELA), doen\u00e7a contra a qual o ex-piv\u00f4 lutava h\u00e1 anos. Gerson iniciou no basquete aos 18 anos, mas primeiro se [&hellip;]<\/p>\n","protected":false},"author":96,"featured_media":159331,"comment_status":"closed","ping_status":"closed","sticky":false,"template":"","format":"standard","meta":{"footnotes":""},"categories":[436,257,439],"tags":[],"class_list":["post-159330","post","type-post","status-publish","format-standard","has-post-thumbnail","hentry","category-destaque-da-semana","category-esporte","category-ultima-hora"],"_links":{"self":[{"href":"https:\/\/diarioregionaldigital.com.br\/index.php?rest_route=\/wp\/v2\/posts\/159330","targetHints":{"allow":["GET"]}}],"collection":[{"href":"https:\/\/diarioregionaldigital.com.br\/index.php?rest_route=\/wp\/v2\/posts"}],"about":[{"href":"https:\/\/diarioregionaldigital.com.br\/index.php?rest_route=\/wp\/v2\/types\/post"}],"author":[{"embeddable":true,"href":"https:\/\/diarioregionaldigital.com.br\/index.php?rest_route=\/wp\/v2\/users\/96"}],"replies":[{"embeddable":true,"href":"https:\/\/diarioregionaldigital.com.br\/index.php?rest_route=%2Fwp%2Fv2%2Fcomments&post=159330"}],"version-history":[{"count":0,"href":"https:\/\/diarioregionaldigital.com.br\/index.php?rest_route=\/wp\/v2\/posts\/159330\/revisions"}],"wp:featuredmedia":[{"embeddable":true,"href":"https:\/\/diarioregionaldigital.com.br\/index.php?rest_route=\/wp\/v2\/media\/159331"}],"wp:attachment":[{"href":"https:\/\/diarioregionaldigital.com.br\/index.php?rest_route=%2Fwp%2Fv2%2Fmedia&parent=159330"}],"wp:term":[{"taxonomy":"category","embeddable":true,"href":"https:\/\/diarioregionaldigital.com.br\/index.php?rest_route=%2Fwp%2Fv2%2Fcategories&post=159330"},{"taxonomy":"post_tag","embeddable":true,"href":"https:\/\/diarioregionaldigital.com.br\/index.php?rest_route=%2Fwp%2Fv2%2Ftags&post=159330"}],"curies":[{"name":"wp","href":"https:\/\/api.w.org\/{rel}","templated":true}]}}