{"id":159284,"date":"2020-04-29T13:12:02","date_gmt":"2020-04-29T16:12:02","guid":{"rendered":"https:\/\/diarioregionaldigital.com.br\/?p=159284"},"modified":"2020-04-29T13:12:02","modified_gmt":"2020-04-29T16:12:02","slug":"coronavirus-ministro-da-saude-reconhece-agravamento-da-situacao","status":"publish","type":"post","link":"https:\/\/diarioregionaldigital.com.br\/?p=159284","title":{"rendered":"Coronav\u00edrus: ministro da Sa\u00fade reconhece agravamento da situa\u00e7\u00e3o"},"content":{"rendered":"<p>Em entrevista \u00e0 imprensa em Bras\u00edlia, o ministro da Sa\u00fade, Nelson Teich, afirmou que o aumento de casos do novo coronav\u00edrus constitui uma tend\u00eancia. Anteriormente, ele havia ponderado que seria preciso ver se os n\u00fameros expressam a atualiza\u00e7\u00e3o de casos anteriores ou se representavam um aumento de fato.<\/p>\n<p>\u201cA curva vem crescendo e h\u00e1 agravamento da situa\u00e7\u00e3o. Isso continua restrito aos lugares que est\u00e3o vivendo maiores dificuldades, como Manaus, Recife, Rio<span id=\"OBJ_PREFIX_DWT367_com_zimbra_date\" role=\"link\">\u00a0de Janeiro<\/span>\u00a0e S\u00e3o Paulo. Entendendo que Brasil tem que ser tratado de forma diferente, mas nesses lugares com um quadro de piora vamos continuar acompanhando para ver como vai ser a evolu\u00e7\u00e3o\u201d, declarou Nelson Teich.<\/p>\n<p>De acordo com o \u00faltimo\u00a0levantamento do Minist\u00e9rio da Sa\u00fade, o\u00a0Brasil chegou a 71.886 pessoas infectadas,\u00a05.017 \u00f3bitos e 32.544 pacientes recuperados que deixaram\u00a0de apresentar os sintomas da doen\u00e7a.\u00a0A letalidade subiu para 7%, o maior \u00edndice desde o in\u00edcio da pandemia no pa\u00eds.<\/p>\n<p>As cidades mais afetadas pela pandemia est\u00e3o vivendo j\u00e1 o colapso de seus sistemas de sa\u00fade.\u00a0Em Manaus, Fortaleza e Rio<span id=\"OBJ_PREFIX_DWT369_com_zimbra_date\" role=\"link\">\u00a0de Janeiro<\/span>\u00a0h\u00e1 filas de espera por leitos de unidade de tratamento intensivo (UTI). O cen\u00e1rio \u00e9 preocupante em outros locais, como a regi\u00e3o metropolitana do\u00a0Recife e Bel\u00e9m.<\/p>\n<p>Hoje (29), ter\u00e1 encontro com os governadores\u00a0das regi\u00f5es Sul e Nordeste. E\u00a0na\u00a0<span id=\"OBJ_PREFIX_DWT371_com_zimbra_date\" role=\"link\">quinta<\/span>, do Sudeste e do Centro-Oeste. Ele afirmou que o minist\u00e9rio est\u00e1 \u201ctrabalhando para dar apoio\u201d a locais mais afetados, como por meio da aquisi\u00e7\u00e3o de respiradores, equipamentos de prote\u00e7\u00e3o individual (EPI) e recursos humanos.<\/p>\n<p>\u201cA partir de amanh\u00e3 vamos distribuir 185 respiradores para estados e munic\u00edpios mais afetados. Vamos encaminhar novos kits de EPI para estados mais complicados e estamos contratando recursos humanos para refor\u00e7ar equipes de sa\u00fade. Al\u00e9m disso, testes laboratoriais, testes r\u00e1pidos, tudo isso est\u00e1 acontecendo simultaneamente\u201d, acrescentou o secret\u00e1rio executivo, Eduardo Pazuello.<\/p>\n<p>Pazuello n\u00e3o detalhou acerca de\u00a0n\u00fameros para al\u00e9m dos respiradores. Segundo o\u00a0Painel de Leitos e Insumos\u00a0do \u00f3rg\u00e3o, at\u00e9 o momento, foram repassados 20 respiradores. Embora n\u00e3o haja registro no painel de leitos locados, o governo anunciou que teria disponibilizado 540 leitos.\u00a0<span id=\"OBJ_PREFIX_DWT373_com_zimbra_date\" role=\"link\">Hoje<\/span>\u00a0foi divulgado edital para a contrata\u00e7\u00e3o de mais dois mil leitos. A abertura das propostas do preg\u00e3o ser\u00e1 na\u00a0<span id=\"OBJ_PREFIX_DWT374_com_zimbra_date\" role=\"link\">quinta<\/span>-feira(30). As selecionadas\u00a0<span id=\"OBJ_PREFIX_DWT375_com_zimbra_date\" role=\"link\">ter<\/span>\u00e3o de sete a 10 dias para montar os leitos, divididos em 200 kits de 10 cada um.<\/p>\n<p>De acordo com a plataforma do Minist\u00e9rio da Sa\u00fade, at\u00e9\u00a0<span id=\"OBJ_PREFIX_DWT376_com_zimbra_date\" role=\"link\">hoje<\/span>\u00a0haviam sido repassados 3,4 milh\u00f5es de testes r\u00e1pidos, 35,2 milh\u00f5es de toucas, 25,9 milh\u00f5es de m\u00e1scaras cir\u00fargicas, 2,2 milh\u00f5es de m\u00e1scaras N95 e 1,5 milh\u00f5es de aventais.<\/p>\n<p>\u201c\u00c9 uma situa\u00e7\u00e3o dif\u00edcil. A gente sabe como est\u00e1 dif\u00edcil obter recursos como respiradores. Este \u00e9 talvez o grande problema. \u00c9 um\u00a0problema mundial. A gente concorre com o mundo inteiro. Estamos buscando entender como est\u00e1 funcionando o Brasil. Essa centraliza\u00e7\u00e3o \u00e9 fundamental para que a distribui\u00e7\u00e3o seja baseada na necessidade mais imediata de cada cidade\u201d, comentou Nelson Teich.<\/p>\n<p>&nbsp;<\/p>\n<p><strong>Fonte:\u00a0<\/strong>Ag\u00eancia Brasil<\/p>\n","protected":false},"excerpt":{"rendered":"<p>Em entrevista \u00e0 imprensa em Bras\u00edlia, o ministro da Sa\u00fade, Nelson Teich, afirmou que o aumento de casos do novo coronav\u00edrus constitui uma tend\u00eancia. Anteriormente, ele havia ponderado que seria preciso ver se os n\u00fameros expressam a atualiza\u00e7\u00e3o de casos anteriores ou se representavam um aumento de fato. \u201cA curva vem crescendo e h\u00e1 agravamento [&hellip;]<\/p>\n","protected":false},"author":96,"featured_media":159285,"comment_status":"closed","ping_status":"closed","sticky":false,"template":"","format":"standard","meta":{"footnotes":""},"categories":[302,436,439],"tags":[],"class_list":["post-159284","post","type-post","status-publish","format-standard","has-post-thumbnail","hentry","category-brasil-mundo","category-destaque-da-semana","category-ultima-hora"],"_links":{"self":[{"href":"https:\/\/diarioregionaldigital.com.br\/index.php?rest_route=\/wp\/v2\/posts\/159284","targetHints":{"allow":["GET"]}}],"collection":[{"href":"https:\/\/diarioregionaldigital.com.br\/index.php?rest_route=\/wp\/v2\/posts"}],"about":[{"href":"https:\/\/diarioregionaldigital.com.br\/index.php?rest_route=\/wp\/v2\/types\/post"}],"author":[{"embeddable":true,"href":"https:\/\/diarioregionaldigital.com.br\/index.php?rest_route=\/wp\/v2\/users\/96"}],"replies":[{"embeddable":true,"href":"https:\/\/diarioregionaldigital.com.br\/index.php?rest_route=%2Fwp%2Fv2%2Fcomments&post=159284"}],"version-history":[{"count":0,"href":"https:\/\/diarioregionaldigital.com.br\/index.php?rest_route=\/wp\/v2\/posts\/159284\/revisions"}],"wp:featuredmedia":[{"embeddable":true,"href":"https:\/\/diarioregionaldigital.com.br\/index.php?rest_route=\/wp\/v2\/media\/159285"}],"wp:attachment":[{"href":"https:\/\/diarioregionaldigital.com.br\/index.php?rest_route=%2Fwp%2Fv2%2Fmedia&parent=159284"}],"wp:term":[{"taxonomy":"category","embeddable":true,"href":"https:\/\/diarioregionaldigital.com.br\/index.php?rest_route=%2Fwp%2Fv2%2Fcategories&post=159284"},{"taxonomy":"post_tag","embeddable":true,"href":"https:\/\/diarioregionaldigital.com.br\/index.php?rest_route=%2Fwp%2Fv2%2Ftags&post=159284"}],"curies":[{"name":"wp","href":"https:\/\/api.w.org\/{rel}","templated":true}]}}