{"id":159278,"date":"2020-04-29T13:02:25","date_gmt":"2020-04-29T16:02:25","guid":{"rendered":"https:\/\/diarioregionaldigital.com.br\/?p=159278"},"modified":"2020-04-29T13:02:25","modified_gmt":"2020-04-29T16:02:25","slug":"virus-vai-atingir-70-da-populacao-diz-bolsonaro","status":"publish","type":"post","link":"https:\/\/diarioregionaldigital.com.br\/?p=159278","title":{"rendered":"V\u00edrus vai atingir 70% da popula\u00e7\u00e3o, diz Bolsonaro"},"content":{"rendered":"<p>O presidente Jair Bolsonaro afirmou na noite dessa ter\u00e7a-feira (28) que o novo coronav\u00edrus deve atingir 70% da popula\u00e7\u00e3o, ao comentar sobre o dia em que o pa\u00eds registrou\u00a0recorde na notifica\u00e7\u00e3o de \u00f3bitos\u00a0pela doen\u00e7a em 24 horas, um total de 474.<\/p>\n<p>&#8220;O v\u00edrus vai atingir 70% da popula\u00e7\u00e3o, infelizmente \u00e9 uma realidade&#8221;, previu o presidente em entrevista concedida na portaria do Pal\u00e1cio do Alvorada, resid\u00eancia oficial, onde parou para cumprimentar apoiadores. Ao ser questionado pela imprensa sobre os n\u00fameros, o presidente disse &#8220;lamento, quer que eu fa\u00e7a o qu\u00ea? Eu sou Messias, mas n\u00e3o fa\u00e7o milagre, ningu\u00e9m nunca negou que n\u00e3o vai haver mortes&#8221;, acrescentou.<\/p>\n<p>Segundo atualiza\u00e7\u00e3o do Minist\u00e9rio da Sa\u00fade divulgada mais cedo, o total subiu de mortos pela covid-19 subiu para 5.017, aumento de 10,4%. O acr\u00e9scimo mais alto at\u00e9 ent\u00e3o havia sido na \u00faltima quinta-feira (23), quando foram contabilizados 407. O Brasil chegou a 71.886 pessoas infectadas. Nas \u00faltimas 24 horas foram adicionadas \u00e0s estat\u00edsticas mais 5.385 casos, aumento de 8,1% em rela\u00e7\u00e3o a ontem, quando foram registradas 66.501 pessoas nessa condi\u00e7\u00e3o. Foi o segundo maior n\u00famero em um dia, perdendo apenas para o s\u00e1bado (25), quando foram acrescidos 5.514 novos casos ao balan\u00e7o.<\/p>\n<p>Bolsonaro ainda comentou sobre os efeitos da pandemia nos empregos com carteira assinada. &#8220;A gente n\u00e3o sabe os n\u00fameros, J\u00e1 est\u00e1 na casa de milh\u00f5es de empregos formais&#8221;, disse.<\/p>\n<p>&nbsp;<\/p>\n<p><strong>Fonte:\u00a0<\/strong>Ag\u00eancia Brasil<\/p>\n","protected":false},"excerpt":{"rendered":"<p>O presidente Jair Bolsonaro afirmou na noite dessa ter\u00e7a-feira (28) que o novo coronav\u00edrus deve atingir 70% da popula\u00e7\u00e3o, ao comentar sobre o dia em que o pa\u00eds registrou\u00a0recorde na notifica\u00e7\u00e3o de \u00f3bitos\u00a0pela doen\u00e7a em 24 horas, um total de 474. &#8220;O v\u00edrus vai atingir 70% da popula\u00e7\u00e3o, infelizmente \u00e9 uma realidade&#8221;, previu o presidente [&hellip;]<\/p>\n","protected":false},"author":96,"featured_media":159279,"comment_status":"closed","ping_status":"closed","sticky":false,"template":"","format":"standard","meta":{"footnotes":""},"categories":[302,436,440,439],"tags":[],"class_list":["post-159278","post","type-post","status-publish","format-standard","has-post-thumbnail","hentry","category-brasil-mundo","category-destaque-da-semana","category-destaques-do-dia","category-ultima-hora"],"_links":{"self":[{"href":"https:\/\/diarioregionaldigital.com.br\/index.php?rest_route=\/wp\/v2\/posts\/159278","targetHints":{"allow":["GET"]}}],"collection":[{"href":"https:\/\/diarioregionaldigital.com.br\/index.php?rest_route=\/wp\/v2\/posts"}],"about":[{"href":"https:\/\/diarioregionaldigital.com.br\/index.php?rest_route=\/wp\/v2\/types\/post"}],"author":[{"embeddable":true,"href":"https:\/\/diarioregionaldigital.com.br\/index.php?rest_route=\/wp\/v2\/users\/96"}],"replies":[{"embeddable":true,"href":"https:\/\/diarioregionaldigital.com.br\/index.php?rest_route=%2Fwp%2Fv2%2Fcomments&post=159278"}],"version-history":[{"count":0,"href":"https:\/\/diarioregionaldigital.com.br\/index.php?rest_route=\/wp\/v2\/posts\/159278\/revisions"}],"wp:featuredmedia":[{"embeddable":true,"href":"https:\/\/diarioregionaldigital.com.br\/index.php?rest_route=\/wp\/v2\/media\/159279"}],"wp:attachment":[{"href":"https:\/\/diarioregionaldigital.com.br\/index.php?rest_route=%2Fwp%2Fv2%2Fmedia&parent=159278"}],"wp:term":[{"taxonomy":"category","embeddable":true,"href":"https:\/\/diarioregionaldigital.com.br\/index.php?rest_route=%2Fwp%2Fv2%2Fcategories&post=159278"},{"taxonomy":"post_tag","embeddable":true,"href":"https:\/\/diarioregionaldigital.com.br\/index.php?rest_route=%2Fwp%2Fv2%2Ftags&post=159278"}],"curies":[{"name":"wp","href":"https:\/\/api.w.org\/{rel}","templated":true}]}}