{"id":159275,"date":"2020-04-29T10:53:58","date_gmt":"2020-04-29T13:53:58","guid":{"rendered":"https:\/\/diarioregionaldigital.com.br\/?p=159275"},"modified":"2020-04-29T10:53:58","modified_gmt":"2020-04-29T13:53:58","slug":"prf-recupera-sexto-carro-furtado-no-mes-de-abril","status":"publish","type":"post","link":"https:\/\/diarioregionaldigital.com.br\/?p=159275","title":{"rendered":"PRF recupera sexto carro furtado no m\u00eas de abril"},"content":{"rendered":"<p><span style=\"font-weight: 400;\">A Pol\u00edcia Rodovi\u00e1ria Federal (PRF), interceptou na noite dessa ter\u00e7a-feira (28), um ve\u00edculo branco, com placas de Rio de Janeiro-RJ, durante uma fiscaliza\u00e7\u00e3o no Km 766 da BR-040. O autom\u00f3vel era ocupado por um empres\u00e1rio de 49 anos e por um jovem de 29, ambos residentes no Rio de Janeiro-RJ.<\/span><\/p>\n<p><span style=\"font-weight: 400;\">Como de praxe, os policiais pediram apresenta\u00e7\u00e3o de documentos do condutor e tamb\u00e9m do ve\u00edculo. Ap\u00f3s realizar consulta no sistema, foi constatado que o mesmo tinha declara\u00e7\u00e3o de furto no dia 7 desse m\u00eas, em Mag\u00e9-RJ. Logo em seguida, os agentes ligaram para a v\u00edtima do furto e a mesma informou que o ve\u00edculo estava estacionado na rua pr\u00f3ximo a sua resid\u00eancia, no dia em que o mesmo foi furtado pelos infratores.<\/span><\/p>\n<p><span style=\"font-weight: 400;\">Ao ser questionado pelos policiais, o condutor declarou que a v\u00edtima \u00e9 sua ex-namorada e que o mesmo <\/span><span style=\"font-weight: 400;\">pegou o carro emprestado com o propriet\u00e1rio de uma empresa e repassou \u00e0 denunciante.\u00a0<\/span><\/p>\n<p><span style=\"font-weight: 400;\">No entanto, a ex-namorada disse que n\u00e3o iria devolver o ve\u00edculo, ent\u00e3o o infrator pegou a chave reserva com o dono da ag\u00eancia e, sem avisar \u00e0 declarante do furto, foi at\u00e9 o local onde o carro estava estacionado e o levou. Diante dos fatos, o condutor e o passageiro do ve\u00edculo foram encaminhados para a Delegacia da Pol\u00edcia Civil (PCMG) em Juiz de Fora, onde ser\u00e3o tomadas devidas provid\u00eancias.<\/span><\/p>\n<p>&nbsp;<\/p>\n","protected":false},"excerpt":{"rendered":"<p>A Pol\u00edcia Rodovi\u00e1ria Federal (PRF), interceptou na noite dessa ter\u00e7a-feira (28), um ve\u00edculo branco, com placas de Rio de Janeiro-RJ, durante uma fiscaliza\u00e7\u00e3o no Km 766 da BR-040. O autom\u00f3vel era ocupado por um empres\u00e1rio de 49 anos e por um jovem de 29, ambos residentes no Rio de Janeiro-RJ. Como de praxe, os policiais [&hellip;]<\/p>\n","protected":false},"author":96,"featured_media":159276,"comment_status":"closed","ping_status":"closed","sticky":false,"template":"","format":"standard","meta":{"footnotes":""},"categories":[301,436,440,439],"tags":[],"class_list":["post-159275","post","type-post","status-publish","format-standard","has-post-thumbnail","hentry","category-artigos-policiais","category-destaque-da-semana","category-destaques-do-dia","category-ultima-hora"],"_links":{"self":[{"href":"https:\/\/diarioregionaldigital.com.br\/index.php?rest_route=\/wp\/v2\/posts\/159275","targetHints":{"allow":["GET"]}}],"collection":[{"href":"https:\/\/diarioregionaldigital.com.br\/index.php?rest_route=\/wp\/v2\/posts"}],"about":[{"href":"https:\/\/diarioregionaldigital.com.br\/index.php?rest_route=\/wp\/v2\/types\/post"}],"author":[{"embeddable":true,"href":"https:\/\/diarioregionaldigital.com.br\/index.php?rest_route=\/wp\/v2\/users\/96"}],"replies":[{"embeddable":true,"href":"https:\/\/diarioregionaldigital.com.br\/index.php?rest_route=%2Fwp%2Fv2%2Fcomments&post=159275"}],"version-history":[{"count":0,"href":"https:\/\/diarioregionaldigital.com.br\/index.php?rest_route=\/wp\/v2\/posts\/159275\/revisions"}],"wp:featuredmedia":[{"embeddable":true,"href":"https:\/\/diarioregionaldigital.com.br\/index.php?rest_route=\/wp\/v2\/media\/159276"}],"wp:attachment":[{"href":"https:\/\/diarioregionaldigital.com.br\/index.php?rest_route=%2Fwp%2Fv2%2Fmedia&parent=159275"}],"wp:term":[{"taxonomy":"category","embeddable":true,"href":"https:\/\/diarioregionaldigital.com.br\/index.php?rest_route=%2Fwp%2Fv2%2Fcategories&post=159275"},{"taxonomy":"post_tag","embeddable":true,"href":"https:\/\/diarioregionaldigital.com.br\/index.php?rest_route=%2Fwp%2Fv2%2Ftags&post=159275"}],"curies":[{"name":"wp","href":"https:\/\/api.w.org\/{rel}","templated":true}]}}