{"id":159263,"date":"2020-04-29T06:00:20","date_gmt":"2020-04-29T09:00:20","guid":{"rendered":"https:\/\/diarioregionaldigital.com.br\/?p=159263"},"modified":"2020-04-29T00:46:01","modified_gmt":"2020-04-29T03:46:01","slug":"prefeitura-municipal-de-tocantins-processo-no044-29-04-2020","status":"publish","type":"post","link":"https:\/\/diarioregionaldigital.com.br\/?p=159263","title":{"rendered":"Prefeitura Municipal de Tocantins &#8211; Processo n\u00ba044 &#8211; 29\/04\/2020"},"content":{"rendered":"<p style=\"text-align: center;\"><strong>RATIFICA\u00c7\u00c3O DE DISPENSA DE LICITA\u00c7\u00c3O<\/strong><\/p>\n<p style=\"text-align: center;\"><strong>Processo n\u00b0044\/2020<\/strong><\/p>\n<p style=\"text-align: center;\"><strong>Dispensa N\u00b0015\/2020<\/strong><\/p>\n<p style=\"text-align: center;\">O Prefeito Municipal de TOCANTINS\/MG, no uso de suas atribui\u00e7\u00f5es legais, com fulcro art. 24, inciso IV da Lei n\u00b0 8.666\/93 e suas posteriores altera\u00e7\u00f5es, pelo presente ato,\u00a0<strong>RATIFICA A DISPENSA<\/strong>\u00a0de procedimento licitat\u00f3rio para a abertura de processo licitat\u00f3rio para, DISPENSA DE LICITA\u00c7\u00c3O PARA LOCA\u00c7\u00c3O E MONTAGEM DE 02 (DUAS) BARREIRAS SANIT\u00c1RIAS, CONTENDO 02 (DUAS) TENDAS, 02 (DOIS) BANHEIROS QU\u00cdMICOS, 20 (VINTE) GRADIS PARA FECHAMENTO , 02 (DUAS) TORRES COM FAIXA INFORMATIVA, 06 (SEIS) PESSOAS PARA EQUIPE DE APOIO NO PER\u00cdODO DIURNO E 02 (DOIS) VIGIAS NO PER\u00cdODO NOTURNO, ESSA SOLICITA\u00c7\u00c3O SE FAZ JUS, A DEVIDA A EXTREMA NECESSIDADE EMERGENCIAL E CALAMITOSA DE SA\u00daDE E QUE SE ENCONTRA O MUNIC\u00cdPIO DEVIDO AS A\u00c7\u00d5ES DE ENFRENTAMENTO, CONTINGENCIAMENTO E PREVEN\u00c7\u00c3O AO CONT\u00c1GIO DO NOVO CORONA V\u00cdRUS\u00a0 (COVID-19) tendo como contratada a empresa\u00a0<strong>PYRASOM LTDA \u2013 ME ,<\/strong>\u00a0CNPJ n\u00ba 05.531.797\/0001-77, no\u00a0<strong>valor de R$31.905,00 (trinta e um mil e novecentos e cinco reais)<\/strong>. Tocantins, 27 de abril de 2020.<\/p>\n<p style=\"text-align: center;\">_______________________________<\/p>\n<p style=\"text-align: center;\"><strong>IEDER WASHIGTON DE OLIVEIRA<\/strong><\/p>\n<p style=\"text-align: center;\"><strong>Prefeito Municipal<\/strong><\/p>\n","protected":false},"excerpt":{"rendered":"<p>RATIFICA\u00c7\u00c3O DE DISPENSA DE LICITA\u00c7\u00c3O Processo n\u00b0044\/2020 Dispensa N\u00b0015\/2020 O Prefeito Municipal de TOCANTINS\/MG, no uso de suas atribui\u00e7\u00f5es legais, com fulcro art. 24, inciso IV da Lei n\u00b0 8.666\/93 e suas posteriores altera\u00e7\u00f5es, pelo presente ato,\u00a0RATIFICA A DISPENSA\u00a0de procedimento licitat\u00f3rio para a abertura de processo licitat\u00f3rio para, DISPENSA DE LICITA\u00c7\u00c3O PARA LOCA\u00c7\u00c3O E MONTAGEM [&hellip;]<\/p>\n","protected":false},"author":96,"featured_media":0,"comment_status":"closed","ping_status":"closed","sticky":false,"template":"","format":"standard","meta":{"footnotes":""},"categories":[307],"tags":[],"class_list":["post-159263","post","type-post","status-publish","format-standard","hentry","category-editais"],"_links":{"self":[{"href":"https:\/\/diarioregionaldigital.com.br\/index.php?rest_route=\/wp\/v2\/posts\/159263","targetHints":{"allow":["GET"]}}],"collection":[{"href":"https:\/\/diarioregionaldigital.com.br\/index.php?rest_route=\/wp\/v2\/posts"}],"about":[{"href":"https:\/\/diarioregionaldigital.com.br\/index.php?rest_route=\/wp\/v2\/types\/post"}],"author":[{"embeddable":true,"href":"https:\/\/diarioregionaldigital.com.br\/index.php?rest_route=\/wp\/v2\/users\/96"}],"replies":[{"embeddable":true,"href":"https:\/\/diarioregionaldigital.com.br\/index.php?rest_route=%2Fwp%2Fv2%2Fcomments&post=159263"}],"version-history":[{"count":0,"href":"https:\/\/diarioregionaldigital.com.br\/index.php?rest_route=\/wp\/v2\/posts\/159263\/revisions"}],"wp:attachment":[{"href":"https:\/\/diarioregionaldigital.com.br\/index.php?rest_route=%2Fwp%2Fv2%2Fmedia&parent=159263"}],"wp:term":[{"taxonomy":"category","embeddable":true,"href":"https:\/\/diarioregionaldigital.com.br\/index.php?rest_route=%2Fwp%2Fv2%2Fcategories&post=159263"},{"taxonomy":"post_tag","embeddable":true,"href":"https:\/\/diarioregionaldigital.com.br\/index.php?rest_route=%2Fwp%2Fv2%2Ftags&post=159263"}],"curies":[{"name":"wp","href":"https:\/\/api.w.org\/{rel}","templated":true}]}}