{"id":159260,"date":"2020-04-29T06:00:35","date_gmt":"2020-04-29T09:00:35","guid":{"rendered":"https:\/\/diarioregionaldigital.com.br\/?p=159260"},"modified":"2020-04-29T00:43:03","modified_gmt":"2020-04-29T03:43:03","slug":"prefeitura-municipal-de-tocantins-processo-no-041-29-04-2020","status":"publish","type":"post","link":"https:\/\/diarioregionaldigital.com.br\/?p=159260","title":{"rendered":"Prefeitura Municipal de Tocantins &#8211; Processo n\u00ba 041 &#8211; 29\/04\/2020"},"content":{"rendered":"<p style=\"text-align: center;\"><strong>RATIFICA\u00c7\u00c3O DE DISPENSA DE LICITA\u00c7\u00c3O<\/strong><\/p>\n<p style=\"text-align: center;\"><strong>Processo n\u00b0041\/2020<\/strong><\/p>\n<p style=\"text-align: center;\"><strong>Dispensa N\u00b0012\/2020<\/strong><\/p>\n<p style=\"text-align: center;\">O Prefeito Municipal de TOCANTINS\/MG, no uso de suas atribui\u00e7\u00f5es legais, com fulcro art. 24, inciso IV da Lei n\u00b0 8.666\/93 e suas posteriores altera\u00e7\u00f5es, pelo presente ato,\u00a0<strong>RATIFICA A DISPENSA<\/strong>\u00a0de procedimento licitat\u00f3rio para a abertura de processo licitat\u00f3rio para AQUISI\u00c7\u00c3O DE MERENDA ESCOLAR, EM CAR\u00c1TER EXTRAORDIN\u00c1RIO, PARA SER DISTRIBU\u00cdDA PARA AS FAM\u00cdLIAS DOS ALUNOS MATRICULADOS NAS\u00a0ESCOLAS E CRECHES MUNICIPAIS DE TOCANTINS MG, DEVIDO A PANDEMIA COVID 19; VISTO QUE, A LEI N\u00ba 13987, DE 06 DE ABRIL DE 2020, ALTERA A LEI N\u00ba 11947 DE 16 DE JUNHO DE 2009, AUTORIZANDO, EM CAR\u00c1TER EXCEPCIONAL, A DISTRIBUI\u00c7\u00c3O DE G\u00caNEROS ALIMENT\u00cdCIOS PARA OS ALUNOS MATRICULADOS NAS ESCOLAS E CRECHES\u00a0MUNICIPAIS. tendo como contratada a empresa\u00a0<strong>COELHO\u00a0 E SILVA COM\u00c9RCIO E SERVI\u00c7OS LTDA,<\/strong>\u00a0CNPJ n\u00ba 10.282.328\/0001-00, no\u00a0<strong>valor de R$55.740,00 (Cinquenta e cinco mil setecentos e quarenta reais)<\/strong>. Tocantins, 24 de abril de 2020.<\/p>\n<p style=\"text-align: center;\">_______________________________<\/p>\n<p style=\"text-align: center;\"><strong>IEDER WASHIGTON DE OLIVEIRA<\/strong><\/p>\n<p style=\"text-align: center;\"><strong>Prefeito Municipal<\/strong><\/p>\n","protected":false},"excerpt":{"rendered":"<p>RATIFICA\u00c7\u00c3O DE DISPENSA DE LICITA\u00c7\u00c3O Processo n\u00b0041\/2020 Dispensa N\u00b0012\/2020 O Prefeito Municipal de TOCANTINS\/MG, no uso de suas atribui\u00e7\u00f5es legais, com fulcro art. 24, inciso IV da Lei n\u00b0 8.666\/93 e suas posteriores altera\u00e7\u00f5es, pelo presente ato,\u00a0RATIFICA A DISPENSA\u00a0de procedimento licitat\u00f3rio para a abertura de processo licitat\u00f3rio para AQUISI\u00c7\u00c3O DE MERENDA ESCOLAR, EM CAR\u00c1TER EXTRAORDIN\u00c1RIO, [&hellip;]<\/p>\n","protected":false},"author":96,"featured_media":0,"comment_status":"closed","ping_status":"closed","sticky":false,"template":"","format":"standard","meta":{"footnotes":""},"categories":[307],"tags":[],"class_list":["post-159260","post","type-post","status-publish","format-standard","hentry","category-editais"],"_links":{"self":[{"href":"https:\/\/diarioregionaldigital.com.br\/index.php?rest_route=\/wp\/v2\/posts\/159260","targetHints":{"allow":["GET"]}}],"collection":[{"href":"https:\/\/diarioregionaldigital.com.br\/index.php?rest_route=\/wp\/v2\/posts"}],"about":[{"href":"https:\/\/diarioregionaldigital.com.br\/index.php?rest_route=\/wp\/v2\/types\/post"}],"author":[{"embeddable":true,"href":"https:\/\/diarioregionaldigital.com.br\/index.php?rest_route=\/wp\/v2\/users\/96"}],"replies":[{"embeddable":true,"href":"https:\/\/diarioregionaldigital.com.br\/index.php?rest_route=%2Fwp%2Fv2%2Fcomments&post=159260"}],"version-history":[{"count":0,"href":"https:\/\/diarioregionaldigital.com.br\/index.php?rest_route=\/wp\/v2\/posts\/159260\/revisions"}],"wp:attachment":[{"href":"https:\/\/diarioregionaldigital.com.br\/index.php?rest_route=%2Fwp%2Fv2%2Fmedia&parent=159260"}],"wp:term":[{"taxonomy":"category","embeddable":true,"href":"https:\/\/diarioregionaldigital.com.br\/index.php?rest_route=%2Fwp%2Fv2%2Fcategories&post=159260"},{"taxonomy":"post_tag","embeddable":true,"href":"https:\/\/diarioregionaldigital.com.br\/index.php?rest_route=%2Fwp%2Fv2%2Ftags&post=159260"}],"curies":[{"name":"wp","href":"https:\/\/api.w.org\/{rel}","templated":true}]}}