{"id":159258,"date":"2020-04-29T06:00:21","date_gmt":"2020-04-29T09:00:21","guid":{"rendered":"https:\/\/diarioregionaldigital.com.br\/?p=159258"},"modified":"2020-04-29T00:41:18","modified_gmt":"2020-04-29T03:41:18","slug":"prefeitura-municipal-de-tocantins-processo-no038-29-04-2020","status":"publish","type":"post","link":"https:\/\/diarioregionaldigital.com.br\/?p=159258","title":{"rendered":"Prefeitura Municipal de Tocantins &#8211; Processo n\u00ba038 &#8211; 29\/04\/2020"},"content":{"rendered":"<p style=\"text-align: center;\"><strong>RATIFICA\u00c7\u00c3O DE DISPENSA DE LICITA\u00c7\u00c3O<\/strong><\/p>\n<p style=\"text-align: center;\"><strong>Processo n\u00b0038\/2020<\/strong><\/p>\n<p style=\"text-align: center;\"><strong>Dispensa N\u00b0009\/2020<\/strong><\/p>\n<p style=\"text-align: center;\">O Prefeito Municipal de TOCANTINS\/MG, no uso de suas atribui\u00e7\u00f5es legais, com fulcro art. 24, inciso IV da Lei n\u00b0 8.666\/93 e suas posteriores altera\u00e7\u00f5es, pelo presente ato,\u00a0<strong>RATIFICA A DISPENSA<\/strong>\u00a0de procedimento licitat\u00f3rio para a abertura de processo licitat\u00f3rio para contrata\u00e7\u00e3o dos\u00a0<strong>servi\u00e7os de coleta, transporte, tratamento, tratamento t\u00e9rmico e\/ou res\u00edduos de servi\u00e7os de sa\u00fade pertencentes ao grupo A, B, e E, provenientes de suas opera\u00e7\u00f5es produtivas, classificadas de acordo com as Resolu\u00e7\u00f5es 358\/05 do CONAMA e RDC ANVISA 304\/04<\/strong>, o que se d\u00e1 pelo prazo de 120 (cento e vinte) dias, amparada na necessidade de atendimento de situa\u00e7\u00e3o emergencial de sa\u00fade p\u00fablica para preven\u00e7\u00e3o ao cont\u00e1gio do COVID-19 (Novo Corona v\u00edrus), tendo como contratada a empresa\u00a0<strong>COLEFAR LTDA-ME,<\/strong>\u00a0CNPJ n\u00ba 04.962.103\/0001-93, no\u00a0<strong>valor de R$6.930,00 (seis mil, novecentos e trinta reais)<\/strong>. Tocantins, 13 de abril de 2020.<\/p>\n<p style=\"text-align: center;\">_______________________________<\/p>\n<p style=\"text-align: center;\"><strong>IEDER WASHIGTON DE OLIVEIRA<\/strong><\/p>\n<p style=\"text-align: center;\"><strong>Prefeito Municipal<\/strong><\/p>\n","protected":false},"excerpt":{"rendered":"<p>RATIFICA\u00c7\u00c3O DE DISPENSA DE LICITA\u00c7\u00c3O Processo n\u00b0038\/2020 Dispensa N\u00b0009\/2020 O Prefeito Municipal de TOCANTINS\/MG, no uso de suas atribui\u00e7\u00f5es legais, com fulcro art. 24, inciso IV da Lei n\u00b0 8.666\/93 e suas posteriores altera\u00e7\u00f5es, pelo presente ato,\u00a0RATIFICA A DISPENSA\u00a0de procedimento licitat\u00f3rio para a abertura de processo licitat\u00f3rio para contrata\u00e7\u00e3o dos\u00a0servi\u00e7os de coleta, transporte, tratamento, tratamento [&hellip;]<\/p>\n","protected":false},"author":96,"featured_media":0,"comment_status":"closed","ping_status":"closed","sticky":false,"template":"","format":"standard","meta":{"footnotes":""},"categories":[307],"tags":[],"class_list":["post-159258","post","type-post","status-publish","format-standard","hentry","category-editais"],"_links":{"self":[{"href":"https:\/\/diarioregionaldigital.com.br\/index.php?rest_route=\/wp\/v2\/posts\/159258","targetHints":{"allow":["GET"]}}],"collection":[{"href":"https:\/\/diarioregionaldigital.com.br\/index.php?rest_route=\/wp\/v2\/posts"}],"about":[{"href":"https:\/\/diarioregionaldigital.com.br\/index.php?rest_route=\/wp\/v2\/types\/post"}],"author":[{"embeddable":true,"href":"https:\/\/diarioregionaldigital.com.br\/index.php?rest_route=\/wp\/v2\/users\/96"}],"replies":[{"embeddable":true,"href":"https:\/\/diarioregionaldigital.com.br\/index.php?rest_route=%2Fwp%2Fv2%2Fcomments&post=159258"}],"version-history":[{"count":0,"href":"https:\/\/diarioregionaldigital.com.br\/index.php?rest_route=\/wp\/v2\/posts\/159258\/revisions"}],"wp:attachment":[{"href":"https:\/\/diarioregionaldigital.com.br\/index.php?rest_route=%2Fwp%2Fv2%2Fmedia&parent=159258"}],"wp:term":[{"taxonomy":"category","embeddable":true,"href":"https:\/\/diarioregionaldigital.com.br\/index.php?rest_route=%2Fwp%2Fv2%2Fcategories&post=159258"},{"taxonomy":"post_tag","embeddable":true,"href":"https:\/\/diarioregionaldigital.com.br\/index.php?rest_route=%2Fwp%2Fv2%2Ftags&post=159258"}],"curies":[{"name":"wp","href":"https:\/\/api.w.org\/{rel}","templated":true}]}}