{"id":159254,"date":"2020-04-29T06:00:51","date_gmt":"2020-04-29T09:00:51","guid":{"rendered":"https:\/\/diarioregionaldigital.com.br\/?p=159254"},"modified":"2020-04-29T00:46:57","modified_gmt":"2020-04-29T03:46:57","slug":"prefeitura-municipal-de-tocantins-processo-no037-29-04-2020","status":"publish","type":"post","link":"https:\/\/diarioregionaldigital.com.br\/?p=159254","title":{"rendered":"Prefeitura Municipal de Tocantins &#8211; Processo n\u00ba037 &#8211; 29\/04\/2020"},"content":{"rendered":"<p style=\"text-align: center;\"><strong>RATIFICA\u00c7\u00c3O DE DISPENSA DE LICITA\u00c7\u00c3O<\/strong><\/p>\n<p style=\"text-align: center;\"><strong>Processo n\u00b0037\/2020<\/strong><\/p>\n<p style=\"text-align: center;\"><strong>Dispensa N\u00b0008\/2020<\/strong><\/p>\n<p style=\"text-align: center;\">O Prefeito Municipal de TOCANTINS\/MG, no uso de suas atribui\u00e7\u00f5es legais, com fulcro art. 24, inciso IV da Lei n\u00b0 8.666\/93 e suas posteriores altera\u00e7\u00f5es, pelo presente ato,\u00a0<strong>RATIFICA A DISPENSA<\/strong>\u00a0de procedimento licitat\u00f3rio para a abertura de processo licitat\u00f3rio para aquisi\u00e7\u00e3o de MASCARAS DESCART\u00c1VEL COM EL\u00c1STICO TRIPLA SENDO 7.000 (SETE MIL) UNIDADES COM INTUITO DESTA SOLICITA\u00c7\u00c3O SE FAZ PARA O USO DOS PROFISSIONAIS DA SA\u00daDE E FUNCION\u00c1RIOS DA PREFEITURA DEVIDO AO MOTIVO DA SITUA\u00c7\u00c3O EMERGENCIAL E CALAMITOSA DE SA\u00daDE P\u00daBLICA EM QUE SE ENCONTRA O MUNIC\u00cdCIPIO COMO MEDIDAS DE PREVEN\u00c7\u00c3O E COMBATE AO CONT\u00c1GIO PELO NOVO CORONA V\u00cdRUS (COVID-19).\u00a0 Tendo como contratada a empresa\u00a0<strong>LANA E FERREIRA LTDA,<\/strong>\u00a0CNPJ n\u00ba11.078.685\/0001-05, no\u00a0<strong>valor de R$7.000,00 (Sete mil reais)<\/strong>. Tocantins, 13 de abril de 2020.<\/p>\n<p style=\"text-align: center;\">_____________________________<\/p>\n<p style=\"text-align: center;\"><strong>IEDER WASHIGTON DE OLIVEIRA<\/strong><\/p>\n<p style=\"text-align: center;\"><strong>Prefeito Municipal<\/strong><\/p>\n","protected":false},"excerpt":{"rendered":"<p>RATIFICA\u00c7\u00c3O DE DISPENSA DE LICITA\u00c7\u00c3O Processo n\u00b0037\/2020 Dispensa N\u00b0008\/2020 O Prefeito Municipal de TOCANTINS\/MG, no uso de suas atribui\u00e7\u00f5es legais, com fulcro art. 24, inciso IV da Lei n\u00b0 8.666\/93 e suas posteriores altera\u00e7\u00f5es, pelo presente ato,\u00a0RATIFICA A DISPENSA\u00a0de procedimento licitat\u00f3rio para a abertura de processo licitat\u00f3rio para aquisi\u00e7\u00e3o de MASCARAS DESCART\u00c1VEL COM EL\u00c1STICO TRIPLA [&hellip;]<\/p>\n","protected":false},"author":96,"featured_media":0,"comment_status":"closed","ping_status":"closed","sticky":false,"template":"","format":"standard","meta":{"footnotes":""},"categories":[307],"tags":[],"class_list":["post-159254","post","type-post","status-publish","format-standard","hentry","category-editais"],"_links":{"self":[{"href":"https:\/\/diarioregionaldigital.com.br\/index.php?rest_route=\/wp\/v2\/posts\/159254","targetHints":{"allow":["GET"]}}],"collection":[{"href":"https:\/\/diarioregionaldigital.com.br\/index.php?rest_route=\/wp\/v2\/posts"}],"about":[{"href":"https:\/\/diarioregionaldigital.com.br\/index.php?rest_route=\/wp\/v2\/types\/post"}],"author":[{"embeddable":true,"href":"https:\/\/diarioregionaldigital.com.br\/index.php?rest_route=\/wp\/v2\/users\/96"}],"replies":[{"embeddable":true,"href":"https:\/\/diarioregionaldigital.com.br\/index.php?rest_route=%2Fwp%2Fv2%2Fcomments&post=159254"}],"version-history":[{"count":0,"href":"https:\/\/diarioregionaldigital.com.br\/index.php?rest_route=\/wp\/v2\/posts\/159254\/revisions"}],"wp:attachment":[{"href":"https:\/\/diarioregionaldigital.com.br\/index.php?rest_route=%2Fwp%2Fv2%2Fmedia&parent=159254"}],"wp:term":[{"taxonomy":"category","embeddable":true,"href":"https:\/\/diarioregionaldigital.com.br\/index.php?rest_route=%2Fwp%2Fv2%2Fcategories&post=159254"},{"taxonomy":"post_tag","embeddable":true,"href":"https:\/\/diarioregionaldigital.com.br\/index.php?rest_route=%2Fwp%2Fv2%2Ftags&post=159254"}],"curies":[{"name":"wp","href":"https:\/\/api.w.org\/{rel}","templated":true}]}}