{"id":159252,"date":"2020-04-29T06:00:37","date_gmt":"2020-04-29T09:00:37","guid":{"rendered":"https:\/\/diarioregionaldigital.com.br\/?p=159252"},"modified":"2020-04-29T00:31:05","modified_gmt":"2020-04-29T03:31:05","slug":"prefeitura-municipal-descoberto-extrato-29-04-2020","status":"publish","type":"post","link":"https:\/\/diarioregionaldigital.com.br\/?p=159252","title":{"rendered":"Prefeitura Municipal Descoberto &#8211; Extrato &#8211; 29\/04\/2020"},"content":{"rendered":"<p style=\"text-align: center;\"><strong>EXTRATO DE CONTRATO<\/strong><\/p>\n<p style=\"text-align: center;\">Pref. Municipal de Descoberto x AS Assessoria e Consultoria Eireli-ME &#8211; Objeto: Presta\u00e7\u00e3o de servi\u00e7os especializados, assessoria e consultoria e auditoria tribut\u00e1ria junto ao Departamento de Tributos do munic\u00edpio de Descoberto &#8211; Fundamento: Dispensa 002\/2020 \u2013 Valor Global: 3.000,00 \u2013 Vig\u00eancia: 22\/04\/20 a 31\/12\/20\u2013 Dot or\u00e7: 02.02002.04.122.0002.218-339035\/100- \u00a0Ass: 22\/04\/2020- Foro: S\u00e3o Jo\u00e3o Nepomuceno\/MG.<\/p>\n<p style=\"text-align: center;\"><strong>Marcos de Ara\u00fajo Lima<\/strong><\/p>\n<p style=\"text-align: center;\"><strong>\u00a0Prefeito Municipal<\/strong><\/p>\n","protected":false},"excerpt":{"rendered":"<p>EXTRATO DE CONTRATO Pref. Municipal de Descoberto x AS Assessoria e Consultoria Eireli-ME &#8211; Objeto: Presta\u00e7\u00e3o de servi\u00e7os especializados, assessoria e consultoria e auditoria tribut\u00e1ria junto ao Departamento de Tributos do munic\u00edpio de Descoberto &#8211; Fundamento: Dispensa 002\/2020 \u2013 Valor Global: 3.000,00 \u2013 Vig\u00eancia: 22\/04\/20 a 31\/12\/20\u2013 Dot or\u00e7: 02.02002.04.122.0002.218-339035\/100- \u00a0Ass: 22\/04\/2020- Foro: S\u00e3o Jo\u00e3o [&hellip;]<\/p>\n","protected":false},"author":96,"featured_media":0,"comment_status":"closed","ping_status":"closed","sticky":false,"template":"","format":"standard","meta":{"footnotes":""},"categories":[307],"tags":[],"class_list":["post-159252","post","type-post","status-publish","format-standard","hentry","category-editais"],"_links":{"self":[{"href":"https:\/\/diarioregionaldigital.com.br\/index.php?rest_route=\/wp\/v2\/posts\/159252","targetHints":{"allow":["GET"]}}],"collection":[{"href":"https:\/\/diarioregionaldigital.com.br\/index.php?rest_route=\/wp\/v2\/posts"}],"about":[{"href":"https:\/\/diarioregionaldigital.com.br\/index.php?rest_route=\/wp\/v2\/types\/post"}],"author":[{"embeddable":true,"href":"https:\/\/diarioregionaldigital.com.br\/index.php?rest_route=\/wp\/v2\/users\/96"}],"replies":[{"embeddable":true,"href":"https:\/\/diarioregionaldigital.com.br\/index.php?rest_route=%2Fwp%2Fv2%2Fcomments&post=159252"}],"version-history":[{"count":0,"href":"https:\/\/diarioregionaldigital.com.br\/index.php?rest_route=\/wp\/v2\/posts\/159252\/revisions"}],"wp:attachment":[{"href":"https:\/\/diarioregionaldigital.com.br\/index.php?rest_route=%2Fwp%2Fv2%2Fmedia&parent=159252"}],"wp:term":[{"taxonomy":"category","embeddable":true,"href":"https:\/\/diarioregionaldigital.com.br\/index.php?rest_route=%2Fwp%2Fv2%2Fcategories&post=159252"},{"taxonomy":"post_tag","embeddable":true,"href":"https:\/\/diarioregionaldigital.com.br\/index.php?rest_route=%2Fwp%2Fv2%2Ftags&post=159252"}],"curies":[{"name":"wp","href":"https:\/\/api.w.org\/{rel}","templated":true}]}}