{"id":159250,"date":"2020-04-29T06:00:40","date_gmt":"2020-04-29T09:00:40","guid":{"rendered":"https:\/\/diarioregionaldigital.com.br\/?p=159250"},"modified":"2020-04-29T00:53:37","modified_gmt":"2020-04-29T03:53:37","slug":"fashion-4","status":"publish","type":"post","link":"https:\/\/diarioregionaldigital.com.br\/?p=159250","title":{"rendered":"Fashion"},"content":{"rendered":"<p style=\"text-align: center;\"><strong>P\u00f3s-Pandemia<\/strong><\/p>\n<p style=\"text-align: center;\">Em meio \u00e0s d\u00favidas provocadas pela maior crise sanit\u00e1ria e econ\u00f4mica atravessada pelo planeta desde o inicio de s\u00e9culo passado, surge uma certeza: a vis\u00e3o substancialmente. Especialistas concordam que, a partir de agora o mundo poder\u00e1 ter solu\u00e7\u00f5es para suas mazelas sociais, politicas de redu\u00e7\u00e3o da desigualdade de renda e principalmente da sa\u00fade p\u00fablica.<\/p>\n<p style=\"text-align: center;\"><strong>Fashion<\/strong><\/p>\n<p style=\"text-align: center;\">Para elas: A bolsa de matelass\u00ea preta com al\u00e7a de correntes \u00e9 uma pe\u00e7a pr\u00e1tica a que vai com tudo. Para usar durante o dia, prefira combinar com roupas claras para n\u00e3o pesar. Para eles: mochilas transadas com couro leg\u00edtimo.<\/p>\n<p style=\"text-align: center;\"><strong>Recado<\/strong><\/p>\n<p style=\"text-align: center;\">Solicitando ajuda, a Funda\u00e7\u00e3o Ricardo Moyses J\u00fanior que sempre distribuiu mensalmente mais de cem cestas b\u00e1sicas para as fam\u00edlias de seus assistidos, est\u00e1 necessitando de doa\u00e7\u00f5es de g\u00eaneros aliment\u00edcios e de limpeza.<\/p>\n<p style=\"text-align: center;\"><strong>Solidariedade<\/strong><\/p>\n<p style=\"text-align: center;\">Solidarios e humanos Sonia Beatriz de Oliveira (presidente), Fernando Luiz Baldioti (comunica\u00e7\u00e3o), Christlina Baldioti (tesoureira) da Liga das Escolas de Samba de Juiz de Fora est\u00e3o em campanha para arrecadar alimentos, m\u00e1scaras e materiais de higiene para doar. Para entregar: Rua S\u00e3o Sebasti\u00e3o, 352, de 9h as 12h. At\u00e9 dia 30 de abril.<\/p>\n<p style=\"text-align: center;\"><strong>De Leve<\/strong><\/p>\n<p style=\"text-align: center;\">Digno de elogios gerais o Programa Gente em Primeiro Lugar e a Pra\u00e7a CEU que lan\u00e7aram a mostra \u201cA gente dan\u00e7a junto\u201d, com belos v\u00eddeos com coreografias realizadas em ambiente familiar.<\/p>\n<p style=\"text-align: center;\"><span style=\"font-size: 14pt;\"><strong>Para Refletir <\/strong><\/span><\/p>\n<p style=\"text-align: center;\">\u201cA enfermidade nos tira do lugar comum da\u00ed porque carecemos de recolhimento \u00edntimo de sil\u00eancio interior para uma auto an\u00e1lise serena respeito do que temos feito da vida e para onde pretendemos chegar\u201d. (livro O m\u00e9dico Jesus).<\/p>\n<div id=\"attachment_159241\" style=\"width: 690px\" class=\"wp-caption aligncenter\"><img loading=\"lazy\" decoding=\"async\" aria-describedby=\"caption-attachment-159241\" class=\"wp-image-159241\" src=\"https:\/\/diarioregionaldigital.com.br\/wp-content\/uploads\/2020\/04\/fotoaa-2-e1588130180781.jpeg\" alt=\"\" width=\"680\" height=\"484\" srcset=\"https:\/\/diarioregionaldigital.com.br\/wp-content\/uploads\/2020\/04\/fotoaa-2-e1588130180781.jpeg 848w, https:\/\/diarioregionaldigital.com.br\/wp-content\/uploads\/2020\/04\/fotoaa-2-e1588130180781-300x214.jpeg 300w, https:\/\/diarioregionaldigital.com.br\/wp-content\/uploads\/2020\/04\/fotoaa-2-e1588130180781-768x547.jpeg 768w, https:\/\/diarioregionaldigital.com.br\/wp-content\/uploads\/2020\/04\/fotoaa-2-e1588130180781-360x256.jpeg 360w, https:\/\/diarioregionaldigital.com.br\/wp-content\/uploads\/2020\/04\/fotoaa-2-e1588130180781-100x70.jpeg 100w\" sizes=\"auto, (max-width: 680px) 100vw, 680px\" \/><p id=\"caption-attachment-159241\" class=\"wp-caption-text\">Em destaque a bonita jornalista Thalita Magnolo em fase de doutorado na UFJF<\/p><\/div>\n<div id=\"attachment_159240\" style=\"width: 690px\" class=\"wp-caption aligncenter\"><img loading=\"lazy\" decoding=\"async\" aria-describedby=\"caption-attachment-159240\" class=\"wp-image-159240\" src=\"https:\/\/diarioregionaldigital.com.br\/wp-content\/uploads\/2020\/04\/fotoa-16-e1588129798924.jpg\" alt=\"\" width=\"680\" height=\"484\" srcset=\"https:\/\/diarioregionaldigital.com.br\/wp-content\/uploads\/2020\/04\/fotoa-16-e1588129798924.jpg 1828w, https:\/\/diarioregionaldigital.com.br\/wp-content\/uploads\/2020\/04\/fotoa-16-e1588129798924-300x214.jpg 300w, https:\/\/diarioregionaldigital.com.br\/wp-content\/uploads\/2020\/04\/fotoa-16-e1588129798924-768x547.jpg 768w, https:\/\/diarioregionaldigital.com.br\/wp-content\/uploads\/2020\/04\/fotoa-16-e1588129798924-1024x729.jpg 1024w, https:\/\/diarioregionaldigital.com.br\/wp-content\/uploads\/2020\/04\/fotoa-16-e1588129798924-360x256.jpg 360w, https:\/\/diarioregionaldigital.com.br\/wp-content\/uploads\/2020\/04\/fotoa-16-e1588129798924-100x70.jpg 100w\" sizes=\"auto, (max-width: 680px) 100vw, 680px\" \/><p id=\"caption-attachment-159240\" class=\"wp-caption-text\">A eleg\u00e2ncia de Ingrid Og Duayer em isolamento social<\/p><\/div>\n<div id=\"attachment_159242\" style=\"width: 690px\" class=\"wp-caption aligncenter\"><img loading=\"lazy\" decoding=\"async\" aria-describedby=\"caption-attachment-159242\" class=\"wp-image-159242\" src=\"https:\/\/diarioregionaldigital.com.br\/wp-content\/uploads\/2020\/04\/fotob-16-e1588130259364.jpg\" alt=\"\" width=\"680\" height=\"570\" srcset=\"https:\/\/diarioregionaldigital.com.br\/wp-content\/uploads\/2020\/04\/fotob-16-e1588130259364.jpg 1265w, https:\/\/diarioregionaldigital.com.br\/wp-content\/uploads\/2020\/04\/fotob-16-e1588130259364-300x251.jpg 300w, https:\/\/diarioregionaldigital.com.br\/wp-content\/uploads\/2020\/04\/fotob-16-e1588130259364-768x644.jpg 768w, https:\/\/diarioregionaldigital.com.br\/wp-content\/uploads\/2020\/04\/fotob-16-e1588130259364-1024x858.jpg 1024w, https:\/\/diarioregionaldigital.com.br\/wp-content\/uploads\/2020\/04\/fotob-16-e1588130259364-360x302.jpg 360w\" sizes=\"auto, (max-width: 680px) 100vw, 680px\" \/><p id=\"caption-attachment-159242\" class=\"wp-caption-text\">Aniversariante de destaque do m\u00eas de abril, a diretora financeira do Sircom a bonita Fl\u00e1via Arag\u00e3o Platz<\/p><\/div>\n<div id=\"attachment_159247\" style=\"width: 690px\" class=\"wp-caption aligncenter\"><img loading=\"lazy\" decoding=\"async\" aria-describedby=\"caption-attachment-159247\" class=\"wp-image-159247\" src=\"https:\/\/diarioregionaldigital.com.br\/wp-content\/uploads\/2020\/04\/fotog-16-e1588130490461.jpg\" alt=\"\" width=\"680\" height=\"540\" srcset=\"https:\/\/diarioregionaldigital.com.br\/wp-content\/uploads\/2020\/04\/fotog-16-e1588130490461.jpg 1765w, https:\/\/diarioregionaldigital.com.br\/wp-content\/uploads\/2020\/04\/fotog-16-e1588130490461-300x238.jpg 300w, https:\/\/diarioregionaldigital.com.br\/wp-content\/uploads\/2020\/04\/fotog-16-e1588130490461-768x610.jpg 768w, https:\/\/diarioregionaldigital.com.br\/wp-content\/uploads\/2020\/04\/fotog-16-e1588130490461-1024x813.jpg 1024w, https:\/\/diarioregionaldigital.com.br\/wp-content\/uploads\/2020\/04\/fotog-16-e1588130490461-360x286.jpg 360w\" sizes=\"auto, (max-width: 680px) 100vw, 680px\" \/><p id=\"caption-attachment-159247\" class=\"wp-caption-text\">A bonita Rosy\u00ea Apolin\u00e1rio Santos, com o verde da esperan\u00e7a<\/p><\/div>\n<div id=\"attachment_159243\" style=\"width: 690px\" class=\"wp-caption aligncenter\"><img loading=\"lazy\" decoding=\"async\" aria-describedby=\"caption-attachment-159243\" class=\"wp-image-159243\" src=\"https:\/\/diarioregionaldigital.com.br\/wp-content\/uploads\/2020\/04\/fotoc-16-e1588130300957.jpg\" alt=\"\" width=\"680\" height=\"520\" srcset=\"https:\/\/diarioregionaldigital.com.br\/wp-content\/uploads\/2020\/04\/fotoc-16-e1588130300957.jpg 1453w, https:\/\/diarioregionaldigital.com.br\/wp-content\/uploads\/2020\/04\/fotoc-16-e1588130300957-300x229.jpg 300w, https:\/\/diarioregionaldigital.com.br\/wp-content\/uploads\/2020\/04\/fotoc-16-e1588130300957-768x587.jpg 768w, https:\/\/diarioregionaldigital.com.br\/wp-content\/uploads\/2020\/04\/fotoc-16-e1588130300957-1024x783.jpg 1024w, https:\/\/diarioregionaldigital.com.br\/wp-content\/uploads\/2020\/04\/fotoc-16-e1588130300957-360x275.jpg 360w\" sizes=\"auto, (max-width: 680px) 100vw, 680px\" \/><p id=\"caption-attachment-159243\" class=\"wp-caption-text\">Os elegantes M\u00e1rcio Marques e Rose Oliveira, com esperan\u00e7a de dias melhores s\u00e3o destaques hoje nesta p\u00e1gina<\/p><\/div>\n<div id=\"attachment_159244\" style=\"width: 690px\" class=\"wp-caption aligncenter\"><img loading=\"lazy\" decoding=\"async\" aria-describedby=\"caption-attachment-159244\" class=\"wp-image-159244\" src=\"https:\/\/diarioregionaldigital.com.br\/wp-content\/uploads\/2020\/04\/fotod-16.jpg\" alt=\"\" width=\"680\" height=\"456\" srcset=\"https:\/\/diarioregionaldigital.com.br\/wp-content\/uploads\/2020\/04\/fotod-16.jpg 2580w, https:\/\/diarioregionaldigital.com.br\/wp-content\/uploads\/2020\/04\/fotod-16-300x201.jpg 300w, https:\/\/diarioregionaldigital.com.br\/wp-content\/uploads\/2020\/04\/fotod-16-768x516.jpg 768w, https:\/\/diarioregionaldigital.com.br\/wp-content\/uploads\/2020\/04\/fotod-16-1024x687.jpg 1024w, https:\/\/diarioregionaldigital.com.br\/wp-content\/uploads\/2020\/04\/fotod-16-360x242.jpg 360w\" sizes=\"auto, (max-width: 680px) 100vw, 680px\" \/><p id=\"caption-attachment-159244\" class=\"wp-caption-text\">Fazendo sua parte no \u201cjuiz-forano\u201d com Orgulho, S\u00e9rgio F\u00e9lix e o deputado Charlles Evangelista<\/p><\/div>\n<div id=\"attachment_159246\" style=\"width: 690px\" class=\"wp-caption aligncenter\"><img loading=\"lazy\" decoding=\"async\" aria-describedby=\"caption-attachment-159246\" class=\"wp-image-159246\" src=\"https:\/\/diarioregionaldigital.com.br\/wp-content\/uploads\/2020\/04\/fotof-15-e1588130417198.jpg\" alt=\"\" width=\"680\" height=\"471\" srcset=\"https:\/\/diarioregionaldigital.com.br\/wp-content\/uploads\/2020\/04\/fotof-15-e1588130417198.jpg 1771w, https:\/\/diarioregionaldigital.com.br\/wp-content\/uploads\/2020\/04\/fotof-15-e1588130417198-300x208.jpg 300w, https:\/\/diarioregionaldigital.com.br\/wp-content\/uploads\/2020\/04\/fotof-15-e1588130417198-768x532.jpg 768w, https:\/\/diarioregionaldigital.com.br\/wp-content\/uploads\/2020\/04\/fotof-15-e1588130417198-1024x709.jpg 1024w, https:\/\/diarioregionaldigital.com.br\/wp-content\/uploads\/2020\/04\/fotof-15-e1588130417198-360x249.jpg 360w, https:\/\/diarioregionaldigital.com.br\/wp-content\/uploads\/2020\/04\/fotof-15-e1588130417198-100x70.jpg 100w\" sizes=\"auto, (max-width: 680px) 100vw, 680px\" \/><p id=\"caption-attachment-159246\" class=\"wp-caption-text\">Lindos e felizes no Trade Hotel, Luna Petermann e Carlos Eduardo Meneguiti<\/p><\/div>\n<div id=\"attachment_159248\" style=\"width: 690px\" class=\"wp-caption aligncenter\"><img loading=\"lazy\" decoding=\"async\" aria-describedby=\"caption-attachment-159248\" class=\"wp-image-159248\" src=\"https:\/\/diarioregionaldigital.com.br\/wp-content\/uploads\/2020\/04\/fotoh-16-e1588130532786.jpg\" alt=\"\" width=\"680\" height=\"545\" srcset=\"https:\/\/diarioregionaldigital.com.br\/wp-content\/uploads\/2020\/04\/fotoh-16-e1588130532786.jpg 1803w, https:\/\/diarioregionaldigital.com.br\/wp-content\/uploads\/2020\/04\/fotoh-16-e1588130532786-300x241.jpg 300w, https:\/\/diarioregionaldigital.com.br\/wp-content\/uploads\/2020\/04\/fotoh-16-e1588130532786-768x616.jpg 768w, https:\/\/diarioregionaldigital.com.br\/wp-content\/uploads\/2020\/04\/fotoh-16-e1588130532786-1024x821.jpg 1024w, https:\/\/diarioregionaldigital.com.br\/wp-content\/uploads\/2020\/04\/fotoh-16-e1588130532786-360x289.jpg 360w\" sizes=\"auto, (max-width: 680px) 100vw, 680px\" \/><p id=\"caption-attachment-159248\" class=\"wp-caption-text\">Pablo Mazzoni, revela e fotografa na loja Z\u00e9 Kodak, com sucesso<\/p><\/div>\n<div id=\"attachment_159245\" style=\"width: 690px\" class=\"wp-caption aligncenter\"><img loading=\"lazy\" decoding=\"async\" aria-describedby=\"caption-attachment-159245\" class=\"wp-image-159245\" src=\"https:\/\/diarioregionaldigital.com.br\/wp-content\/uploads\/2020\/04\/fotoe-16-e1588130355810.jpg\" alt=\"\" width=\"680\" height=\"500\" srcset=\"https:\/\/diarioregionaldigital.com.br\/wp-content\/uploads\/2020\/04\/fotoe-16-e1588130355810.jpg 2185w, https:\/\/diarioregionaldigital.com.br\/wp-content\/uploads\/2020\/04\/fotoe-16-e1588130355810-300x221.jpg 300w, https:\/\/diarioregionaldigital.com.br\/wp-content\/uploads\/2020\/04\/fotoe-16-e1588130355810-768x565.jpg 768w, https:\/\/diarioregionaldigital.com.br\/wp-content\/uploads\/2020\/04\/fotoe-16-e1588130355810-1024x754.jpg 1024w, https:\/\/diarioregionaldigital.com.br\/wp-content\/uploads\/2020\/04\/fotoe-16-e1588130355810-360x265.jpg 360w\" sizes=\"auto, (max-width: 680px) 100vw, 680px\" \/><p id=\"caption-attachment-159245\" class=\"wp-caption-text\">Na Feijoada CR no ano de 2019, o gar\u00e7om Jo\u00e3o servindo Eduardo Gomes, Bruna Paschoalino e Guilherme Stecca<\/p><\/div>\n<p style=\"text-align: center;\"><strong>FOTOSS\u00cdNTESE<\/strong><\/p>\n<p>Em contagem regressiva para a comemora\u00e7\u00e3o dos 32 anos de colunismo, vamos em breve publicar fotos lindas com leitores e amigos clicados na \u00faltima d\u00e9cada em eventos sociais chiques em Juiz de Fora. Aguardem.<\/p>\n<p>Dona cegonha aprontou de novo. Colocou na chamin\u00e9 de Amanda e Aur\u00e9lio Marangon J\u00fanior, a linda estrelinha L\u00facia. Comemorando muito os av\u00f3s corujas, Rose e Aur\u00e9lio Marangon sobrinho e Vera L\u00facia e Waldir Gava.<\/p>\n<p>Para curtir o isolamento social, o casal M\u00e1rcio Assis, junto com a mulher Carol Mascarenhas e o filho Henrique est\u00e3o curtindo fazer pizza fazendo a maior farra em fam\u00edlia.<\/p>\n<p>Toque sutil, Numa discuss\u00e3o n\u00e3o altere a voz tenha argumentos certeiros.<\/p>\n<p>O m\u00e9dico Washington Pimenta com sua acentuada compet\u00eancia est\u00e1 completando 25 anos de trabalhos na Ame. Parab\u00e9ns.<\/p>\n<p>Com talento e carisma, Arthur Abrah\u00e3o \u00e9 o novo Coordenador de Comunica\u00e7\u00e3o do Tupi.<\/p>\n<p>Est\u00e1 um sucesso as m\u00e1scaras de prote\u00e7\u00e3o dupla da Relembre Personalizados. O material respeita as recomenda\u00e7\u00f5es do Minist\u00e9rio da Sa\u00fade e s\u00e3o 100% algod\u00e3o dupla face. Pre\u00e7o: R$5 reais.<\/p>\n<p>Causou muita energia positiva no Facebook a cantoria dupla do cantor Tiago Iorc com o nutricionista Renato Nunes, A m\u00fasica Eu amei te ver cantada com amor e esperan\u00e7a. Show!!<\/p>\n<p>Esclarecendo: O preconceito \u00e9 algo ensinado. Ningu\u00e9m nasce odiando o pr\u00f3ximo pela cor, sexualidade, religi\u00e3o, idade ou etnia. Bom dia.<\/p>\n<p><img loading=\"lazy\" decoding=\"async\" class=\"aligncenter size-full wp-image-159249\" src=\"https:\/\/diarioregionaldigital.com.br\/wp-content\/uploads\/2020\/04\/anuncio97.jpg\" alt=\"\" width=\"3509\" height=\"1332\" srcset=\"https:\/\/diarioregionaldigital.com.br\/wp-content\/uploads\/2020\/04\/anuncio97.jpg 3509w, https:\/\/diarioregionaldigital.com.br\/wp-content\/uploads\/2020\/04\/anuncio97-300x114.jpg 300w, https:\/\/diarioregionaldigital.com.br\/wp-content\/uploads\/2020\/04\/anuncio97-768x292.jpg 768w, https:\/\/diarioregionaldigital.com.br\/wp-content\/uploads\/2020\/04\/anuncio97-1024x389.jpg 1024w, https:\/\/diarioregionaldigital.com.br\/wp-content\/uploads\/2020\/04\/anuncio97-360x137.jpg 360w\" sizes=\"auto, (max-width: 3509px) 100vw, 3509px\" \/><\/p>\n<p>&nbsp;<\/p>\n","protected":false},"excerpt":{"rendered":"<p>P\u00f3s-Pandemia Em meio \u00e0s d\u00favidas provocadas pela maior crise sanit\u00e1ria e econ\u00f4mica atravessada pelo planeta desde o inicio de s\u00e9culo passado, surge uma certeza: a vis\u00e3o substancialmente. Especialistas concordam que, a partir de agora o mundo poder\u00e1 ter solu\u00e7\u00f5es para suas mazelas sociais, politicas de redu\u00e7\u00e3o da desigualdade de renda e principalmente da sa\u00fade p\u00fablica. [&hellip;]<\/p>\n","protected":false},"author":96,"featured_media":159241,"comment_status":"closed","ping_status":"closed","sticky":false,"template":"","format":"standard","meta":{"footnotes":""},"categories":[264],"tags":[],"class_list":["post-159250","post","type-post","status-publish","format-standard","has-post-thumbnail","hentry","category-eduardo-gomes"],"_links":{"self":[{"href":"https:\/\/diarioregionaldigital.com.br\/index.php?rest_route=\/wp\/v2\/posts\/159250","targetHints":{"allow":["GET"]}}],"collection":[{"href":"https:\/\/diarioregionaldigital.com.br\/index.php?rest_route=\/wp\/v2\/posts"}],"about":[{"href":"https:\/\/diarioregionaldigital.com.br\/index.php?rest_route=\/wp\/v2\/types\/post"}],"author":[{"embeddable":true,"href":"https:\/\/diarioregionaldigital.com.br\/index.php?rest_route=\/wp\/v2\/users\/96"}],"replies":[{"embeddable":true,"href":"https:\/\/diarioregionaldigital.com.br\/index.php?rest_route=%2Fwp%2Fv2%2Fcomments&post=159250"}],"version-history":[{"count":0,"href":"https:\/\/diarioregionaldigital.com.br\/index.php?rest_route=\/wp\/v2\/posts\/159250\/revisions"}],"wp:featuredmedia":[{"embeddable":true,"href":"https:\/\/diarioregionaldigital.com.br\/index.php?rest_route=\/wp\/v2\/media\/159241"}],"wp:attachment":[{"href":"https:\/\/diarioregionaldigital.com.br\/index.php?rest_route=%2Fwp%2Fv2%2Fmedia&parent=159250"}],"wp:term":[{"taxonomy":"category","embeddable":true,"href":"https:\/\/diarioregionaldigital.com.br\/index.php?rest_route=%2Fwp%2Fv2%2Fcategories&post=159250"},{"taxonomy":"post_tag","embeddable":true,"href":"https:\/\/diarioregionaldigital.com.br\/index.php?rest_route=%2Fwp%2Fv2%2Ftags&post=159250"}],"curies":[{"name":"wp","href":"https:\/\/api.w.org\/{rel}","templated":true}]}}