{"id":159238,"date":"2020-04-28T18:27:35","date_gmt":"2020-04-28T21:27:35","guid":{"rendered":"https:\/\/diarioregionaldigital.com.br\/?p=159238"},"modified":"2020-04-28T18:27:35","modified_gmt":"2020-04-28T21:27:35","slug":"brasil-bate-novo-recorde-de-mortes-por-covid-19-em-um-dia","status":"publish","type":"post","link":"https:\/\/diarioregionaldigital.com.br\/?p=159238","title":{"rendered":"Brasil bate novo recorde de mortes por covid-19 em um dia"},"content":{"rendered":"<p>O Brasil bateu novo recorde de mortes em um dia em raz\u00e3o da pandemia do novo coronav\u00edrus, com 474. Segundo atualiza\u00e7\u00e3o do Minist\u00e9rio da Sa\u00fade divulgada nesta\u00a0<span id=\"OBJ_PREFIX_DWT279_com_zimbra_date\" role=\"link\"><span id=\"OBJ_PREFIX_DWT285_com_zimbra_date\" role=\"link\">ter<\/span><\/span>\u00e7a-feira (28), o total subiu para 5.017, aumento de 10,4%. O acr\u00e9scimo mais alto at\u00e9 ent\u00e3o havia sido na\u00a0<span id=\"OBJ_PREFIX_DWT280_com_zimbra_date\" role=\"link\"><span id=\"OBJ_PREFIX_DWT286_com_zimbra_date\" role=\"link\">quinta<\/span><\/span>-feira (23), quando foram contabilizados 407.<\/p>\n<p>O Brasil chegou a 71.886 pessoas infectadas. Nas \u00faltimas 24 horas foram adicionadas \u00e0s estat\u00edsticas mais 5.385 casos, aumento de 8,1% em rela\u00e7\u00e3o a\u00a0<span id=\"OBJ_PREFIX_DWT281_com_zimbra_date\" role=\"link\"><span id=\"OBJ_PREFIX_DWT287_com_zimbra_date\" role=\"link\">ontem<\/span><\/span>, quando foram registrados 66.501 mil pessoas nessa condi\u00e7\u00e3o. Foi o segundo maior n\u00famero em um dia, perdendo apenas para o\u00a0<span id=\"OBJ_PREFIX_DWT282_com_zimbra_date\" role=\"link\"><span id=\"OBJ_PREFIX_DWT288_com_zimbra_date\" role=\"link\">s\u00e1bado<\/span><\/span>\u00a0(25), quando foram acrescidos 5.514 novos casos ao balan\u00e7o.<\/p>\n<p>De acordo com o Minist\u00e9rio da Sa\u00fade, deste total, 34.325 est\u00e3o em acompanhamento (48%) e 32.544 j\u00e1 foram recuperados, deixando de apresentar os sintomas da doen\u00e7a. Ainda s\u00e3o investigados 1.156 mortes.<\/p>\n<p>S\u00e3o Paulo se mant\u00e9m como epicentro da pandemia no pa\u00eds, concentrando o maior n\u00famero de falecimentos (2.049). O estado \u00e9 seguido pelo Rio<span id=\"OBJ_PREFIX_DWT283_com_zimbra_date\" role=\"link\">\u00a0de Janeiro<\/span>\u00a0(738), Pernambuco (508), Cear\u00e1 (403) e Amazonas (351).<\/p>\n<p>Al\u00e9m disso, foram registradas mortes no Maranh\u00e3o (145), Par\u00e1 (129), Bahia (86), Paran\u00e1 (77), Minas Gerais (71), Esp\u00edrito Santo (64), Para\u00edba (53), Rio Grande do Norte (48), Rio Grande do Sul (45), Santa Catarina (44), Alagoas (36), Distrito Federal (28), Amap\u00e1 (28), Goi\u00e1s (27), Piau\u00ed (21), Acre (16), Sergipe (11), Mato Grosso (11), Rond\u00f4nia (11), Mato Grosso do Sul (nove), Roraima (seis) e Tocantins (dois).<\/p>\n<p><span id=\"OBJ_PREFIX_DWT284_com_zimbra_date\" role=\"link\"><span id=\"OBJ_PREFIX_DWT289_com_zimbra_date\" role=\"link\">Hoje<\/span><\/span>\u00a0a equipe do Minist\u00e9rio da Sa\u00fade n\u00e3o concede\u00a0a habitual entrevista coletiva na qual apresenta as an\u00e1lises dos dados e comenta as medidas adotadas para conter a propaga\u00e7\u00e3o\u00a0do novo coronav\u00edrus no pa\u00eds.<\/p>\n<p>&nbsp;<\/p>\n<p><strong>Fonte:\u00a0<\/strong>Ag\u00eancia Brasil<\/p>\n","protected":false},"excerpt":{"rendered":"<p>O Brasil bateu novo recorde de mortes em um dia em raz\u00e3o da pandemia do novo coronav\u00edrus, com 474. Segundo atualiza\u00e7\u00e3o do Minist\u00e9rio da Sa\u00fade divulgada nesta\u00a0ter\u00e7a-feira (28), o total subiu para 5.017, aumento de 10,4%. O acr\u00e9scimo mais alto at\u00e9 ent\u00e3o havia sido na\u00a0quinta-feira (23), quando foram contabilizados 407. O Brasil chegou a 71.886 [&hellip;]<\/p>\n","protected":false},"author":96,"featured_media":157960,"comment_status":"closed","ping_status":"closed","sticky":false,"template":"","format":"standard","meta":{"footnotes":""},"categories":[302,436,440,439],"tags":[],"class_list":["post-159238","post","type-post","status-publish","format-standard","has-post-thumbnail","hentry","category-brasil-mundo","category-destaque-da-semana","category-destaques-do-dia","category-ultima-hora"],"_links":{"self":[{"href":"https:\/\/diarioregionaldigital.com.br\/index.php?rest_route=\/wp\/v2\/posts\/159238","targetHints":{"allow":["GET"]}}],"collection":[{"href":"https:\/\/diarioregionaldigital.com.br\/index.php?rest_route=\/wp\/v2\/posts"}],"about":[{"href":"https:\/\/diarioregionaldigital.com.br\/index.php?rest_route=\/wp\/v2\/types\/post"}],"author":[{"embeddable":true,"href":"https:\/\/diarioregionaldigital.com.br\/index.php?rest_route=\/wp\/v2\/users\/96"}],"replies":[{"embeddable":true,"href":"https:\/\/diarioregionaldigital.com.br\/index.php?rest_route=%2Fwp%2Fv2%2Fcomments&post=159238"}],"version-history":[{"count":0,"href":"https:\/\/diarioregionaldigital.com.br\/index.php?rest_route=\/wp\/v2\/posts\/159238\/revisions"}],"wp:featuredmedia":[{"embeddable":true,"href":"https:\/\/diarioregionaldigital.com.br\/index.php?rest_route=\/wp\/v2\/media\/157960"}],"wp:attachment":[{"href":"https:\/\/diarioregionaldigital.com.br\/index.php?rest_route=%2Fwp%2Fv2%2Fmedia&parent=159238"}],"wp:term":[{"taxonomy":"category","embeddable":true,"href":"https:\/\/diarioregionaldigital.com.br\/index.php?rest_route=%2Fwp%2Fv2%2Fcategories&post=159238"},{"taxonomy":"post_tag","embeddable":true,"href":"https:\/\/diarioregionaldigital.com.br\/index.php?rest_route=%2Fwp%2Fv2%2Ftags&post=159238"}],"curies":[{"name":"wp","href":"https:\/\/api.w.org\/{rel}","templated":true}]}}