{"id":159236,"date":"2020-04-28T17:53:20","date_gmt":"2020-04-28T20:53:20","guid":{"rendered":"https:\/\/diarioregionaldigital.com.br\/?p=159236"},"modified":"2020-04-28T17:53:20","modified_gmt":"2020-04-28T20:53:20","slug":"em-24h-juiz-de-fora-tem-aumento-de-10-casos-de-coronavirus","status":"publish","type":"post","link":"https:\/\/diarioregionaldigital.com.br\/?p=159236","title":{"rendered":"Em 24h Juiz de Fora tem aumento de 10 casos de Coronav\u00edrus"},"content":{"rendered":"<p>A Secretaria de Sa\u00fade (SS) da Prefeitura de Juiz de Fora (PJF), informa que houve aumento de 10 casos de Coronav\u00edrus em 24h. Na compara\u00e7\u00e3o com o boletim divulgado ontem (27), os casos confirmados subiram de 129 para 139. Al\u00e9m disso, 1.920 casos s\u00e3o considerados suspeitos e at\u00e9 o momento foram confirmadas seis mortes.<\/p>\n","protected":false},"excerpt":{"rendered":"<p>A Secretaria de Sa\u00fade (SS) da Prefeitura de Juiz de Fora (PJF), informa que houve aumento de 10 casos de Coronav\u00edrus em 24h. Na compara\u00e7\u00e3o com o boletim divulgado ontem (27), os casos confirmados subiram de 129 para 139. Al\u00e9m disso, 1.920 casos s\u00e3o considerados suspeitos e at\u00e9 o momento foram confirmadas seis mortes.<\/p>\n","protected":false},"author":96,"featured_media":158566,"comment_status":"closed","ping_status":"closed","sticky":false,"template":"","format":"standard","meta":{"footnotes":""},"categories":[253,436,440,439],"tags":[],"class_list":["post-159236","post","type-post","status-publish","format-standard","has-post-thumbnail","hentry","category-cidade","category-destaque-da-semana","category-destaques-do-dia","category-ultima-hora"],"_links":{"self":[{"href":"https:\/\/diarioregionaldigital.com.br\/index.php?rest_route=\/wp\/v2\/posts\/159236","targetHints":{"allow":["GET"]}}],"collection":[{"href":"https:\/\/diarioregionaldigital.com.br\/index.php?rest_route=\/wp\/v2\/posts"}],"about":[{"href":"https:\/\/diarioregionaldigital.com.br\/index.php?rest_route=\/wp\/v2\/types\/post"}],"author":[{"embeddable":true,"href":"https:\/\/diarioregionaldigital.com.br\/index.php?rest_route=\/wp\/v2\/users\/96"}],"replies":[{"embeddable":true,"href":"https:\/\/diarioregionaldigital.com.br\/index.php?rest_route=%2Fwp%2Fv2%2Fcomments&post=159236"}],"version-history":[{"count":0,"href":"https:\/\/diarioregionaldigital.com.br\/index.php?rest_route=\/wp\/v2\/posts\/159236\/revisions"}],"wp:featuredmedia":[{"embeddable":true,"href":"https:\/\/diarioregionaldigital.com.br\/index.php?rest_route=\/wp\/v2\/media\/158566"}],"wp:attachment":[{"href":"https:\/\/diarioregionaldigital.com.br\/index.php?rest_route=%2Fwp%2Fv2%2Fmedia&parent=159236"}],"wp:term":[{"taxonomy":"category","embeddable":true,"href":"https:\/\/diarioregionaldigital.com.br\/index.php?rest_route=%2Fwp%2Fv2%2Fcategories&post=159236"},{"taxonomy":"post_tag","embeddable":true,"href":"https:\/\/diarioregionaldigital.com.br\/index.php?rest_route=%2Fwp%2Fv2%2Ftags&post=159236"}],"curies":[{"name":"wp","href":"https:\/\/api.w.org\/{rel}","templated":true}]}}