{"id":159233,"date":"2020-04-28T17:47:35","date_gmt":"2020-04-28T20:47:35","guid":{"rendered":"https:\/\/diarioregionaldigital.com.br\/?p=159233"},"modified":"2020-04-28T17:47:35","modified_gmt":"2020-04-28T20:47:35","slug":"homem-procurado-por-crime-de-homicidio-e-preso-em-uba","status":"publish","type":"post","link":"https:\/\/diarioregionaldigital.com.br\/?p=159233","title":{"rendered":"Homem procurado por crime de homic\u00eddio \u00e9 preso em Ub\u00e1"},"content":{"rendered":"<p>Um homem de 36 anos, foragido da Justi\u00e7a, foi preso pela Pol\u00edcia Civil de Minas Gerais (PCMG), nesta ter\u00e7a-feira (28) em Ub\u00e1, pelo crime de homic\u00eddio qualificado, ocorrido no ano de 2017. O suspeito tinha mandado de pris\u00e3o em seu favor.<\/p>\n<p><span style=\"font-weight: 400;\">Conforme informa\u00e7\u00f5es do Delegado Regional de Ub\u00e1, Di\u00eago Candian Alves, ap\u00f3s dilig\u00eancias, o foragido da Justi\u00e7a foi preso na Col\u00f4nia Padre Dami\u00e3o, no munic\u00edpio de Ub\u00e1. Ele foi conduzido at\u00e9 a unidade policial e encaminhado ao sistema prisional.<\/span><\/p>\n","protected":false},"excerpt":{"rendered":"<p>Um homem de 36 anos, foragido da Justi\u00e7a, foi preso pela Pol\u00edcia Civil de Minas Gerais (PCMG), nesta ter\u00e7a-feira (28) em Ub\u00e1, pelo crime de homic\u00eddio qualificado, ocorrido no ano de 2017. O suspeito tinha mandado de pris\u00e3o em seu favor. Conforme informa\u00e7\u00f5es do Delegado Regional de Ub\u00e1, Di\u00eago Candian Alves, ap\u00f3s dilig\u00eancias, o foragido [&hellip;]<\/p>\n","protected":false},"author":96,"featured_media":159234,"comment_status":"closed","ping_status":"closed","sticky":false,"template":"","format":"standard","meta":{"footnotes":""},"categories":[301,436,439],"tags":[],"class_list":["post-159233","post","type-post","status-publish","format-standard","has-post-thumbnail","hentry","category-artigos-policiais","category-destaque-da-semana","category-ultima-hora"],"_links":{"self":[{"href":"https:\/\/diarioregionaldigital.com.br\/index.php?rest_route=\/wp\/v2\/posts\/159233","targetHints":{"allow":["GET"]}}],"collection":[{"href":"https:\/\/diarioregionaldigital.com.br\/index.php?rest_route=\/wp\/v2\/posts"}],"about":[{"href":"https:\/\/diarioregionaldigital.com.br\/index.php?rest_route=\/wp\/v2\/types\/post"}],"author":[{"embeddable":true,"href":"https:\/\/diarioregionaldigital.com.br\/index.php?rest_route=\/wp\/v2\/users\/96"}],"replies":[{"embeddable":true,"href":"https:\/\/diarioregionaldigital.com.br\/index.php?rest_route=%2Fwp%2Fv2%2Fcomments&post=159233"}],"version-history":[{"count":0,"href":"https:\/\/diarioregionaldigital.com.br\/index.php?rest_route=\/wp\/v2\/posts\/159233\/revisions"}],"wp:featuredmedia":[{"embeddable":true,"href":"https:\/\/diarioregionaldigital.com.br\/index.php?rest_route=\/wp\/v2\/media\/159234"}],"wp:attachment":[{"href":"https:\/\/diarioregionaldigital.com.br\/index.php?rest_route=%2Fwp%2Fv2%2Fmedia&parent=159233"}],"wp:term":[{"taxonomy":"category","embeddable":true,"href":"https:\/\/diarioregionaldigital.com.br\/index.php?rest_route=%2Fwp%2Fv2%2Fcategories&post=159233"},{"taxonomy":"post_tag","embeddable":true,"href":"https:\/\/diarioregionaldigital.com.br\/index.php?rest_route=%2Fwp%2Fv2%2Ftags&post=159233"}],"curies":[{"name":"wp","href":"https:\/\/api.w.org\/{rel}","templated":true}]}}